{"id":7420,"date":"2013-06-14T07:22:00","date_gmt":"2013-06-14T07:22:00","guid":{"rendered":"https:\/\/www.oidossucios.com\/site\/2013\/06\/14\/richie-sambora-a-bon-jovi-contrata-a-the-edge\/"},"modified":"2013-06-14T07:22:00","modified_gmt":"2013-06-14T07:22:00","slug":"richie-sambora-a-bon-jovi-contrata-a-the-edge","status":"publish","type":"post","link":"https:\/\/www.oidossucios.com\/site\/richie-sambora-a-bon-jovi-contrata-a-the-edge\/","title":{"rendered":"Richie Sambora a Bon Jovi: &#8220;Contrata a The Edge&#8221;"},"content":{"rendered":"<p>Las rencillas p\u00fablicas entre&nbsp;Richie Sambora&nbsp;y&nbsp;Bon Jovi&nbsp;van a m\u00e1s. Ambos vuelven a ser noticia, despu\u00e9s de que el guitarrista, seg\u00fan publica la web&nbsp;<a target=\"_blank\" href=\"http:\/\/radaronline.com\/exclusives\/2013\/06\/jon-bon-jovi-feud-richie-sambora-the-edge\/\" rel=\"noopener noreferrer\">RadarOnline<\/a>, mandara un furioso correo electr\u00f3nico al cantante, sugiriendo que le sustituyera en la banda.&nbsp;&#8220;Contrata a The Edge&#8221;,&nbsp;dec\u00eda el e-mail.<\/p>\n<p>El cabreo del guitarrista fue provocado por un comentario de Jon Bon Jovi, asegurando que Richie era m\u00e1s f\u00e1cil de sustituir que The Edge: &#8220;La vida sigue, as\u00ed que si alguien elige no estar aqu\u00ed\u0085 No es como si fuera, Dios no lo quiera,&nbsp;The Edge,&nbsp;el que no pudiera estar en un cocierto de U2, [entonces] ser\u00eda muy dificil sustituirle&#8221;,&nbsp;<a target=\"_blank\" href=\"http:\/\/www.standard.co.uk\/showbiz\/celebrity-news\/youre-an-ahole-jon-bon-jovi-hits-out-at-justin-bieber-for-disrespecting-fans-at-the-o2-8623519.html\" rel=\"noopener noreferrer\">declar\u00f3 a un peri\u00f3dico ingl\u00e9s en una entrevista<\/a>.<\/p>\n<p>A principios de abril, el&nbsp;guitarrista abandon\u00f3 el actual tramo de gira&nbsp;en la que est\u00e1 inmersa la banda de Nueva Jersey, &#8220;por cuestiones personales&#8221;, seg\u00fan un comunicado publicado en la&nbsp;<a target=\"_blank\" href=\"http:\/\/www.bonjovi.com\/en\/news\/46984519868.0\/richie-sambora-will-not-be-performing-on-this-upcoming#.UVvzOxgobBg\" rel=\"noopener noreferrer\">p\u00e1gina web<\/a>&nbsp;del grupo. Desde entonces,&nbsp;Sambora es un tema recurrente en las entrevistas que hace el cantante:&nbsp;&#8220;Cada d\u00eda&nbsp;me resulta m\u00e1s dif\u00edcil sentarme aqu\u00ed sin decir nada:&nbsp;Lo \u00fanico que puedo decir es que es por cuestiones personales.&nbsp;Ha pasado por ello antes,&nbsp;y afortunadamente para nosotros el mismo tipo que cubri\u00f3 el hueco la \u00faltima vez estaba disponible&#8221;, declar\u00f3 Bon Jovi.<\/p>\n<p>Fuente: www.rollingstone.es<![endif]--><!--[if gte mso 10]> <\/style>\n\n <![endif]--><!--nextpage--><img decoding=\"async\" class=\"aligncenter size-medium wp-image-111116835\" src=\"https:\/\/www.oidossucios.com\/site\/wp-content\/uploads\/2020\/02\/6835.jpg\" alt=\"Richie Sambora a Bon Jovi: \"Contrata a The Edge\"\"  \/><a href='https:\/\/www.oidossucios.com\/site\/richie-sambora-a-bon-jovi-contrata-a-the-edge\/2\/'\n                        onclick='if (tpsInstance) { tpsInstance.setNext(); return false; }'\n                        rel='next'\n                        style=''\n                        class=''>Ver galer\u00eda<\/a>]]><\/p>\n","protected":false},"excerpt":{"rendered":"<p>Las rencillas p\u00fablicas entre&nbsp;Richie Sambora&nbsp;y&nbsp;Bon Jovi&nbsp;van a m\u00e1s. Ambos vuelven a ser noticia, despu\u00e9s de que el guitarrista, seg\u00fan publica la web&nbsp;RadarOnline, mandara un furioso correo electr\u00f3nico al cantante, sugiriendo que le sustituyera en la banda.&nbsp;&#8220;Contrata a The Edge&#8221;,&nbsp;dec\u00eda el e-mail. El cabreo del guitarrista fue provocado por un comentario de Jon Bon Jovi, asegurando [&hellip;]<\/p>\n","protected":false},"author":4,"featured_media":100007420,"comment_status":"open","ping_status":"open","sticky":false,"template":"","format":"standard","meta":{"_jetpack_memberships_contains_paid_content":false,"footnotes":""},"categories":[142],"tags":[],"class_list":["post-7420","post","type-post","status-publish","format-standard","has-post-thumbnail","hentry","category-buzznews"],"jetpack_featured_media_url":"https:\/\/www.oidossucios.com\/site\/wp-content\/uploads\/2013\/06\/7420.jpg","yoast_head":"<!-- This site is optimized with the Yoast SEO plugin v14.0.4 - https:\/\/yoast.com\/wordpress\/plugins\/seo\/ -->\n<title>Richie Sambora a Bon Jovi: &quot;Contrata a The Edge&quot; - OidosSucios.Com<\/title>\n<meta name=\"robots\" content=\"index, follow\" \/>\n<meta name=\"googlebot\" content=\"index, follow, max-snippet:-1, max-image-preview:large, max-video-preview:-1\" \/>\n<meta name=\"bingbot\" content=\"index, follow, max-snippet:-1, max-image-preview:large, max-video-preview:-1\" \/>\n<link rel=\"canonical\" href=\"https:\/\/www.oidossucios.com\/site\/richie-sambora-a-bon-jovi-contrata-a-the-edge\/\" \/>\n<link rel=\"next\" href=\"https:\/\/www.oidossucios.com\/site\/richie-sambora-a-bon-jovi-contrata-a-the-edge\/2\/\" \/>\n<meta property=\"og:locale\" content=\"es_ES\" \/>\n<meta property=\"og:type\" content=\"article\" \/>\n<meta property=\"og:title\" content=\"Richie Sambora a Bon Jovi: &quot;Contrata a The Edge&quot; - OidosSucios.Com\" \/>\n<meta property=\"og:description\" content=\"Las rencillas p\u00fablicas entre&nbsp;Richie Sambora&nbsp;y&nbsp;Bon Jovi&nbsp;van a m\u00e1s. Ambos vuelven a ser noticia, despu\u00e9s de que el guitarrista, seg\u00fan publica la web&nbsp;RadarOnline, mandara un furioso correo electr\u00f3nico al cantante, sugiriendo que le sustituyera en la banda.&nbsp;&#8220;Contrata a The Edge&#8221;,&nbsp;dec\u00eda el e-mail. El cabreo del guitarrista fue provocado por un comentario de Jon Bon Jovi, asegurando [&hellip;]\" \/>\n<meta property=\"og:url\" content=\"https:\/\/www.oidossucios.com\/site\/richie-sambora-a-bon-jovi-contrata-a-the-edge\/\" \/>\n<meta property=\"og:site_name\" content=\"OidosSucios.Com\" \/>\n<meta property=\"article:published_time\" content=\"2013-06-14T07:22:00+00:00\" \/>\n<meta property=\"og:image\" content=\"https:\/\/www.oidossucios.com\/site\/wp-content\/uploads\/2013\/06\/7420.jpg\" \/>\n\t<meta property=\"og:image:width\" content=\"350\" \/>\n\t<meta property=\"og:image:height\" content=\"300\" \/>\n<meta name=\"twitter:card\" content=\"summary_large_image\" \/>\n<meta name=\"twitter:creator\" content=\"@oidossucios\" \/>\n<script type=\"application\/ld+json\" class=\"yoast-schema-graph\">{\"@context\":\"https:\/\/schema.org\",\"@graph\":[{\"@type\":\"WebSite\",\"@id\":\"https:\/\/www.oidossucios.com\/site\/#website\",\"url\":\"https:\/\/www.oidossucios.com\/site\/\",\"name\":\"OidosSucios.Com\",\"description\":\"M\\u00fasica, conciertos, discos\",\"potentialAction\":[{\"@type\":\"SearchAction\",\"target\":\"https:\/\/www.oidossucios.com\/site\/?s={search_term_string}\",\"query-input\":\"required name=search_term_string\"}],\"inLanguage\":\"es\"},{\"@type\":\"ImageObject\",\"@id\":\"https:\/\/www.oidossucios.com\/site\/richie-sambora-a-bon-jovi-contrata-a-the-edge\/#primaryimage\",\"inLanguage\":\"es\",\"url\":\"https:\/\/www.oidossucios.com\/site\/wp-content\/uploads\/2013\/06\/7420.jpg\",\"width\":350,\"height\":300},{\"@type\":\"WebPage\",\"@id\":\"https:\/\/www.oidossucios.com\/site\/richie-sambora-a-bon-jovi-contrata-a-the-edge\/#webpage\",\"url\":\"https:\/\/www.oidossucios.com\/site\/richie-sambora-a-bon-jovi-contrata-a-the-edge\/\",\"name\":\"Richie Sambora a Bon Jovi: \\\"Contrata a The Edge\\\" - OidosSucios.Com\",\"isPartOf\":{\"@id\":\"https:\/\/www.oidossucios.com\/site\/#website\"},\"primaryImageOfPage\":{\"@id\":\"https:\/\/www.oidossucios.com\/site\/richie-sambora-a-bon-jovi-contrata-a-the-edge\/#primaryimage\"},\"datePublished\":\"2013-06-14T07:22:00+00:00\",\"dateModified\":\"2013-06-14T07:22:00+00:00\",\"author\":{\"@id\":\"https:\/\/www.oidossucios.com\/site\/#\/schema\/person\/24559eeb76bf83a63296fb072393a688\"},\"inLanguage\":\"es\",\"potentialAction\":[{\"@type\":\"ReadAction\",\"target\":[\"https:\/\/www.oidossucios.com\/site\/richie-sambora-a-bon-jovi-contrata-a-the-edge\/\"]}]},{\"@type\":[\"Person\"],\"@id\":\"https:\/\/www.oidossucios.com\/site\/#\/schema\/person\/24559eeb76bf83a63296fb072393a688\",\"name\":\"Oidossucios\",\"image\":{\"@type\":\"ImageObject\",\"@id\":\"https:\/\/www.oidossucios.com\/site\/#personlogo\",\"inLanguage\":\"es\",\"url\":\"https:\/\/secure.gravatar.com\/avatar\/74fcb480f42f1a33e50a0b6e6369a3f907be2e43dc84fa5f76c66e9c22b4a5ab?s=96&d=mm&r=g\",\"caption\":\"Oidossucios\"},\"sameAs\":[\"https:\/\/twitter.com\/oidossucios\"]}]}<\/script>\n<!-- \/ Yoast SEO plugin. -->","jetpack_sharing_enabled":true,"_links":{"self":[{"href":"https:\/\/www.oidossucios.com\/site\/wp-json\/wp\/v2\/posts\/7420","targetHints":{"allow":["GET"]}}],"collection":[{"href":"https:\/\/www.oidossucios.com\/site\/wp-json\/wp\/v2\/posts"}],"about":[{"href":"https:\/\/www.oidossucios.com\/site\/wp-json\/wp\/v2\/types\/post"}],"author":[{"embeddable":true,"href":"https:\/\/www.oidossucios.com\/site\/wp-json\/wp\/v2\/users\/4"}],"replies":[{"embeddable":true,"href":"https:\/\/www.oidossucios.com\/site\/wp-json\/wp\/v2\/comments?post=7420"}],"version-history":[{"count":0,"href":"https:\/\/www.oidossucios.com\/site\/wp-json\/wp\/v2\/posts\/7420\/revisions"}],"wp:featuredmedia":[{"embeddable":true,"href":"https:\/\/www.oidossucios.com\/site\/wp-json\/wp\/v2\/media\/100007420"}],"wp:attachment":[{"href":"https:\/\/www.oidossucios.com\/site\/wp-json\/wp\/v2\/media?parent=7420"}],"wp:term":[{"taxonomy":"category","embeddable":true,"href":"https:\/\/www.oidossucios.com\/site\/wp-json\/wp\/v2\/categories?post=7420"},{"taxonomy":"post_tag","embeddable":true,"href":"https:\/\/www.oidossucios.com\/site\/wp-json\/wp\/v2\/tags?post=7420"}],"curies":[{"name":"wp","href":"https:\/\/api.w.org\/{rel}","templated":true}]}}