{"id":7428,"date":"2013-06-17T18:37:00","date_gmt":"2013-06-17T18:37:00","guid":{"rendered":"https:\/\/www.oidossucios.com\/site\/2013\/06\/17\/la-dimension-desconocida-abrio-un-portal-en-el-sambil-y-trajo-a-charly-garcia-a-venezuela\/"},"modified":"2013-06-17T18:37:00","modified_gmt":"2013-06-17T18:37:00","slug":"la-dimension-desconocida-abrio-un-portal-en-el-sambil-y-trajo-a-charly-garcia-a-venezuela","status":"publish","type":"post","link":"https:\/\/www.oidossucios.com\/site\/la-dimension-desconocida-abrio-un-portal-en-el-sambil-y-trajo-a-charly-garcia-a-venezuela\/","title":{"rendered":"La &#8220;Dimensi\u00f3n desconocida&#8221; abri\u00f3 un portal en el Sambil y trajo a Charly Garc\u00eda a Venezuela"},"content":{"rendered":"<p>Por <\/p>\n<p><![endif]-->Fotos:&nbsp;Jhon Scarso \/&nbsp;<a target=\"_blank\" href=\"http:\/\/scarso.net\/\" rel=\"noopener noreferrer\"><b>SCARSO.NET<\/b><\/a><br \/>Rese\u00f1a:&nbsp;Carolina Daly \/&nbsp;<b><a href=\"http:\/\/twitter.com\/#!\/KalinaDaly\">@KalinaDaly<\/a><\/b><\/p>\n<p>La leyenda del rock latinoamericano, Charly Garc\u00eda, volvi\u00f3 a nuestras tierras despu\u00e9s de ocho a\u00f1os desde su \u00faltimo show en el pa\u00eds, con un repertorio que dio un paseo por su carrera musical.<\/p>\n<p>El 15 de junio fue la fecha acordada para la cita en el Anfiteatro del Sambil, el cual abri\u00f3 sus puertas luego de alg\u00fan tiempo sin eventos. La gira, que tuvo por nombre &#8220;La Dimensi\u00f3n Desconocida&#8221; cont\u00f3 con audiovisuales de alto impacto, un corto mostrado en el intervalo del concierto y una orquesta, llamada por el mismo Charly como &#8220;The Prostitution&#8221;.<\/p>\n<p>A las 8:30 comenz\u00f3 el evento que se vio afectado por lluvias pero no evit\u00f3 que se llenara de fan\u00e1ticos, quienes coreaban el nombre del artista, pidiendo su aparici\u00f3n en tarima.<\/p>\n<p>Todo inici\u00f3 con un video que simulaba la entrada a la dimensi\u00f3n desconocida. El p\u00fablico aplaudi\u00f3 y se escuch\u00f3 decir &#8220;Buenas noches Venezuela. Decid\u00ed dar un paseo por la Dimensi\u00f3n Desconocida&#8221;, de esa voz peculiar y caracter\u00edstica del famoso Charly Garc\u00eda.<\/p>\n<p>Un show elocuente e interactivo fue lo que ofreci\u00f3 el cantante a la audiencia, con la cual comparti\u00f3 historias y peque\u00f1as an\u00e9cdotas, y, a trav\u00e9s de frases claves, le permit\u00eda a su p\u00fablico adivinar su siguiente canci\u00f3n.<\/p>\n<p>Se seleccionaron 21 canciones a interpretar en escena, con un peque\u00f1o intervalo en el que se mostr\u00f3 un corto que fue de im\u00e1genes impactantes, y dej\u00f3 al p\u00fablico un poco at\u00f3nito.<\/p>\n<p>Entre esas canciones se encuentran: &#8220;El amor espera&#8221;, &#8220;Rock and roll y yo&#8221;, &#8220;Anhedonia&#8221;, &#8220;Marilyn&#8221; y &#8220;Me siento mucho mejor&#8221;.<\/p>\n<p>El artista destac\u00f3 su personalidad ya conocida con frases como &#8220;\u00bfla est\u00e1n pasando bien?&#8221;, a lo que el p\u00fablico respondi\u00f3 afirmativamente y el contin\u00fao con un &#8220;les creo.&#8221;<\/p>\n<p>Dedic\u00f3 canciones, bail\u00f3 en el escenario, aplaudi\u00f3 junto al p\u00fablico, destac\u00f3 sus habilidades como pianista y su peculiar voz, acompa\u00f1ado de la orquesta, crearon el ambiente que disfrutaron m\u00e1s de 2000 personas en la apertura del Anfiteatro del Sambil.<\/p>\n<p>Al acercarse el final del concierto, agradeci\u00f3 a su p\u00fablico y finaliz\u00f3 con Eiti Leda, baj\u00e1ndose del escenario y dejando a un p\u00fablico que ped\u00eda m\u00e1s del talento de Charly Garc\u00eda.<\/p>\n<p>Pero como nunca se debe dejar al p\u00fablico insatisfecho, Charly subi\u00f3 a la tarima nuevamente e interpret\u00f3 3 canciones m\u00e1s, se despidi\u00f3 de la audiencia y as\u00ed concluy\u00f3, alrededor de las 10pm, un show con buenas luces, un sonido impecable y, si alguno de esos aspectos no llegaba a la altura, la personalidad y m\u00fasica de Charly compensaba cualquier aspecto faltante.<\/p>\n<p>El evento estuvo organizado por Invershow y trajo nuevamente a la vida al Anfiteatro del Sambil. Esperemos no tener que esperar 8 a\u00f1os m\u00e1s para volver a ver al famoso Charly Garc\u00eda por nuestro pa\u00eds otra vez.<\/p>\n<p>Set list:<\/p>\n<p>1) Tango en segunda<br \/>2) El amor espera<br \/>3) Los dinosaurios<br \/>4) Rock &amp; roll y yo<br \/>5) Promesas sobre el bidet<br \/>6) Canci\u00f3n de 2&#215;3<br \/>7) Anhedonia<br \/>8) Demoliendo hoteles<br \/>9) Vicio<br \/>10) Im not in love<br \/>11) Instituciones<br \/>&#8211;&nbsp;&nbsp;&nbsp;&nbsp;&nbsp;&nbsp; Intervalo<br \/>12) Cerca de la revoluci\u00f3n<br \/>13) Popotitos<br \/>14) Marilyn<br \/>15) Ojos de videotape<br \/>16) Influencia<br \/>17) Pasajera en trance<br \/>18) Me siento mucho mejor<br \/>19) V\u00eda muerta<br \/>20) Piano Bar<br \/>21) Eiti Leda<br \/>22) 20 trajes verdes<br \/>23) Fanky<\/p>\n<p><!--[if gte mso 10]> <\/style>\n\n <![endif]--><!--nextpage--><img decoding=\"async\" class=\"aligncenter size-medium wp-image-111116836\" src=\"https:\/\/www.oidossucios.com\/site\/wp-content\/uploads\/2020\/02\/6836.jpg\" alt=\"La \"Dimensi\u00f3n desconocida\" abri\u00f3 un portal en el Sambil y trajo a Charly Garc\u00eda a Venezuela\"  \/><!--nextpage--><img decoding=\"async\" class=\"aligncenter size-medium wp-image-111116837\" src=\"https:\/\/www.oidossucios.com\/site\/wp-content\/uploads\/2020\/02\/6837.jpg\" alt=\"La \"Dimensi\u00f3n desconocida\" abri\u00f3 un portal en el Sambil y trajo a Charly Garc\u00eda a Venezuela\"  \/><!--nextpage--><img decoding=\"async\" class=\"aligncenter size-medium wp-image-111116838\" src=\"https:\/\/www.oidossucios.com\/site\/wp-content\/uploads\/2020\/02\/6838.jpg\" alt=\"La \"Dimensi\u00f3n desconocida\" abri\u00f3 un portal en el Sambil y trajo a Charly Garc\u00eda a Venezuela\"  \/><!--nextpage--><img decoding=\"async\" class=\"aligncenter size-medium wp-image-111116839\" src=\"https:\/\/www.oidossucios.com\/site\/wp-content\/uploads\/2020\/02\/6839.jpg\" alt=\"La \"Dimensi\u00f3n desconocida\" abri\u00f3 un portal en el Sambil y trajo a Charly Garc\u00eda a Venezuela\"  \/><!--nextpage--><img decoding=\"async\" class=\"aligncenter size-medium wp-image-111116840\" src=\"https:\/\/www.oidossucios.com\/site\/wp-content\/uploads\/2020\/02\/6840.jpg\" alt=\"La \"Dimensi\u00f3n desconocida\" abri\u00f3 un portal en el Sambil y trajo a Charly Garc\u00eda a Venezuela\"  \/><!--nextpage--><img decoding=\"async\" class=\"aligncenter size-medium wp-image-111116841\" src=\"https:\/\/www.oidossucios.com\/site\/wp-content\/uploads\/2020\/02\/6841.jpg\" alt=\"La \"Dimensi\u00f3n desconocida\" abri\u00f3 un portal en el Sambil y trajo a Charly Garc\u00eda a Venezuela\"  \/><!--nextpage--><img decoding=\"async\" class=\"aligncenter size-medium wp-image-111116842\" src=\"https:\/\/www.oidossucios.com\/site\/wp-content\/uploads\/2020\/02\/6842.jpg\" alt=\"La \"Dimensi\u00f3n desconocida\" abri\u00f3 un portal en el Sambil y trajo a Charly Garc\u00eda a Venezuela\"  \/><!--nextpage--><img decoding=\"async\" class=\"aligncenter size-medium wp-image-111116843\" src=\"https:\/\/www.oidossucios.com\/site\/wp-content\/uploads\/2020\/02\/6843.jpg\" alt=\"La \"Dimensi\u00f3n desconocida\" abri\u00f3 un portal en el Sambil y trajo a Charly Garc\u00eda a Venezuela\"  \/><!--nextpage--><img decoding=\"async\" class=\"aligncenter size-medium wp-image-111116844\" src=\"https:\/\/www.oidossucios.com\/site\/wp-content\/uploads\/2020\/02\/6844.jpg\" alt=\"La \"Dimensi\u00f3n desconocida\" abri\u00f3 un portal en el Sambil y trajo a Charly Garc\u00eda a Venezuela\"  \/><!--nextpage--><img decoding=\"async\" class=\"aligncenter size-medium wp-image-111116845\" src=\"https:\/\/www.oidossucios.com\/site\/wp-content\/uploads\/2020\/02\/6845.jpg\" alt=\"La \"Dimensi\u00f3n desconocida\" abri\u00f3 un portal en el Sambil y trajo a Charly Garc\u00eda a Venezuela\"  \/><!--nextpage--><img decoding=\"async\" class=\"aligncenter size-medium wp-image-111116846\" src=\"https:\/\/www.oidossucios.com\/site\/wp-content\/uploads\/2020\/02\/6846.jpg\" alt=\"La \"Dimensi\u00f3n desconocida\" abri\u00f3 un portal en el Sambil y trajo a Charly Garc\u00eda a Venezuela\"  \/><!--nextpage--><img decoding=\"async\" class=\"aligncenter size-medium wp-image-111116847\" src=\"https:\/\/www.oidossucios.com\/site\/wp-content\/uploads\/2020\/02\/6847.jpg\" alt=\"La \"Dimensi\u00f3n desconocida\" abri\u00f3 un portal en el Sambil y trajo a Charly Garc\u00eda a Venezuela\"  \/><!--nextpage--><img decoding=\"async\" class=\"aligncenter size-medium wp-image-111116848\" src=\"https:\/\/www.oidossucios.com\/site\/wp-content\/uploads\/2020\/02\/6848.jpg\" alt=\"La \"Dimensi\u00f3n desconocida\" abri\u00f3 un portal en el Sambil y trajo a Charly Garc\u00eda a Venezuela\"  \/><!--nextpage--><img decoding=\"async\" class=\"aligncenter size-medium wp-image-111116849\" src=\"https:\/\/www.oidossucios.com\/site\/wp-content\/uploads\/2020\/02\/6849.jpg\" alt=\"La \"Dimensi\u00f3n desconocida\" abri\u00f3 un portal en el Sambil y trajo a Charly Garc\u00eda a Venezuela\"  \/><!--nextpage--><img decoding=\"async\" class=\"aligncenter size-medium wp-image-111116850\" src=\"https:\/\/www.oidossucios.com\/site\/wp-content\/uploads\/2020\/02\/6850.jpg\" alt=\"La \"Dimensi\u00f3n desconocida\" abri\u00f3 un portal en el Sambil y trajo a Charly Garc\u00eda a Venezuela\"  \/><!--nextpage--><img decoding=\"async\" class=\"aligncenter size-medium wp-image-111116851\" src=\"https:\/\/www.oidossucios.com\/site\/wp-content\/uploads\/2020\/02\/6851.jpg\" alt=\"La \"Dimensi\u00f3n desconocida\" abri\u00f3 un portal en el Sambil y trajo a Charly Garc\u00eda a Venezuela\"  \/><!--nextpage--><img decoding=\"async\" class=\"aligncenter size-medium wp-image-111116852\" src=\"https:\/\/www.oidossucios.com\/site\/wp-content\/uploads\/2020\/02\/6852.jpg\" alt=\"La \"Dimensi\u00f3n desconocida\" abri\u00f3 un portal en el Sambil y trajo a Charly Garc\u00eda a Venezuela\"  \/><!--nextpage--><img decoding=\"async\" class=\"aligncenter size-medium wp-image-111116853\" src=\"https:\/\/www.oidossucios.com\/site\/wp-content\/uploads\/2020\/02\/6853.jpg\" al\nt=\"La \"Dimensi\u00f3n desconocida\" abri\u00f3 un portal en el Sambil y trajo a Charly Garc\u00eda a Venezuela\"  \/><!--nextpage--><img decoding=\"async\" class=\"aligncenter size-medium wp-image-111116854\" src=\"https:\/\/www.oidossucios.com\/site\/wp-content\/uploads\/2020\/02\/6854.jpg\" alt=\"La \"Dimensi\u00f3n desconocida\" abri\u00f3 un portal en el Sambil y trajo a Charly Garc\u00eda a Venezuela\"  \/><!--nextpage--><img decoding=\"async\" class=\"aligncenter size-medium wp-image-111116855\" src=\"https:\/\/www.oidossucios.com\/site\/wp-content\/uploads\/2020\/02\/6855.jpg\" alt=\"La \"Dimensi\u00f3n desconocida\" abri\u00f3 un portal en el Sambil y trajo a Charly Garc\u00eda a Venezuela\"  \/><!--nextpage--><img decoding=\"async\" class=\"aligncenter size-medium wp-image-111116856\" src=\"https:\/\/www.oidossucios.com\/site\/wp-content\/uploads\/2020\/02\/6856.jpg\" alt=\"La \"Dimensi\u00f3n desconocida\" abri\u00f3 un portal en el Sambil y trajo a Charly Garc\u00eda a Venezuela\"  \/><!--nextpage--><img decoding=\"async\" class=\"aligncenter size-medium wp-image-111116857\" src=\"https:\/\/www.oidossucios.com\/site\/wp-content\/uploads\/2020\/02\/6857.jpg\" alt=\"La \"Dimensi\u00f3n desconocida\" abri\u00f3 un portal en el Sambil y trajo a Charly Garc\u00eda a Venezuela\"  \/><!--nextpage--><img decoding=\"async\" class=\"aligncenter size-medium wp-image-111116858\" src=\"https:\/\/www.oidossucios.com\/site\/wp-content\/uploads\/2020\/02\/6858.jpg\" alt=\"La \"Dimensi\u00f3n desconocida\" abri\u00f3 un portal en el Sambil y trajo a Charly Garc\u00eda a Venezuela\"  \/><!--nextpage--><img decoding=\"async\" class=\"aligncenter size-medium wp-image-111116859\" src=\"https:\/\/www.oidossucios.com\/site\/wp-content\/uploads\/2020\/02\/6859.jpg\" alt=\"La \"Dimensi\u00f3n desconocida\" abri\u00f3 un portal en el Sambil y trajo a Charly Garc\u00eda a Venezuela\"  \/><!--nextpage--><img decoding=\"async\" class=\"aligncenter size-medium wp-image-111116860\" src=\"https:\/\/www.oidossucios.com\/site\/wp-content\/uploads\/2020\/02\/6860.jpg\" alt=\"La \"Dimensi\u00f3n desconocida\" abri\u00f3 un portal en el Sambil y trajo a Charly Garc\u00eda a Venezuela\"  \/><!--nextpage--><img decoding=\"async\" class=\"aligncenter size-medium wp-image-111116861\" src=\"https:\/\/www.oidossucios.com\/site\/wp-content\/uploads\/2020\/02\/6861.jpg\" alt=\"La \"Dimensi\u00f3n desconocida\" abri\u00f3 un portal en el Sambil y trajo a Charly Garc\u00eda a Venezuela\"  \/><a href='https:\/\/www.oidossucios.com\/site\/la-dimension-desconocida-abrio-un-portal-en-el-sambil-y-trajo-a-charly-garcia-a-venezuela\/2\/'\n                        onclick='if (tpsInstance) { tpsInstance.setNext(); return false; }'\n                        rel='next'\n                        style=''\n                        class=''>Ver galer\u00eda<\/a>]]><\/p>\n","protected":false},"excerpt":{"rendered":"<p>La leyenda del rock latinoamericano, Charly Garc\u00eda, volvi\u00f3 a nuestras tierras despu\u00e9s de ocho a\u00f1os desde su \u00faltimo show en el pa\u00eds, con un repertorio que dio un paseo por su carrera musical. (Fotos y rese\u00f1a)<\/p>\n","protected":false},"author":4,"featured_media":100007428,"comment_status":"open","ping_status":"open","sticky":false,"template":"","format":"standard","meta":{"_jetpack_memberships_contains_paid_content":false,"footnotes":""},"categories":[203],"tags":[],"class_list":["post-7428","post","type-post","status-publish","format-standard","has-post-thumbnail","hentry","category-eventos"],"jetpack_featured_media_url":"https:\/\/www.oidossucios.com\/site\/wp-content\/uploads\/2013\/06\/7428.jpg","yoast_head":"<!-- This site is optimized with the Yoast SEO plugin v14.0.4 - https:\/\/yoast.com\/wordpress\/plugins\/seo\/ -->\n<title>La &quot;Dimensi\u00f3n desconocida&quot; abri\u00f3 un portal en el Sambil y trajo a Charly Garc\u00eda a Venezuela - OidosSucios.Com<\/title>\n<meta name=\"description\" content=\"La leyenda del rock latinoamericano, Charly Garc\u00eda, volvi\u00f3 a nuestras tierras despu\u00e9s de ocho a\u00f1os desde su \u00faltimo show en el pa\u00eds, con un repertorio que dio un paseo por su carrera musical. (Fotos y rese\u00f1a)\" \/>\n<meta name=\"robots\" content=\"index, follow\" \/>\n<meta name=\"googlebot\" content=\"index, follow, max-snippet:-1, max-image-preview:large, max-video-preview:-1\" \/>\n<meta name=\"bingbot\" content=\"index, follow, max-snippet:-1, max-image-preview:large, max-video-preview:-1\" \/>\n<link rel=\"canonical\" href=\"https:\/\/www.oidossucios.com\/site\/la-dimension-desconocida-abrio-un-portal-en-el-sambil-y-trajo-a-charly-garcia-a-venezuela\/\" \/>\n<link rel=\"next\" href=\"https:\/\/www.oidossucios.com\/site\/la-dimension-desconocida-abrio-un-portal-en-el-sambil-y-trajo-a-charly-garcia-a-venezuela\/2\/\" \/>\n<meta property=\"og:locale\" content=\"es_ES\" \/>\n<meta property=\"og:type\" content=\"article\" \/>\n<meta property=\"og:title\" content=\"La &quot;Dimensi\u00f3n desconocida&quot; abri\u00f3 un portal en el Sambil y trajo a Charly Garc\u00eda a Venezuela - OidosSucios.Com\" \/>\n<meta property=\"og:description\" content=\"La leyenda del rock latinoamericano, Charly Garc\u00eda, volvi\u00f3 a nuestras tierras despu\u00e9s de ocho a\u00f1os desde su \u00faltimo show en el pa\u00eds, con un repertorio que dio un paseo por su carrera musical. (Fotos y rese\u00f1a)\" \/>\n<meta property=\"og:url\" content=\"https:\/\/www.oidossucios.com\/site\/la-dimension-desconocida-abrio-un-portal-en-el-sambil-y-trajo-a-charly-garcia-a-venezuela\/\" \/>\n<meta property=\"og:site_name\" content=\"OidosSucios.Com\" \/>\n<meta property=\"article:published_time\" content=\"2013-06-17T18:37:00+00:00\" \/>\n<meta property=\"og:image\" content=\"https:\/\/www.oidossucios.com\/site\/wp-content\/uploads\/2013\/06\/7428.jpg\" \/>\n\t<meta property=\"og:image:width\" content=\"350\" \/>\n\t<meta property=\"og:image:height\" content=\"300\" \/>\n<meta name=\"twitter:card\" content=\"summary_large_image\" \/>\n<meta name=\"twitter:creator\" content=\"@oidossucios\" \/>\n<script type=\"application\/ld+json\" class=\"yoast-schema-graph\">{\"@context\":\"https:\/\/schema.org\",\"@graph\":[{\"@type\":\"WebSite\",\"@id\":\"https:\/\/www.oidossucios.com\/site\/#website\",\"url\":\"https:\/\/www.oidossucios.com\/site\/\",\"name\":\"OidosSucios.Com\",\"description\":\"M\\u00fasica, conciertos, discos\",\"potentialAction\":[{\"@type\":\"SearchAction\",\"target\":\"https:\/\/www.oidossucios.com\/site\/?s={search_term_string}\",\"query-input\":\"required name=search_term_string\"}],\"inLanguage\":\"es\"},{\"@type\":\"ImageObject\",\"@id\":\"https:\/\/www.oidossucios.com\/site\/la-dimension-desconocida-abrio-un-portal-en-el-sambil-y-trajo-a-charly-garcia-a-venezuela\/#primaryimage\",\"inLanguage\":\"es\",\"url\":\"https:\/\/www.oidossucios.com\/site\/wp-content\/uploads\/2013\/06\/7428.jpg\",\"width\":350,\"height\":300},{\"@type\":\"WebPage\",\"@id\":\"https:\/\/www.oidossucios.com\/site\/la-dimension-desconocida-abrio-un-portal-en-el-sambil-y-trajo-a-charly-garcia-a-venezuela\/#webpage\",\"url\":\"https:\/\/www.oidossucios.com\/site\/la-dimension-desconocida-abrio-un-portal-en-el-sambil-y-trajo-a-charly-garcia-a-venezuela\/\",\"name\":\"La \\\"Dimensi\\u00f3n desconocida\\\" abri\\u00f3 un portal en el Sambil y trajo a Charly Garc\\u00eda a Venezuela - OidosSucios.Com\",\"isPartOf\":{\"@id\":\"https:\/\/www.oidossucios.com\/site\/#website\"},\"primaryImageOfPage\":{\"@id\":\"https:\/\/www.oidossucios.com\/site\/la-dimension-desconocida-abrio-un-portal-en-el-sambil-y-trajo-a-charly-garcia-a-venezuela\/#primaryimage\"},\"datePublished\":\"2013-06-17T18:37:00+00:00\",\"dateModified\":\"2013-06-17T18:37:00+00:00\",\"author\":{\"@id\":\"https:\/\/www.oidossucios.com\/site\/#\/schema\/person\/24559eeb76bf83a63296fb072393a688\"},\"description\":\"La leyenda del rock latinoamericano, Charly Garc\\u00eda, volvi\\u00f3 a nuestras tierras despu\\u00e9s de ocho a\\u00f1os desde su \\u00faltimo show en el pa\\u00eds, con un repertorio que dio un paseo por su carrera musical. (Fotos y rese\\u00f1a)\",\"inLanguage\":\"es\",\"potentialAction\":[{\"@type\":\"ReadAction\",\"target\":[\"https:\/\/www.oidossucios.com\/site\/la-dimension-desconocida-abrio-un-portal-en-el-sambil-y-trajo-a-charly-garcia-a-venezuela\/\"]}]},{\"@type\":[\"Person\"],\"@id\":\"https:\/\/www.oidossucios.com\/site\/#\/schema\/person\/24559eeb76bf83a63296fb072393a688\",\"name\":\"Oidossucios\",\"image\":{\"@type\":\"ImageObject\",\"@id\":\"https:\/\/www.oidossucios.com\/site\/#personlogo\",\"inLanguage\":\"es\",\"url\":\"https:\/\/secure.gravatar.com\/avatar\/74fcb480f42f1a33e50a0b6e6369a3f907be2e43dc84fa5f76c66e9c22b4a5ab?s=96&d=mm&r=g\",\"caption\":\"Oidossucios\"},\"sameAs\":[\"https:\/\/twitter.com\/oidossucios\"]}]}<\/script>\n<!-- \/ Yoast SEO plugin. -->","jetpack_sharing_enabled":true,"_links":{"self":[{"href":"https:\/\/www.oidossucios.com\/site\/wp-json\/wp\/v2\/posts\/7428","targetHints":{"allow":["GET"]}}],"collection":[{"href":"https:\/\/www.oidossucios.com\/site\/wp-json\/wp\/v2\/posts"}],"about":[{"href":"https:\/\/www.oidossucios.com\/site\/wp-json\/wp\/v2\/types\/post"}],"author":[{"embeddable":true,"href":"https:\/\/www.oidossucios.com\/site\/wp-json\/wp\/v2\/users\/4"}],"replies":[{"embeddable":true,"href":"https:\/\/www.oidossucios.com\/site\/wp-json\/wp\/v2\/comments?post=7428"}],"version-history":[{"count":0,"href":"https:\/\/www.oidossucios.com\/site\/wp-json\/wp\/v2\/posts\/7428\/revisions"}],"wp:featuredmedia":[{"embeddable":true,"href":"https:\/\/www.oidossucios.com\/site\/wp-json\/wp\/v2\/media\/100007428"}],"wp:attachment":[{"href":"https:\/\/www.oidossucios.com\/site\/wp-json\/wp\/v2\/media?parent=7428"}],"wp:term":[{"taxonomy":"category","embeddable":true,"href":"https:\/\/www.oidossucios.com\/site\/wp-json\/wp\/v2\/categories?post=7428"},{"taxonomy":"post_tag","embeddable":true,"href":"https:\/\/www.oidossucios.com\/site\/wp-json\/wp\/v2\/tags?post=7428"}],"curies":[{"name":"wp","href":"https:\/\/api.w.org\/{rel}","templated":true}]}}