{"id":7436,"date":"2013-06-18T19:42:00","date_gmt":"2013-06-18T19:42:00","guid":{"rendered":"https:\/\/www.oidossucios.com\/site\/2013\/06\/18\/elefreak-lanza-su-segundo-disco-ep02-contracorriente\/"},"modified":"2013-06-18T19:42:00","modified_gmt":"2013-06-18T19:42:00","slug":"elefreak-lanza-su-segundo-disco-ep02-contracorriente","status":"publish","type":"post","link":"https:\/\/www.oidossucios.com\/site\/elefreak-lanza-su-segundo-disco-ep02-contracorriente\/","title":{"rendered":"Elefreak lanza su segundo disco: &#8220;EP02 Contracorriente&#8221;"},"content":{"rendered":"<p>El pr\u00f3ximo 29 de junio, la agrupaci\u00f3n de rock venezolana,&nbsp;Elefreak, presenta su segundo disco <i>EP02 Contracorriente<\/i>. El material lo podr\u00e1n escuchar, en un show en vivo, a las 6:00pm en la Plaza sur de Altamira, totalmente gratis.<i><\/p>\n<p>EP02 Contracorriente<\/i>es la nueva producci\u00f3n discogr\u00e1fica que&nbsp;Elefreak&nbsp;lanza al mercado. De all\u00ed se desprende &#8220;Fe&#8221; primer sencillo promocional que fue lanzado el pasado mes de marzo y se encuentra, descargable, en&nbsp;<a target=\"_blank\" href=\"http:\/\/elefreak.bandcamp.com\/\" rel=\"noopener noreferrer\">elefreak.bandcamp.com<\/a>.<\/p>\n<p>&#8220;Con el <i>EP02 ContraCorriente<\/i> ten\u00edamos la expectativa de hacer un disco con peso; los temas fueron concebidos en gira, bajo muchas presiones y tiempos de crisis personales en cada uno de nosotros. La m\u00fasica y las letras del disco fueron la mejor terapia que conseguimos\u0085Nos sentimos satisfechos con el resultado, nos identificamos no solo con el disco sino con el proceso, y esperamos que el p\u00fablico se conecte con nosotros al escuchar el <i>EP02<\/i>, que se haga c\u00f3mplice de la idea, que se reconozca en el mensaje, que nos apoyen en las radios, y vayan a todos los conciertos&#8221; comenta David, baterista de la banda.<\/p>\n<p>Elefreak&nbsp;est\u00e1&nbsp;conformada por Miguel \u00c1ngel Sojo, Alberto Iacobellis y David Le\u00f3n.&nbsp; Pr\u00f3ximamente ser\u00e1n publicadas&nbsp; las fechas de lo que ser\u00e1 su gira nacional, por m\u00e1s de 15 ciudades.<\/p>\n<p>La invitaci\u00f3n queda para escuchar este nuevo material, el pr\u00f3ximo 29 de junio a las 6:00pm, en la Plaza Sur de Altamira, en Chacao, junto a las bandas S\u00f3nica y Bioshaft.<\/p>\n<p>Si desean m\u00e1s informaci\u00f3n, chequeen&nbsp;<a target=\"_blank\" href=\"http:\/\/www.elefreak.com\/\" rel=\"noopener noreferrer\">www.elefreak.com<\/a>&nbsp;o s\u00edganlos en twitter:&nbsp;<a href=\"http:\/\/twitter.com\/#!\/@elefreak\">@elefreak<\/a><![endif]--><!--[if gte mso 10]> <\/style>\n\n <![endif]--><\/p>\n","protected":false},"excerpt":{"rendered":"<p>El pr\u00f3ximo 29 de junio, la agrupaci\u00f3n de rock venezolana, Elefreak, presenta su segundo disco EP02 Contracorriente. El material lo podr\u00e1n escuchar, en un show en vivo, a las 6:00pm en la Plaza sur de Altamira, totalmente gratis.<\/p>\n","protected":false},"author":4,"featured_media":100007436,"comment_status":"open","ping_status":"open","sticky":false,"template":"","format":"standard","meta":{"_jetpack_memberships_contains_paid_content":false,"footnotes":""},"categories":[250],"tags":[],"class_list":["post-7436","post","type-post","status-publish","format-standard","has-post-thumbnail","hentry","category-noticias"],"jetpack_featured_media_url":"https:\/\/www.oidossucios.com\/site\/wp-content\/uploads\/2013\/06\/7436.jpg","yoast_head":"<!-- This site is optimized with the Yoast SEO plugin v14.0.4 - https:\/\/yoast.com\/wordpress\/plugins\/seo\/ -->\n<title>Elefreak lanza su segundo disco: &quot;EP02 Contracorriente&quot; - OidosSucios.Com<\/title>\n<meta name=\"description\" content=\"El pr\u00f3ximo 29 de junio, la agrupaci\u00f3n de rock venezolana, Elefreak, presenta su segundo disco EP02 Contracorriente. El material lo podr\u00e1n escuchar, en un show en vivo, a las 6:00pm en la Plaza sur de Altamira, totalmente gratis.\" \/>\n<meta name=\"robots\" content=\"index, follow\" \/>\n<meta name=\"googlebot\" content=\"index, follow, max-snippet:-1, max-image-preview:large, max-video-preview:-1\" \/>\n<meta name=\"bingbot\" content=\"index, follow, max-snippet:-1, max-image-preview:large, max-video-preview:-1\" \/>\n<link rel=\"canonical\" href=\"https:\/\/www.oidossucios.com\/site\/elefreak-lanza-su-segundo-disco-ep02-contracorriente\/\" \/>\n<meta property=\"og:locale\" content=\"es_ES\" \/>\n<meta property=\"og:type\" content=\"article\" \/>\n<meta property=\"og:title\" content=\"Elefreak lanza su segundo disco: &quot;EP02 Contracorriente&quot; - OidosSucios.Com\" \/>\n<meta property=\"og:description\" content=\"El pr\u00f3ximo 29 de junio, la agrupaci\u00f3n de rock venezolana, Elefreak, presenta su segundo disco EP02 Contracorriente. El material lo podr\u00e1n escuchar, en un show en vivo, a las 6:00pm en la Plaza sur de Altamira, totalmente gratis.\" \/>\n<meta property=\"og:url\" content=\"https:\/\/www.oidossucios.com\/site\/elefreak-lanza-su-segundo-disco-ep02-contracorriente\/\" \/>\n<meta property=\"og:site_name\" content=\"OidosSucios.Com\" \/>\n<meta property=\"article:published_time\" content=\"2013-06-18T19:42:00+00:00\" \/>\n<meta property=\"og:image\" content=\"https:\/\/www.oidossucios.com\/site\/wp-content\/uploads\/2013\/06\/7436.jpg\" \/>\n\t<meta property=\"og:image:width\" content=\"350\" \/>\n\t<meta property=\"og:image:height\" content=\"300\" \/>\n<meta name=\"twitter:card\" content=\"summary_large_image\" \/>\n<meta name=\"twitter:creator\" content=\"@oidossucios\" \/>\n<script type=\"application\/ld+json\" class=\"yoast-schema-graph\">{\"@context\":\"https:\/\/schema.org\",\"@graph\":[{\"@type\":\"WebSite\",\"@id\":\"https:\/\/www.oidossucios.com\/site\/#website\",\"url\":\"https:\/\/www.oidossucios.com\/site\/\",\"name\":\"OidosSucios.Com\",\"description\":\"M\\u00fasica, conciertos, discos\",\"potentialAction\":[{\"@type\":\"SearchAction\",\"target\":\"https:\/\/www.oidossucios.com\/site\/?s={search_term_string}\",\"query-input\":\"required name=search_term_string\"}],\"inLanguage\":\"es\"},{\"@type\":\"ImageObject\",\"@id\":\"https:\/\/www.oidossucios.com\/site\/elefreak-lanza-su-segundo-disco-ep02-contracorriente\/#primaryimage\",\"inLanguage\":\"es\",\"url\":\"https:\/\/www.oidossucios.com\/site\/wp-content\/uploads\/2013\/06\/7436.jpg\",\"width\":350,\"height\":300},{\"@type\":\"WebPage\",\"@id\":\"https:\/\/www.oidossucios.com\/site\/elefreak-lanza-su-segundo-disco-ep02-contracorriente\/#webpage\",\"url\":\"https:\/\/www.oidossucios.com\/site\/elefreak-lanza-su-segundo-disco-ep02-contracorriente\/\",\"name\":\"Elefreak lanza su segundo disco: \\\"EP02 Contracorriente\\\" - OidosSucios.Com\",\"isPartOf\":{\"@id\":\"https:\/\/www.oidossucios.com\/site\/#website\"},\"primaryImageOfPage\":{\"@id\":\"https:\/\/www.oidossucios.com\/site\/elefreak-lanza-su-segundo-disco-ep02-contracorriente\/#primaryimage\"},\"datePublished\":\"2013-06-18T19:42:00+00:00\",\"dateModified\":\"2013-06-18T19:42:00+00:00\",\"author\":{\"@id\":\"https:\/\/www.oidossucios.com\/site\/#\/schema\/person\/24559eeb76bf83a63296fb072393a688\"},\"description\":\"El pr\\u00f3ximo 29 de junio, la agrupaci\\u00f3n de rock venezolana, Elefreak, presenta su segundo disco EP02 Contracorriente. El material lo podr\\u00e1n escuchar, en un show en vivo, a las 6:00pm en la Plaza sur de Altamira, totalmente gratis.\",\"inLanguage\":\"es\",\"potentialAction\":[{\"@type\":\"ReadAction\",\"target\":[\"https:\/\/www.oidossucios.com\/site\/elefreak-lanza-su-segundo-disco-ep02-contracorriente\/\"]}]},{\"@type\":[\"Person\"],\"@id\":\"https:\/\/www.oidossucios.com\/site\/#\/schema\/person\/24559eeb76bf83a63296fb072393a688\",\"name\":\"Oidossucios\",\"image\":{\"@type\":\"ImageObject\",\"@id\":\"https:\/\/www.oidossucios.com\/site\/#personlogo\",\"inLanguage\":\"es\",\"url\":\"https:\/\/secure.gravatar.com\/avatar\/74fcb480f42f1a33e50a0b6e6369a3f907be2e43dc84fa5f76c66e9c22b4a5ab?s=96&d=mm&r=g\",\"caption\":\"Oidossucios\"},\"sameAs\":[\"https:\/\/twitter.com\/oidossucios\"]}]}<\/script>\n<!-- \/ Yoast SEO plugin. -->","jetpack_sharing_enabled":true,"_links":{"self":[{"href":"https:\/\/www.oidossucios.com\/site\/wp-json\/wp\/v2\/posts\/7436","targetHints":{"allow":["GET"]}}],"collection":[{"href":"https:\/\/www.oidossucios.com\/site\/wp-json\/wp\/v2\/posts"}],"about":[{"href":"https:\/\/www.oidossucios.com\/site\/wp-json\/wp\/v2\/types\/post"}],"author":[{"embeddable":true,"href":"https:\/\/www.oidossucios.com\/site\/wp-json\/wp\/v2\/users\/4"}],"replies":[{"embeddable":true,"href":"https:\/\/www.oidossucios.com\/site\/wp-json\/wp\/v2\/comments?post=7436"}],"version-history":[{"count":0,"href":"https:\/\/www.oidossucios.com\/site\/wp-json\/wp\/v2\/posts\/7436\/revisions"}],"wp:featuredmedia":[{"embeddable":true,"href":"https:\/\/www.oidossucios.com\/site\/wp-json\/wp\/v2\/media\/100007436"}],"wp:attachment":[{"href":"https:\/\/www.oidossucios.com\/site\/wp-json\/wp\/v2\/media?parent=7436"}],"wp:term":[{"taxonomy":"category","embeddable":true,"href":"https:\/\/www.oidossucios.com\/site\/wp-json\/wp\/v2\/categories?post=7436"},{"taxonomy":"post_tag","embeddable":true,"href":"https:\/\/www.oidossucios.com\/site\/wp-json\/wp\/v2\/tags?post=7436"}],"curies":[{"name":"wp","href":"https:\/\/api.w.org\/{rel}","templated":true}]}}