{"id":7437,"date":"2013-06-18T19:54:00","date_gmt":"2013-06-18T19:54:00","guid":{"rendered":"https:\/\/www.oidossucios.com\/site\/2013\/06\/18\/bioshaft-anuncia-shows-en-chile-y-peru-especial-acustico-y-un-concierto-gratis-en-caracas\/"},"modified":"2013-06-18T19:54:00","modified_gmt":"2013-06-18T19:54:00","slug":"bioshaft-anuncia-shows-en-chile-y-peru-especial-acustico-y-un-concierto-gratis-en-caracas","status":"publish","type":"post","link":"https:\/\/www.oidossucios.com\/site\/bioshaft-anuncia-shows-en-chile-y-peru-especial-acustico-y-un-concierto-gratis-en-caracas\/","title":{"rendered":"Bioshaft anuncia shows en Chile y Per\u00fa, especial ac\u00fastico y un concierto gratis en Caracas"},"content":{"rendered":"<p>BioShaft est\u00e1 finalizando todo lo relacionado al trabajo promocional de su disco debut <i>Lines in the Dark<\/i> (2012), del que se extraen los temas &#8220;Nothing\u00b4s wrong&#8221;, &#8220;Fuck your solutions&#8221;, &#8220;Walk through the fire&#8221;, &#8220;Blackbandaid&#8221; y &#8220;My party&#8221;. &nbsp;El pr\u00f3ximo 1ero de Julio se lanza el sencillo &#8220;Fly&#8221; en el que participa el m\u00fasico ingl\u00e9s Steve Alpert, tecladista de la legendaria banda Spiteri.<\/p>\n<p>Gracias a la invitaci\u00f3n que le hiciera la banda Elefreak, quienes estar\u00e1n lanzando su disco EP02 Contracorriente en un showcase p\u00fablico, BioShaft junto a S\u00f3nica tocar\u00e1n el s\u00e1bado 29 de Junio en la Plaza Altamira Sur de Caracas a las 6:00 PM con entrada libre.<\/p>\n<p>Junto a una serie de presentaciones en Maracaibo, Barquisimeto, Pto La Cruz, Valencia, M\u00e9rida, Maracay y Caracas, BioShaft tambi\u00e9n ha confirmado dos shows internacionales: Bar Rockaxis en Santiago de Chile (03 de Octubre) y Hard Rock Caf\u00e9 (05 de Octubre) en Lima, Per\u00fa. Esta es la primera vez que la banda ofrecer\u00e1 shows fuera de Venezuela y el principio de otras invitaciones por confirmar.<\/p>\n<p>Mientras tanto BioShaft finalizan la pre-producci\u00f3n de su segundo \u00e1lbum nuevamente bajo la producci\u00f3n de Jean DeOliveira (Candy66) que ser\u00e1 grabado en &nbsp;BackStage Studios de la ciudad de Valencia, sin abandonar los shows en directo para ir mostrando lo nuevo.<\/p>\n<p>Henry Ollarves (Bajo y voz), Andr\u00e9s &#8220;Chicho&#8221; Blanco (Guitarra) y Javier Maimone (Bater\u00eda), estar\u00e1n grabando una especie de EP Ac\u00fastico el pr\u00f3ximo 30 de Junio en el que invitar\u00e1n a varios m\u00fasicos, amigos de la banda, para re-interpretar temas de <i>Lines in the Dark<\/i> en formato desenchufado. Esta sesi\u00f3n que ser\u00e1 registrada en video desde BackStage Studios de Caracas.<\/p>\n<p>El disco <i>Lines in the Dark<\/i> continua para su descarga gratuita en <a target=\"_blank\" href=\"http:\/\/www.bioshaft.bandcamp.com\/\" rel=\"noopener noreferrer\">www.bioshaft.bandcamp.com<\/a>&nbsp;colocando 0 (cero) en la opci\u00f3n de compra, registran su mail y les llegar\u00e1 el link.<\/p>\n<p>M\u00e1s info:<br \/>@BioShaft<a target=\"_blank\" href=\"http:\/\/www.bioshaft.bandcamp.com\/\" rel=\"noopener noreferrer\"><br \/>www.bioshaft.bandcamp.com<\/a><b><\/p>\n<p>Fechas Bioshaft 2013:<\/b><a target=\"_blank\" href=\"http:\/\/www.reverbnation.com\/bioshaft\" rel=\"noopener noreferrer\">www.reverbnation.com\/bioshaft<\/a><\/p>\n<p>29\/06 &nbsp;Caracas &#8211; Plaza Altamira Sur<br \/>12\/07 &nbsp;Maracaibo &#8211; Maracaibo Alterno Fest<br \/>27\/07 &nbsp;Barquisimeto &#8211; Bunker del Este<br \/>17\/08 &nbsp;Valencia &#8211; Teatro Bar<br \/>03\/10 &nbsp;Chile &#8211; Bar Rockaxis, Santiago de Chile<br \/>05\/10 &nbsp;Per\u00fa &#8211; Hard Rock Caf\u00e9 de Lima<br \/>02\/11 &nbsp;M\u00e9rida &#8211; Garage Rock Bar<![endif]--><!--[if gte mso 10]> <\/style>\n\n <![endif]--><\/p>\n","protected":false},"excerpt":{"rendered":"<p>El power tr\u00edo confirm\u00f3 su primera gira fuera de Venezuela m\u00e1s un show el s\u00e1bado 29 de Junio gratis en la Plaza Altamira.<\/p>\n","protected":false},"author":4,"featured_media":100007437,"comment_status":"open","ping_status":"open","sticky":false,"template":"","format":"standard","meta":{"_jetpack_memberships_contains_paid_content":false,"footnotes":""},"categories":[250],"tags":[],"class_list":["post-7437","post","type-post","status-publish","format-standard","has-post-thumbnail","hentry","category-noticias"],"jetpack_featured_media_url":"https:\/\/www.oidossucios.com\/site\/wp-content\/uploads\/2013\/06\/7437.jpg","yoast_head":"<!-- This site is optimized with the Yoast SEO plugin v14.0.4 - https:\/\/yoast.com\/wordpress\/plugins\/seo\/ -->\n<title>Bioshaft anuncia shows en Chile y Per\u00fa, especial ac\u00fastico y un concierto gratis en Caracas - OidosSucios.Com<\/title>\n<meta name=\"description\" content=\"El power tr\u00edo confirm\u00f3 su primera gira fuera de Venezuela m\u00e1s un show el s\u00e1bado 29 de Junio gratis en la Plaza Altamira.\" \/>\n<meta name=\"robots\" content=\"index, follow\" \/>\n<meta name=\"googlebot\" content=\"index, follow, max-snippet:-1, max-image-preview:large, max-video-preview:-1\" \/>\n<meta name=\"bingbot\" content=\"index, follow, max-snippet:-1, max-image-preview:large, max-video-preview:-1\" \/>\n<link rel=\"canonical\" href=\"https:\/\/www.oidossucios.com\/site\/bioshaft-anuncia-shows-en-chile-y-peru-especial-acustico-y-un-concierto-gratis-en-caracas\/\" \/>\n<meta property=\"og:locale\" content=\"es_ES\" \/>\n<meta property=\"og:type\" content=\"article\" \/>\n<meta property=\"og:title\" content=\"Bioshaft anuncia shows en Chile y Per\u00fa, especial ac\u00fastico y un concierto gratis en Caracas - OidosSucios.Com\" \/>\n<meta property=\"og:description\" content=\"El power tr\u00edo confirm\u00f3 su primera gira fuera de Venezuela m\u00e1s un show el s\u00e1bado 29 de Junio gratis en la Plaza Altamira.\" \/>\n<meta property=\"og:url\" content=\"https:\/\/www.oidossucios.com\/site\/bioshaft-anuncia-shows-en-chile-y-peru-especial-acustico-y-un-concierto-gratis-en-caracas\/\" \/>\n<meta property=\"og:site_name\" content=\"OidosSucios.Com\" \/>\n<meta property=\"article:published_time\" content=\"2013-06-18T19:54:00+00:00\" \/>\n<meta property=\"og:image\" content=\"https:\/\/www.oidossucios.com\/site\/wp-content\/uploads\/2013\/06\/7437.jpg\" \/>\n\t<meta property=\"og:image:width\" content=\"350\" \/>\n\t<meta property=\"og:image:height\" content=\"300\" \/>\n<meta name=\"twitter:card\" content=\"summary_large_image\" \/>\n<meta name=\"twitter:creator\" content=\"@oidossucios\" \/>\n<script type=\"application\/ld+json\" class=\"yoast-schema-graph\">{\"@context\":\"https:\/\/schema.org\",\"@graph\":[{\"@type\":\"WebSite\",\"@id\":\"https:\/\/www.oidossucios.com\/site\/#website\",\"url\":\"https:\/\/www.oidossucios.com\/site\/\",\"name\":\"OidosSucios.Com\",\"description\":\"M\\u00fasica, conciertos, discos\",\"potentialAction\":[{\"@type\":\"SearchAction\",\"target\":\"https:\/\/www.oidossucios.com\/site\/?s={search_term_string}\",\"query-input\":\"required name=search_term_string\"}],\"inLanguage\":\"es\"},{\"@type\":\"ImageObject\",\"@id\":\"https:\/\/www.oidossucios.com\/site\/bioshaft-anuncia-shows-en-chile-y-peru-especial-acustico-y-un-concierto-gratis-en-caracas\/#primaryimage\",\"inLanguage\":\"es\",\"url\":\"https:\/\/www.oidossucios.com\/site\/wp-content\/uploads\/2013\/06\/7437.jpg\",\"width\":350,\"height\":300},{\"@type\":\"WebPage\",\"@id\":\"https:\/\/www.oidossucios.com\/site\/bioshaft-anuncia-shows-en-chile-y-peru-especial-acustico-y-un-concierto-gratis-en-caracas\/#webpage\",\"url\":\"https:\/\/www.oidossucios.com\/site\/bioshaft-anuncia-shows-en-chile-y-peru-especial-acustico-y-un-concierto-gratis-en-caracas\/\",\"name\":\"Bioshaft anuncia shows en Chile y Per\\u00fa, especial ac\\u00fastico y un concierto gratis en Caracas - OidosSucios.Com\",\"isPartOf\":{\"@id\":\"https:\/\/www.oidossucios.com\/site\/#website\"},\"primaryImageOfPage\":{\"@id\":\"https:\/\/www.oidossucios.com\/site\/bioshaft-anuncia-shows-en-chile-y-peru-especial-acustico-y-un-concierto-gratis-en-caracas\/#primaryimage\"},\"datePublished\":\"2013-06-18T19:54:00+00:00\",\"dateModified\":\"2013-06-18T19:54:00+00:00\",\"author\":{\"@id\":\"https:\/\/www.oidossucios.com\/site\/#\/schema\/person\/24559eeb76bf83a63296fb072393a688\"},\"description\":\"El power tr\\u00edo confirm\\u00f3 su primera gira fuera de Venezuela m\\u00e1s un show el s\\u00e1bado 29 de Junio gratis en la Plaza Altamira.\",\"inLanguage\":\"es\",\"potentialAction\":[{\"@type\":\"ReadAction\",\"target\":[\"https:\/\/www.oidossucios.com\/site\/bioshaft-anuncia-shows-en-chile-y-peru-especial-acustico-y-un-concierto-gratis-en-caracas\/\"]}]},{\"@type\":[\"Person\"],\"@id\":\"https:\/\/www.oidossucios.com\/site\/#\/schema\/person\/24559eeb76bf83a63296fb072393a688\",\"name\":\"Oidossucios\",\"image\":{\"@type\":\"ImageObject\",\"@id\":\"https:\/\/www.oidossucios.com\/site\/#personlogo\",\"inLanguage\":\"es\",\"url\":\"https:\/\/secure.gravatar.com\/avatar\/74fcb480f42f1a33e50a0b6e6369a3f907be2e43dc84fa5f76c66e9c22b4a5ab?s=96&d=mm&r=g\",\"caption\":\"Oidossucios\"},\"sameAs\":[\"https:\/\/twitter.com\/oidossucios\"]}]}<\/script>\n<!-- \/ Yoast SEO plugin. -->","jetpack_sharing_enabled":true,"_links":{"self":[{"href":"https:\/\/www.oidossucios.com\/site\/wp-json\/wp\/v2\/posts\/7437","targetHints":{"allow":["GET"]}}],"collection":[{"href":"https:\/\/www.oidossucios.com\/site\/wp-json\/wp\/v2\/posts"}],"about":[{"href":"https:\/\/www.oidossucios.com\/site\/wp-json\/wp\/v2\/types\/post"}],"author":[{"embeddable":true,"href":"https:\/\/www.oidossucios.com\/site\/wp-json\/wp\/v2\/users\/4"}],"replies":[{"embeddable":true,"href":"https:\/\/www.oidossucios.com\/site\/wp-json\/wp\/v2\/comments?post=7437"}],"version-history":[{"count":0,"href":"https:\/\/www.oidossucios.com\/site\/wp-json\/wp\/v2\/posts\/7437\/revisions"}],"wp:featuredmedia":[{"embeddable":true,"href":"https:\/\/www.oidossucios.com\/site\/wp-json\/wp\/v2\/media\/100007437"}],"wp:attachment":[{"href":"https:\/\/www.oidossucios.com\/site\/wp-json\/wp\/v2\/media?parent=7437"}],"wp:term":[{"taxonomy":"category","embeddable":true,"href":"https:\/\/www.oidossucios.com\/site\/wp-json\/wp\/v2\/categories?post=7437"},{"taxonomy":"post_tag","embeddable":true,"href":"https:\/\/www.oidossucios.com\/site\/wp-json\/wp\/v2\/tags?post=7437"}],"curies":[{"name":"wp","href":"https:\/\/api.w.org\/{rel}","templated":true}]}}