{"id":744,"date":"2003-01-31T14:38:00","date_gmt":"2003-01-31T14:38:00","guid":{"rendered":"https:\/\/www.oidossucios.com\/site\/2003\/01\/31\/metallica-comienza-a-ver-la-luz-nuevamente\/"},"modified":"2003-01-31T14:38:00","modified_gmt":"2003-01-31T14:38:00","slug":"metallica-comienza-a-ver-la-luz-nuevamente","status":"publish","type":"post","link":"https:\/\/www.oidossucios.com\/site\/metallica-comienza-a-ver-la-luz-nuevamente\/","title":{"rendered":"Metallica comienza a ver la luz nuevamente"},"content":{"rendered":"<p>Junio es la fecha tentativa para la salida al mercado del nuevo disco de Metallica, que a\u00fan no tiene nombre. Una fuente cercana a la banda le coment\u00f3 a la revista Rolling Stone que se trata de &#8216;la grabaci\u00f3n m\u00e1s fuerte que ha hecho Metallica en su historia&#8217;.<\/p>\n<p>La agrupaci\u00f3n no ha anunciado a\u00fan oficialmente el reemplazante de Jason Newsted, quien abandon\u00f3 la banda a final del 2001. Algunos rumores indican que quien ha salido mejor parado en las audiciones ha sido el bajista fundador de Kyuss, Scott Reeder.<\/p>\n<p>Lars Ulrich, baterista de la banda,  coment\u00f3 en la p\u00e1gina web de la agrupaci\u00f3n que, finalmente &#8216;comenzamos a ver la luz al final del tunel&#8217;. Metallica espera tener su bajista listo antes del mes de junio, fecha en que, coincidiendo con la supuesta salida de su nuevo disco, tambi\u00e9n comenzar\u00e1 su gira europea, cuyas presentaciones confirmadas son las siguientes:<\/p>\n<p>Junio 6: Nurnberg, Germany, Rock Im Park<br \/>Junio 7: Berlin, Germany, Wuhlheide<br \/>Junio 8: Nurburgring, Germany, Rock AmRing<br \/>Junio 13: Imola, Italy, Heineken Jammin&#8217; Festival<br \/>Junio 21: Dublin, Ireland, TBA<br \/>Junio 22: Leeds, UK, Leeds Festival<br \/>Junio 24: Reading, UK, Reading Festival<br \/>Junio 26: Roskilde, Denmark, Roskilde Festival<br \/>Junio 28: Werchter, Belgium, Werchter Rock Festival<\/p>\n","protected":false},"excerpt":{"rendered":"<p>La banda norteamericana sacar\u00e1 al mercado su nuevo disco en el mes de junio, previo a su gira europea. El reemplazo de Jason Newsted est\u00e1 casi listo.<\/p>\n","protected":false},"author":4,"featured_media":10000740,"comment_status":"open","ping_status":"open","sticky":false,"template":"","format":"standard","meta":{"_jetpack_memberships_contains_paid_content":false,"footnotes":""},"categories":[250],"tags":[149],"class_list":["post-744","post","type-post","status-publish","format-standard","has-post-thumbnail","hentry","category-noticias","tag-metallica"],"jetpack_featured_media_url":"https:\/\/www.oidossucios.com\/site\/wp-content\/uploads\/2003\/01\/740.jpg","yoast_head":"<!-- This site is optimized with the Yoast SEO plugin v14.0.4 - https:\/\/yoast.com\/wordpress\/plugins\/seo\/ -->\n<title>Metallica comienza a ver la luz nuevamente - OidosSucios.Com<\/title>\n<meta name=\"description\" content=\"La portada de uno de los discos m\u00e1s emblem\u00e1ticos de The Beatles fue modificada para su venta en USA, dado que no era &#039;pol\u00edticamente correcta&#039;.\" \/>\n<meta name=\"robots\" content=\"index, follow\" \/>\n<meta name=\"googlebot\" content=\"index, follow, max-snippet:-1, max-image-preview:large, max-video-preview:-1\" \/>\n<meta name=\"bingbot\" content=\"index, follow, max-snippet:-1, max-image-preview:large, max-video-preview:-1\" \/>\n<link rel=\"canonical\" href=\"https:\/\/www.oidossucios.com\/site\/metallica-comienza-a-ver-la-luz-nuevamente\/\" \/>\n<meta property=\"og:locale\" content=\"es_ES\" \/>\n<meta property=\"og:type\" content=\"article\" \/>\n<meta property=\"og:title\" content=\"Metallica comienza a ver la luz nuevamente - OidosSucios.Com\" \/>\n<meta property=\"og:description\" content=\"La portada de uno de los discos m\u00e1s emblem\u00e1ticos de The Beatles fue modificada para su venta en USA, dado que no era &#039;pol\u00edticamente correcta&#039;.\" \/>\n<meta property=\"og:url\" content=\"https:\/\/www.oidossucios.com\/site\/metallica-comienza-a-ver-la-luz-nuevamente\/\" \/>\n<meta property=\"og:site_name\" content=\"OidosSucios.Com\" \/>\n<meta property=\"article:published_time\" content=\"2003-01-31T14:38:00+00:00\" \/>\n<meta property=\"og:image\" content=\"https:\/\/www.oidossucios.com\/site\/wp-content\/uploads\/2003\/01\/740.jpg\" \/>\n\t<meta property=\"og:image:width\" content=\"290\" \/>\n\t<meta property=\"og:image:height\" content=\"100\" \/>\n<meta name=\"twitter:card\" content=\"summary_large_image\" \/>\n<meta name=\"twitter:creator\" content=\"@oidossucios\" \/>\n<script type=\"application\/ld+json\" class=\"yoast-schema-graph\">{\"@context\":\"https:\/\/schema.org\",\"@graph\":[{\"@type\":\"WebSite\",\"@id\":\"https:\/\/www.oidossucios.com\/site\/#website\",\"url\":\"https:\/\/www.oidossucios.com\/site\/\",\"name\":\"OidosSucios.Com\",\"description\":\"M\\u00fasica, conciertos, discos\",\"potentialAction\":[{\"@type\":\"SearchAction\",\"target\":\"https:\/\/www.oidossucios.com\/site\/?s={search_term_string}\",\"query-input\":\"required name=search_term_string\"}],\"inLanguage\":\"es\"},{\"@type\":\"ImageObject\",\"@id\":\"https:\/\/www.oidossucios.com\/site\/metallica-comienza-a-ver-la-luz-nuevamente\/#primaryimage\",\"inLanguage\":\"es\",\"url\":\"https:\/\/www.oidossucios.com\/site\/wp-content\/uploads\/2003\/01\/740.jpg\",\"width\":290,\"height\":100},{\"@type\":\"WebPage\",\"@id\":\"https:\/\/www.oidossucios.com\/site\/metallica-comienza-a-ver-la-luz-nuevamente\/#webpage\",\"url\":\"https:\/\/www.oidossucios.com\/site\/metallica-comienza-a-ver-la-luz-nuevamente\/\",\"name\":\"Metallica comienza a ver la luz nuevamente - OidosSucios.Com\",\"isPartOf\":{\"@id\":\"https:\/\/www.oidossucios.com\/site\/#website\"},\"primaryImageOfPage\":{\"@id\":\"https:\/\/www.oidossucios.com\/site\/metallica-comienza-a-ver-la-luz-nuevamente\/#primaryimage\"},\"datePublished\":\"2003-01-31T14:38:00+00:00\",\"dateModified\":\"2003-01-31T14:38:00+00:00\",\"author\":{\"@id\":\"https:\/\/www.oidossucios.com\/site\/#\/schema\/person\/24559eeb76bf83a63296fb072393a688\"},\"description\":\"La portada de uno de los discos m\\u00e1s emblem\\u00e1ticos de The Beatles fue modificada para su venta en USA, dado que no era 'pol\\u00edticamente correcta'.\",\"inLanguage\":\"es\",\"potentialAction\":[{\"@type\":\"ReadAction\",\"target\":[\"https:\/\/www.oidossucios.com\/site\/metallica-comienza-a-ver-la-luz-nuevamente\/\"]}]},{\"@type\":[\"Person\"],\"@id\":\"https:\/\/www.oidossucios.com\/site\/#\/schema\/person\/24559eeb76bf83a63296fb072393a688\",\"name\":\"Oidossucios\",\"image\":{\"@type\":\"ImageObject\",\"@id\":\"https:\/\/www.oidossucios.com\/site\/#personlogo\",\"inLanguage\":\"es\",\"url\":\"https:\/\/secure.gravatar.com\/avatar\/74fcb480f42f1a33e50a0b6e6369a3f907be2e43dc84fa5f76c66e9c22b4a5ab?s=96&d=mm&r=g\",\"caption\":\"Oidossucios\"},\"sameAs\":[\"https:\/\/twitter.com\/oidossucios\"]}]}<\/script>\n<!-- \/ Yoast SEO plugin. -->","jetpack_sharing_enabled":true,"_links":{"self":[{"href":"https:\/\/www.oidossucios.com\/site\/wp-json\/wp\/v2\/posts\/744","targetHints":{"allow":["GET"]}}],"collection":[{"href":"https:\/\/www.oidossucios.com\/site\/wp-json\/wp\/v2\/posts"}],"about":[{"href":"https:\/\/www.oidossucios.com\/site\/wp-json\/wp\/v2\/types\/post"}],"author":[{"embeddable":true,"href":"https:\/\/www.oidossucios.com\/site\/wp-json\/wp\/v2\/users\/4"}],"replies":[{"embeddable":true,"href":"https:\/\/www.oidossucios.com\/site\/wp-json\/wp\/v2\/comments?post=744"}],"version-history":[{"count":0,"href":"https:\/\/www.oidossucios.com\/site\/wp-json\/wp\/v2\/posts\/744\/revisions"}],"wp:featuredmedia":[{"embeddable":true,"href":"https:\/\/www.oidossucios.com\/site\/wp-json\/wp\/v2\/media\/10000740"}],"wp:attachment":[{"href":"https:\/\/www.oidossucios.com\/site\/wp-json\/wp\/v2\/media?parent=744"}],"wp:term":[{"taxonomy":"category","embeddable":true,"href":"https:\/\/www.oidossucios.com\/site\/wp-json\/wp\/v2\/categories?post=744"},{"taxonomy":"post_tag","embeddable":true,"href":"https:\/\/www.oidossucios.com\/site\/wp-json\/wp\/v2\/tags?post=744"}],"curies":[{"name":"wp","href":"https:\/\/api.w.org\/{rel}","templated":true}]}}