{"id":7443,"date":"2013-06-19T06:39:00","date_gmt":"2013-06-19T06:39:00","guid":{"rendered":"https:\/\/www.oidossucios.com\/site\/2013\/06\/19\/los-no-name-mezclan-rock-y-comics-en-su-tema-promocional-sin-saber-por-que\/"},"modified":"2013-06-19T06:39:00","modified_gmt":"2013-06-19T06:39:00","slug":"los-no-name-mezclan-rock-y-comics-en-su-tema-promocional-sin-saber-por-que","status":"publish","type":"post","link":"https:\/\/www.oidossucios.com\/site\/los-no-name-mezclan-rock-y-comics-en-su-tema-promocional-sin-saber-por-que\/","title":{"rendered":"Los No Name mezclan rock y comics en su tema promocional &#8220;Sin saber por qu\u00e9&#8221;"},"content":{"rendered":"<p>El quinteto de rock maracayero Los No Name lanzan a emisoras de radio &#8220;Sin saber por qu\u00e9&#8221; el primer sencillo promocional de su m\u00e1s reciente \u00e1lbum <i>Sin mirar atr\u00e1s<\/i>, pr\u00f3ximo a estrenarse oficialmente por las redes sociales de la banda.<\/p>\n<p>Con influencias de Foo Fighters, Green Day, The Offspring e Iron Maiden, Los No Name est\u00e1n formados por&nbsp; Edgar Gonz\u00e1lez &#8211; Guitarra y coros, Jos\u00e9 Ferrigno \u0096 Bater\u00eda, Oscar Cruz \u0096 Bajo, Gabriel Cruz &#8211; Guitarra, teclado, coros y Will Gonz\u00e1lez &#8211; Guitarra y voz principal, este \u00faltimo encargado de dar vida a los personajes de comics representados por una banda de rebeldes que luchan en una sociedad donde el arte est\u00e1 prohibido, convirti\u00e9ndose en h\u00e9roes con s\u00faper poderes, el estilo de ilustraci\u00f3n de Will, est\u00e1 basado en el Comic Americano.<\/p>\n<p>&#8220;Sin saber por qu\u00e9&#8221; el primer sencillo del \u00e1lbum <i>Sin mirar atr\u00e1s<\/i>, es un potente promocional con un gran trabajo de guitarras a cargo de Will y Edgar, la historia de la canci\u00f3n forma parte de la trama de una historia contada en su totalidad en cuatro canciones del disco, donde se habla del dif\u00edcil proceso de frustraciones de un artista en sus diferentes etapas, hasta lograr el \u00e9xito. El tema fue producido por Rudy Pagliuca (nominado al Grammy por su trabajo con Viniloversus y La Vida Boheme) y mezclado en Argentina por Andr\u00e9s Mayo, ganador del Latin Grammy (Gustavo Cerati y Fito P\u00e1ez, entre otros). <\/p>\n<p><iframe loading=\"lazy\" width=\"100%\" scrolling=\"no\" height=\"166\" frameborder=\"no\" src=\"https:\/\/w.soundcloud.com\/player\/?url=http%3A%2F%2Fapi.soundcloud.com%2Ftracks%2F75335151\"><\/iframe><\/p>\n<p>M\u00e1s info:&nbsp; <a target=\"_blank\" href=\"http:\/\/www.losnoname.com\/\" rel=\"noopener noreferrer\"><\/p>\n<p>www.losnoname.com<\/a><br \/>@LosNoNameRock&nbsp;<br \/><a target=\"_blank\" href=\"http:\/\/facebook.com\/LosNoName\" rel=\"noopener noreferrer\">facebook.com\/LosNoName<\/a>&nbsp;<br \/><a target=\"_blank\" href=\"http:\/\/soundcloud.com\/LosNoName\" rel=\"noopener noreferrer\">soundcloud.com\/LosNoName<\/a>&nbsp;<br \/><a target=\"_blank\" href=\"http:\/\/reverbnation.com\/LosNoName\" rel=\"noopener noreferrer\">reverbnation.com\/LosNoName<\/a><\/p>\n<p><![endif]--><!--[if gte mso 10]> <\/style>\n\n <![endif]--><\/p>\n","protected":false},"excerpt":{"rendered":"<p>El quinteto de rock maracayero Los No Name lanzan a emisoras de radio &#8220;Sin saber por qu\u00e9&#8221; el primer sencillo promocional de su m\u00e1s reciente \u00e1lbum Sin mirar atr\u00e1s, pr\u00f3ximo a estrenarse oficialmente por las redes sociales de la banda. Con influencias de Foo Fighters, Green Day, The Offspring e Iron Maiden, Los No Name [&hellip;]<\/p>\n","protected":false},"author":4,"featured_media":100007443,"comment_status":"open","ping_status":"open","sticky":false,"template":"","format":"standard","meta":{"_jetpack_memberships_contains_paid_content":false,"footnotes":""},"categories":[142],"tags":[],"class_list":["post-7443","post","type-post","status-publish","format-standard","has-post-thumbnail","hentry","category-buzznews"],"jetpack_featured_media_url":"https:\/\/www.oidossucios.com\/site\/wp-content\/uploads\/2013\/06\/7443.jpg","yoast_head":"<!-- This site is optimized with the Yoast SEO plugin v14.0.4 - https:\/\/yoast.com\/wordpress\/plugins\/seo\/ -->\n<title>Los No Name mezclan rock y comics en su tema promocional &quot;Sin saber por qu\u00e9&quot; - OidosSucios.Com<\/title>\n<meta name=\"robots\" content=\"index, follow\" \/>\n<meta name=\"googlebot\" content=\"index, follow, max-snippet:-1, max-image-preview:large, max-video-preview:-1\" \/>\n<meta name=\"bingbot\" content=\"index, follow, max-snippet:-1, max-image-preview:large, max-video-preview:-1\" \/>\n<link rel=\"canonical\" href=\"https:\/\/www.oidossucios.com\/site\/los-no-name-mezclan-rock-y-comics-en-su-tema-promocional-sin-saber-por-que\/\" \/>\n<meta property=\"og:locale\" content=\"es_ES\" \/>\n<meta property=\"og:type\" content=\"article\" \/>\n<meta property=\"og:title\" content=\"Los No Name mezclan rock y comics en su tema promocional &quot;Sin saber por qu\u00e9&quot; - OidosSucios.Com\" \/>\n<meta property=\"og:description\" content=\"El quinteto de rock maracayero Los No Name lanzan a emisoras de radio &#8220;Sin saber por qu\u00e9&#8221; el primer sencillo promocional de su m\u00e1s reciente \u00e1lbum Sin mirar atr\u00e1s, pr\u00f3ximo a estrenarse oficialmente por las redes sociales de la banda. Con influencias de Foo Fighters, Green Day, The Offspring e Iron Maiden, Los No Name [&hellip;]\" \/>\n<meta property=\"og:url\" content=\"https:\/\/www.oidossucios.com\/site\/los-no-name-mezclan-rock-y-comics-en-su-tema-promocional-sin-saber-por-que\/\" \/>\n<meta property=\"og:site_name\" content=\"OidosSucios.Com\" \/>\n<meta property=\"article:published_time\" content=\"2013-06-19T06:39:00+00:00\" \/>\n<meta property=\"og:image\" content=\"https:\/\/www.oidossucios.com\/site\/wp-content\/uploads\/2013\/06\/7443.jpg\" \/>\n\t<meta property=\"og:image:width\" content=\"350\" \/>\n\t<meta property=\"og:image:height\" content=\"300\" \/>\n<meta name=\"twitter:card\" content=\"summary_large_image\" \/>\n<meta name=\"twitter:creator\" content=\"@oidossucios\" \/>\n<script type=\"application\/ld+json\" class=\"yoast-schema-graph\">{\"@context\":\"https:\/\/schema.org\",\"@graph\":[{\"@type\":\"WebSite\",\"@id\":\"https:\/\/www.oidossucios.com\/site\/#website\",\"url\":\"https:\/\/www.oidossucios.com\/site\/\",\"name\":\"OidosSucios.Com\",\"description\":\"M\\u00fasica, conciertos, discos\",\"potentialAction\":[{\"@type\":\"SearchAction\",\"target\":\"https:\/\/www.oidossucios.com\/site\/?s={search_term_string}\",\"query-input\":\"required name=search_term_string\"}],\"inLanguage\":\"es\"},{\"@type\":\"ImageObject\",\"@id\":\"https:\/\/www.oidossucios.com\/site\/los-no-name-mezclan-rock-y-comics-en-su-tema-promocional-sin-saber-por-que\/#primaryimage\",\"inLanguage\":\"es\",\"url\":\"https:\/\/www.oidossucios.com\/site\/wp-content\/uploads\/2013\/06\/7443.jpg\",\"width\":350,\"height\":300},{\"@type\":\"WebPage\",\"@id\":\"https:\/\/www.oidossucios.com\/site\/los-no-name-mezclan-rock-y-comics-en-su-tema-promocional-sin-saber-por-que\/#webpage\",\"url\":\"https:\/\/www.oidossucios.com\/site\/los-no-name-mezclan-rock-y-comics-en-su-tema-promocional-sin-saber-por-que\/\",\"name\":\"Los No Name mezclan rock y comics en su tema promocional \\\"Sin saber por qu\\u00e9\\\" - OidosSucios.Com\",\"isPartOf\":{\"@id\":\"https:\/\/www.oidossucios.com\/site\/#website\"},\"primaryImageOfPage\":{\"@id\":\"https:\/\/www.oidossucios.com\/site\/los-no-name-mezclan-rock-y-comics-en-su-tema-promocional-sin-saber-por-que\/#primaryimage\"},\"datePublished\":\"2013-06-19T06:39:00+00:00\",\"dateModified\":\"2013-06-19T06:39:00+00:00\",\"author\":{\"@id\":\"https:\/\/www.oidossucios.com\/site\/#\/schema\/person\/24559eeb76bf83a63296fb072393a688\"},\"inLanguage\":\"es\",\"potentialAction\":[{\"@type\":\"ReadAction\",\"target\":[\"https:\/\/www.oidossucios.com\/site\/los-no-name-mezclan-rock-y-comics-en-su-tema-promocional-sin-saber-por-que\/\"]}]},{\"@type\":[\"Person\"],\"@id\":\"https:\/\/www.oidossucios.com\/site\/#\/schema\/person\/24559eeb76bf83a63296fb072393a688\",\"name\":\"Oidossucios\",\"image\":{\"@type\":\"ImageObject\",\"@id\":\"https:\/\/www.oidossucios.com\/site\/#personlogo\",\"inLanguage\":\"es\",\"url\":\"https:\/\/secure.gravatar.com\/avatar\/74fcb480f42f1a33e50a0b6e6369a3f907be2e43dc84fa5f76c66e9c22b4a5ab?s=96&d=mm&r=g\",\"caption\":\"Oidossucios\"},\"sameAs\":[\"https:\/\/twitter.com\/oidossucios\"]}]}<\/script>\n<!-- \/ Yoast SEO plugin. -->","jetpack_sharing_enabled":true,"_links":{"self":[{"href":"https:\/\/www.oidossucios.com\/site\/wp-json\/wp\/v2\/posts\/7443","targetHints":{"allow":["GET"]}}],"collection":[{"href":"https:\/\/www.oidossucios.com\/site\/wp-json\/wp\/v2\/posts"}],"about":[{"href":"https:\/\/www.oidossucios.com\/site\/wp-json\/wp\/v2\/types\/post"}],"author":[{"embeddable":true,"href":"https:\/\/www.oidossucios.com\/site\/wp-json\/wp\/v2\/users\/4"}],"replies":[{"embeddable":true,"href":"https:\/\/www.oidossucios.com\/site\/wp-json\/wp\/v2\/comments?post=7443"}],"version-history":[{"count":0,"href":"https:\/\/www.oidossucios.com\/site\/wp-json\/wp\/v2\/posts\/7443\/revisions"}],"wp:featuredmedia":[{"embeddable":true,"href":"https:\/\/www.oidossucios.com\/site\/wp-json\/wp\/v2\/media\/100007443"}],"wp:attachment":[{"href":"https:\/\/www.oidossucios.com\/site\/wp-json\/wp\/v2\/media?parent=7443"}],"wp:term":[{"taxonomy":"category","embeddable":true,"href":"https:\/\/www.oidossucios.com\/site\/wp-json\/wp\/v2\/categories?post=7443"},{"taxonomy":"post_tag","embeddable":true,"href":"https:\/\/www.oidossucios.com\/site\/wp-json\/wp\/v2\/tags?post=7443"}],"curies":[{"name":"wp","href":"https:\/\/api.w.org\/{rel}","templated":true}]}}