{"id":7453,"date":"2013-06-20T18:33:00","date_gmt":"2013-06-20T18:33:00","guid":{"rendered":"https:\/\/www.oidossucios.com\/site\/2013\/06\/20\/cortos-rockers-2013-contara-con-respaldo-del-festival-elco\/"},"modified":"2013-06-20T18:33:00","modified_gmt":"2013-06-20T18:33:00","slug":"cortos-rockers-2013-contara-con-respaldo-del-festival-elco","status":"publish","type":"post","link":"https:\/\/www.oidossucios.com\/site\/cortos-rockers-2013-contara-con-respaldo-del-festival-elco\/","title":{"rendered":"Cortos Rockers 2013 contar\u00e1 con respaldo del Festival ELCO"},"content":{"rendered":"<p><![endif]-->Una nueva muestra de Cortos Rockers se exhibir\u00e1 el pr\u00f3ximo mi\u00e9rcoles 26 de junio en el templo del rock de Puerto La Cruz, Tibur\u00f3n Club, dando a conocer a los nuevos talentos nacionales en producci\u00f3n de videoclips. En esta tercera edici\u00f3n, la muestra contar\u00e1 con el respaldo de la Fundaci\u00f3n Festival de Cine Entre Largos y Cortos de Oriente, organizaci\u00f3n que ya es de menci\u00f3n obligada como importante promotor de la actividad cinematogr\u00e1fica en el pa\u00eds. A partir de esta edici\u00f3n, Cortos Rockers pasa a formar parte de las actividades permanentes de la  Fundaci\u00f3n Festival ELCO.<\/p>\n<p>Los realizadores audiovisuales tendr\u00e1n oportunidad hasta el pr\u00f3ximo domingo 23 de junio de enviar sus videoclips para esta muestra. Este a\u00f1o con el aliciente de que durante la misma se escoger\u00e1n tres trabajos que pasar\u00e1n a formar parte de la preselecci\u00f3n en esta categor\u00eda en el Festival ELCO 2013 a celebrarse del 16 al 20 de septiembre.<\/p>\n<p>Los realizadores interesados pueden ingresar al portal del Festival Elco,&nbsp; <a href=\"http:\/\/www.elcoriente.com\/\">www.elcoriente.com<\/a>, y postular su videoclip. Igualmente pueden consultar m\u00e1s informaci\u00f3n a trav\u00e9s de @CreativePeopleV y @festivalcinelco.<\/p>\n<p>La muestra en Tibur\u00f3n Club ser\u00e1 a partir de las 7 pm y contar\u00e1 con la presentaci\u00f3n en tarima de la agrupaci\u00f3n 3Som, ganadores del segundo circuito Oriente del Festival Nuevas Bandas 2013 en Puerto La Cruz.<!--[if gte mso 10]> \n\n<style>  \/* Style Definitions *\/  table.MsoNormalTable \t{mso-style-name:\"Tabla normal\"; \tmso-tstyle-rowband-size:0; \tmso-tstyle-colband-size:0; \tmso-style-noshow:yes; \tmso-style-priority:99; \tmso-style-qformat:yes; \tmso-style-parent:\"\"; \tmso-padding-alt:0cm 5.4pt 0cm 5.4pt; \tmso-para-margin:0cm; \tmso-para-margin-bottom:.0001pt; \tmso-pagination:widow-orphan; \tfont-size:11.0pt; \tfont-family:\"Calibri\",\"sans-serif\"; \tmso-ascii-font-family:Calibri; \tmso-ascii-theme-font:minor-latin; \tmso-fareast-font-family:\"Times New Roman\"; \tmso-fareast-theme-font:minor-fareast; \tmso-hansi-font-family:Calibri; \tmso-hansi-theme-font:minor-latin; \tmso-bidi-font-family:\"Times New Roman\"; \tmso-bidi-theme-font:minor-bidi;} <\/style>\n\n <![endif]--><!--nextpage--><img decoding=\"async\" class=\"aligncenter size-medium wp-image-111116935\" src=\"https:\/\/www.oidossucios.com\/site\/wp-content\/uploads\/2020\/02\/6935.jpg\" alt=\"Cortos Rockers 2013 contar\u00e1 con respaldo del Festival ELCO\"  \/><a href='https:\/\/www.oidossucios.com\/site\/cortos-rockers-2013-contara-con-respaldo-del-festival-elco\/2\/'\n                        onclick='if (tpsInstance) { tpsInstance.setNext(); return false; }'\n                        rel='next'\n                        style=''\n                        class=''>Ver galer\u00eda<\/a>]]><\/p>\n","protected":false},"excerpt":{"rendered":"<p>Una nueva muestra de Cortos Rockers se exhibir\u00e1 el pr\u00f3ximo mi\u00e9rcoles 26 de junio en el templo del rock de Puerto La Cruz, Tibur\u00f3n Club, dando a conocer a los nuevos talentos nacionales en producci\u00f3n de videoclips. En esta tercera edici\u00f3n, la muestra contar\u00e1 con el respaldo de la Fundaci\u00f3n Festival de Cine Entre Largos [&hellip;]<\/p>\n","protected":false},"author":4,"featured_media":100007453,"comment_status":"open","ping_status":"open","sticky":false,"template":"","format":"standard","meta":{"_jetpack_memberships_contains_paid_content":false,"footnotes":""},"categories":[142],"tags":[],"class_list":["post-7453","post","type-post","status-publish","format-standard","has-post-thumbnail","hentry","category-buzznews"],"jetpack_featured_media_url":"https:\/\/www.oidossucios.com\/site\/wp-content\/uploads\/2013\/06\/7453.jpg","yoast_head":"<!-- This site is optimized with the Yoast SEO plugin v14.0.4 - https:\/\/yoast.com\/wordpress\/plugins\/seo\/ -->\n<title>Cortos Rockers 2013 contar\u00e1 con respaldo del Festival ELCO - OidosSucios.Com<\/title>\n<meta name=\"robots\" content=\"index, follow\" \/>\n<meta name=\"googlebot\" content=\"index, follow, max-snippet:-1, max-image-preview:large, max-video-preview:-1\" \/>\n<meta name=\"bingbot\" content=\"index, follow, max-snippet:-1, max-image-preview:large, max-video-preview:-1\" \/>\n<link rel=\"canonical\" href=\"https:\/\/www.oidossucios.com\/site\/cortos-rockers-2013-contara-con-respaldo-del-festival-elco\/\" \/>\n<link rel=\"next\" href=\"https:\/\/www.oidossucios.com\/site\/cortos-rockers-2013-contara-con-respaldo-del-festival-elco\/2\/\" \/>\n<meta property=\"og:locale\" content=\"es_ES\" \/>\n<meta property=\"og:type\" content=\"article\" \/>\n<meta property=\"og:title\" content=\"Cortos Rockers 2013 contar\u00e1 con respaldo del Festival ELCO - OidosSucios.Com\" \/>\n<meta property=\"og:description\" content=\"Una nueva muestra de Cortos Rockers se exhibir\u00e1 el pr\u00f3ximo mi\u00e9rcoles 26 de junio en el templo del rock de Puerto La Cruz, Tibur\u00f3n Club, dando a conocer a los nuevos talentos nacionales en producci\u00f3n de videoclips. En esta tercera edici\u00f3n, la muestra contar\u00e1 con el respaldo de la Fundaci\u00f3n Festival de Cine Entre Largos [&hellip;]\" \/>\n<meta property=\"og:url\" content=\"https:\/\/www.oidossucios.com\/site\/cortos-rockers-2013-contara-con-respaldo-del-festival-elco\/\" \/>\n<meta property=\"og:site_name\" content=\"OidosSucios.Com\" \/>\n<meta property=\"article:published_time\" content=\"2013-06-20T18:33:00+00:00\" \/>\n<meta property=\"og:image\" content=\"https:\/\/www.oidossucios.com\/site\/wp-content\/uploads\/2013\/06\/7453.jpg\" \/>\n\t<meta property=\"og:image:width\" content=\"350\" \/>\n\t<meta property=\"og:image:height\" content=\"300\" \/>\n<meta name=\"twitter:card\" content=\"summary_large_image\" \/>\n<meta name=\"twitter:creator\" content=\"@oidossucios\" \/>\n<script type=\"application\/ld+json\" class=\"yoast-schema-graph\">{\"@context\":\"https:\/\/schema.org\",\"@graph\":[{\"@type\":\"WebSite\",\"@id\":\"https:\/\/www.oidossucios.com\/site\/#website\",\"url\":\"https:\/\/www.oidossucios.com\/site\/\",\"name\":\"OidosSucios.Com\",\"description\":\"M\\u00fasica, conciertos, discos\",\"potentialAction\":[{\"@type\":\"SearchAction\",\"target\":\"https:\/\/www.oidossucios.com\/site\/?s={search_term_string}\",\"query-input\":\"required name=search_term_string\"}],\"inLanguage\":\"es\"},{\"@type\":\"ImageObject\",\"@id\":\"https:\/\/www.oidossucios.com\/site\/cortos-rockers-2013-contara-con-respaldo-del-festival-elco\/#primaryimage\",\"inLanguage\":\"es\",\"url\":\"https:\/\/www.oidossucios.com\/site\/wp-content\/uploads\/2013\/06\/7453.jpg\",\"width\":350,\"height\":300},{\"@type\":\"WebPage\",\"@id\":\"https:\/\/www.oidossucios.com\/site\/cortos-rockers-2013-contara-con-respaldo-del-festival-elco\/#webpage\",\"url\":\"https:\/\/www.oidossucios.com\/site\/cortos-rockers-2013-contara-con-respaldo-del-festival-elco\/\",\"name\":\"Cortos Rockers 2013 contar\\u00e1 con respaldo del Festival ELCO - OidosSucios.Com\",\"isPartOf\":{\"@id\":\"https:\/\/www.oidossucios.com\/site\/#website\"},\"primaryImageOfPage\":{\"@id\":\"https:\/\/www.oidossucios.com\/site\/cortos-rockers-2013-contara-con-respaldo-del-festival-elco\/#primaryimage\"},\"datePublished\":\"2013-06-20T18:33:00+00:00\",\"dateModified\":\"2013-06-20T18:33:00+00:00\",\"author\":{\"@id\":\"https:\/\/www.oidossucios.com\/site\/#\/schema\/person\/24559eeb76bf83a63296fb072393a688\"},\"inLanguage\":\"es\",\"potentialAction\":[{\"@type\":\"ReadAction\",\"target\":[\"https:\/\/www.oidossucios.com\/site\/cortos-rockers-2013-contara-con-respaldo-del-festival-elco\/\"]}]},{\"@type\":[\"Person\"],\"@id\":\"https:\/\/www.oidossucios.com\/site\/#\/schema\/person\/24559eeb76bf83a63296fb072393a688\",\"name\":\"Oidossucios\",\"image\":{\"@type\":\"ImageObject\",\"@id\":\"https:\/\/www.oidossucios.com\/site\/#personlogo\",\"inLanguage\":\"es\",\"url\":\"https:\/\/secure.gravatar.com\/avatar\/74fcb480f42f1a33e50a0b6e6369a3f907be2e43dc84fa5f76c66e9c22b4a5ab?s=96&d=mm&r=g\",\"caption\":\"Oidossucios\"},\"sameAs\":[\"https:\/\/twitter.com\/oidossucios\"]}]}<\/script>\n<!-- \/ Yoast SEO plugin. -->","jetpack_sharing_enabled":true,"_links":{"self":[{"href":"https:\/\/www.oidossucios.com\/site\/wp-json\/wp\/v2\/posts\/7453","targetHints":{"allow":["GET"]}}],"collection":[{"href":"https:\/\/www.oidossucios.com\/site\/wp-json\/wp\/v2\/posts"}],"about":[{"href":"https:\/\/www.oidossucios.com\/site\/wp-json\/wp\/v2\/types\/post"}],"author":[{"embeddable":true,"href":"https:\/\/www.oidossucios.com\/site\/wp-json\/wp\/v2\/users\/4"}],"replies":[{"embeddable":true,"href":"https:\/\/www.oidossucios.com\/site\/wp-json\/wp\/v2\/comments?post=7453"}],"version-history":[{"count":0,"href":"https:\/\/www.oidossucios.com\/site\/wp-json\/wp\/v2\/posts\/7453\/revisions"}],"wp:featuredmedia":[{"embeddable":true,"href":"https:\/\/www.oidossucios.com\/site\/wp-json\/wp\/v2\/media\/100007453"}],"wp:attachment":[{"href":"https:\/\/www.oidossucios.com\/site\/wp-json\/wp\/v2\/media?parent=7453"}],"wp:term":[{"taxonomy":"category","embeddable":true,"href":"https:\/\/www.oidossucios.com\/site\/wp-json\/wp\/v2\/categories?post=7453"},{"taxonomy":"post_tag","embeddable":true,"href":"https:\/\/www.oidossucios.com\/site\/wp-json\/wp\/v2\/tags?post=7453"}],"curies":[{"name":"wp","href":"https:\/\/api.w.org\/{rel}","templated":true}]}}