{"id":7455,"date":"2013-06-21T18:54:00","date_gmt":"2013-06-21T18:54:00","guid":{"rendered":"https:\/\/www.oidossucios.com\/site\/2013\/06\/21\/este-domingo-en-fabricado-aca-se-revelara-el-cartel-oficial-del-festival-nuevas-bandas-2013\/"},"modified":"2013-06-21T18:54:00","modified_gmt":"2013-06-21T18:54:00","slug":"este-domingo-en-fabricado-aca-se-revelara-el-cartel-oficial-del-festival-nuevas-bandas-2013","status":"publish","type":"post","link":"https:\/\/www.oidossucios.com\/site\/este-domingo-en-fabricado-aca-se-revelara-el-cartel-oficial-del-festival-nuevas-bandas-2013\/","title":{"rendered":"Este domingo en Fabricado Ac\u00e1 se revelar\u00e1 el cartel oficial del Festival Nuevas Bandas 2013"},"content":{"rendered":"<p><![endif]--> <\/p>\n<p>Este domingo 23 de Junio de 2013&nbsp;la Fundaci\u00f3n Nuevas Bandas junto a EBG, anunciar\u00e1n detalles definitivos de lo que ser\u00e1 el Festival Nuevas Bandas 2013, en el programa radial&nbsp;Fabricado Ac\u00e1, transmitido los domingos&nbsp;de 9&nbsp;a 11 de la noche a nivel nacional por&nbsp;La Mega.<\/p>\n<p>El programa que cuenta con 15 a\u00f1os al aire y es conducido por el Presidente de la&nbsp;Fundaci\u00f3n Nuevas Bandas, F\u00e9lix Allueva, es el espacio ideal para que conozcas los detalles de la selecci\u00f3n, la propuesta musical de las bandas ganadoras de los circuitos, los artistas nacionales e internacionales invitados, las actividades que acompa\u00f1an al evento&nbsp;y m\u00e1s. <\/p>\n<p>Recordemos que durante el transcurso de las inscripciones para el Festival este a\u00f1o, m\u00e1s de 300 bandas de todo el pa\u00eds enviaron su material, superando por mucho el n\u00famero de agrupaciones inscritas en el 2012. De este n\u00famero se hizo una selecci\u00f3n de 54 agrupaciones que se dividieron en nueve Circuitos, representando cinco regiones del pa\u00eds: <b><\/p>\n<p>Oriental:<\/b>&nbsp;Anzo\u00e1tegui, Sucre, Monagas, Bol\u00edvar y Nueva Esparta.<b><br \/>Occidental<\/b>:&nbsp;Zulia, Falc\u00f3n, Cojedes y Portuguesa.<b><br \/>Andina:&nbsp;<\/b>M\u00e9rida, Trujillo, T\u00e1chira y Barinas.<b><br \/>Central:<\/b>&nbsp;Aragua, Lara, Carabobo, Gu\u00e1rico y Yaracuy.<b><br \/>Capital:&nbsp;<\/b>La Gran Caracas y Miranda.<\/p>\n<p>De esta manera, el cartel de participantes del Festival Nuevas Bandas 2013 qued\u00f3 integrado por:&nbsp;<b>Colectivo Breddas<\/b>&nbsp;(Cuman\u00e1),&nbsp;<b>3 Som<\/b>&nbsp;(Puerto La Cruz),&nbsp;<b>Del Pez<\/b>&nbsp;(Caracas)&nbsp;<b>Soires Naes<\/b>&nbsp;(Caracas),&nbsp;<b>Wannamaker<\/b>&nbsp;(Caracas),&nbsp;<b>Vltravioleta<\/b>&nbsp;(Caracas),&nbsp;<b>Mike Lemus<\/b>&nbsp;(Punto Fijo),&nbsp;<b>THE<\/b>&nbsp;(Barquisimeto), <b>Mind The Gap<\/b>&nbsp;(Valencia),&nbsp;<b>Hotel<\/b>&nbsp;(Maracaibo) y&nbsp;<b>\u00dcberCaf\u00e9<\/b>&nbsp;(San Crist\u00f3bal).<\/p>\n<p>El Festival Nuevas Bandas 2013 ser\u00e1 el 13 y 14 de julio en el estacionamiento de El Nacional. Los invitados especiales ser\u00e1n revelados este domingo 23 de Junio en el programa radial Fabricado Ac\u00e1 por La Mega.<\/p>\n<p>Tambi\u00e9n puedes escucharlo por&nbsp;<a target=\"_blank\" href=\"http:\/\/www.lamegaestacion.com\/\" rel=\"noopener noreferrer\">www.lamegaestacion.com<\/a>&nbsp;y seguir a @fabricadoaca \/ @nuevasbandas \/ @EBGpro&nbsp;<\/p>\n<p><!--[if gte mso 10]> <\/style>\n\n <![endif]--><\/p>\n","protected":false},"excerpt":{"rendered":"<p>Este domingo 23 de Junio la FNB junto a EBG, anunciar\u00e1n detalles definitivos de lo que ser\u00e1 el Festival Nuevas Bandas 2013, en el programa radial Fabricado Ac\u00e1, transmitido los domingos de 9 a 11 de la noche a nivel nacional por La Mega.<\/p>\n","protected":false},"author":4,"featured_media":100007455,"comment_status":"open","ping_status":"open","sticky":false,"template":"","format":"standard","meta":{"_jetpack_memberships_contains_paid_content":false,"footnotes":""},"categories":[250],"tags":[],"class_list":["post-7455","post","type-post","status-publish","format-standard","has-post-thumbnail","hentry","category-noticias"],"jetpack_featured_media_url":"https:\/\/www.oidossucios.com\/site\/wp-content\/uploads\/2013\/06\/7455.jpg","yoast_head":"<!-- This site is optimized with the Yoast SEO plugin v14.0.4 - https:\/\/yoast.com\/wordpress\/plugins\/seo\/ -->\n<title>Este domingo en Fabricado Ac\u00e1 se revelar\u00e1 el cartel oficial del Festival Nuevas Bandas 2013 - OidosSucios.Com<\/title>\n<meta name=\"description\" content=\"Este domingo 23 de Junio la FNB junto a EBG, anunciar\u00e1n detalles definitivos de lo que ser\u00e1 el Festival Nuevas Bandas 2013, en el programa radial Fabricado Ac\u00e1, transmitido los domingos de 9 a 11 de la noche a nivel nacional por La Mega.\" \/>\n<meta name=\"robots\" content=\"index, follow\" \/>\n<meta name=\"googlebot\" content=\"index, follow, max-snippet:-1, max-image-preview:large, max-video-preview:-1\" \/>\n<meta name=\"bingbot\" content=\"index, follow, max-snippet:-1, max-image-preview:large, max-video-preview:-1\" \/>\n<link rel=\"canonical\" href=\"https:\/\/www.oidossucios.com\/site\/este-domingo-en-fabricado-aca-se-revelara-el-cartel-oficial-del-festival-nuevas-bandas-2013\/\" \/>\n<meta property=\"og:locale\" content=\"es_ES\" \/>\n<meta property=\"og:type\" content=\"article\" \/>\n<meta property=\"og:title\" content=\"Este domingo en Fabricado Ac\u00e1 se revelar\u00e1 el cartel oficial del Festival Nuevas Bandas 2013 - OidosSucios.Com\" \/>\n<meta property=\"og:description\" content=\"Este domingo 23 de Junio la FNB junto a EBG, anunciar\u00e1n detalles definitivos de lo que ser\u00e1 el Festival Nuevas Bandas 2013, en el programa radial Fabricado Ac\u00e1, transmitido los domingos de 9 a 11 de la noche a nivel nacional por La Mega.\" \/>\n<meta property=\"og:url\" content=\"https:\/\/www.oidossucios.com\/site\/este-domingo-en-fabricado-aca-se-revelara-el-cartel-oficial-del-festival-nuevas-bandas-2013\/\" \/>\n<meta property=\"og:site_name\" content=\"OidosSucios.Com\" \/>\n<meta property=\"article:published_time\" content=\"2013-06-21T18:54:00+00:00\" \/>\n<meta property=\"og:image\" content=\"https:\/\/www.oidossucios.com\/site\/wp-content\/uploads\/2013\/06\/7455.jpg\" \/>\n\t<meta property=\"og:image:width\" content=\"350\" \/>\n\t<meta property=\"og:image:height\" content=\"300\" \/>\n<meta name=\"twitter:card\" content=\"summary_large_image\" \/>\n<meta name=\"twitter:creator\" content=\"@oidossucios\" \/>\n<script type=\"application\/ld+json\" class=\"yoast-schema-graph\">{\"@context\":\"https:\/\/schema.org\",\"@graph\":[{\"@type\":\"WebSite\",\"@id\":\"https:\/\/www.oidossucios.com\/site\/#website\",\"url\":\"https:\/\/www.oidossucios.com\/site\/\",\"name\":\"OidosSucios.Com\",\"description\":\"M\\u00fasica, conciertos, discos\",\"potentialAction\":[{\"@type\":\"SearchAction\",\"target\":\"https:\/\/www.oidossucios.com\/site\/?s={search_term_string}\",\"query-input\":\"required name=search_term_string\"}],\"inLanguage\":\"es\"},{\"@type\":\"ImageObject\",\"@id\":\"https:\/\/www.oidossucios.com\/site\/este-domingo-en-fabricado-aca-se-revelara-el-cartel-oficial-del-festival-nuevas-bandas-2013\/#primaryimage\",\"inLanguage\":\"es\",\"url\":\"https:\/\/www.oidossucios.com\/site\/wp-content\/uploads\/2013\/06\/7455.jpg\",\"width\":350,\"height\":300},{\"@type\":\"WebPage\",\"@id\":\"https:\/\/www.oidossucios.com\/site\/este-domingo-en-fabricado-aca-se-revelara-el-cartel-oficial-del-festival-nuevas-bandas-2013\/#webpage\",\"url\":\"https:\/\/www.oidossucios.com\/site\/este-domingo-en-fabricado-aca-se-revelara-el-cartel-oficial-del-festival-nuevas-bandas-2013\/\",\"name\":\"Este domingo en Fabricado Ac\\u00e1 se revelar\\u00e1 el cartel oficial del Festival Nuevas Bandas 2013 - OidosSucios.Com\",\"isPartOf\":{\"@id\":\"https:\/\/www.oidossucios.com\/site\/#website\"},\"primaryImageOfPage\":{\"@id\":\"https:\/\/www.oidossucios.com\/site\/este-domingo-en-fabricado-aca-se-revelara-el-cartel-oficial-del-festival-nuevas-bandas-2013\/#primaryimage\"},\"datePublished\":\"2013-06-21T18:54:00+00:00\",\"dateModified\":\"2013-06-21T18:54:00+00:00\",\"author\":{\"@id\":\"https:\/\/www.oidossucios.com\/site\/#\/schema\/person\/24559eeb76bf83a63296fb072393a688\"},\"description\":\"Este domingo 23 de Junio la FNB junto a EBG, anunciar\\u00e1n detalles definitivos de lo que ser\\u00e1 el Festival Nuevas Bandas 2013, en el programa radial Fabricado Ac\\u00e1, transmitido los domingos de 9 a 11 de la noche a nivel nacional por La Mega.\",\"inLanguage\":\"es\",\"potentialAction\":[{\"@type\":\"ReadAction\",\"target\":[\"https:\/\/www.oidossucios.com\/site\/este-domingo-en-fabricado-aca-se-revelara-el-cartel-oficial-del-festival-nuevas-bandas-2013\/\"]}]},{\"@type\":[\"Person\"],\"@id\":\"https:\/\/www.oidossucios.com\/site\/#\/schema\/person\/24559eeb76bf83a63296fb072393a688\",\"name\":\"Oidossucios\",\"image\":{\"@type\":\"ImageObject\",\"@id\":\"https:\/\/www.oidossucios.com\/site\/#personlogo\",\"inLanguage\":\"es\",\"url\":\"https:\/\/secure.gravatar.com\/avatar\/74fcb480f42f1a33e50a0b6e6369a3f907be2e43dc84fa5f76c66e9c22b4a5ab?s=96&d=mm&r=g\",\"caption\":\"Oidossucios\"},\"sameAs\":[\"https:\/\/twitter.com\/oidossucios\"]}]}<\/script>\n<!-- \/ Yoast SEO plugin. -->","jetpack_sharing_enabled":true,"_links":{"self":[{"href":"https:\/\/www.oidossucios.com\/site\/wp-json\/wp\/v2\/posts\/7455","targetHints":{"allow":["GET"]}}],"collection":[{"href":"https:\/\/www.oidossucios.com\/site\/wp-json\/wp\/v2\/posts"}],"about":[{"href":"https:\/\/www.oidossucios.com\/site\/wp-json\/wp\/v2\/types\/post"}],"author":[{"embeddable":true,"href":"https:\/\/www.oidossucios.com\/site\/wp-json\/wp\/v2\/users\/4"}],"replies":[{"embeddable":true,"href":"https:\/\/www.oidossucios.com\/site\/wp-json\/wp\/v2\/comments?post=7455"}],"version-history":[{"count":0,"href":"https:\/\/www.oidossucios.com\/site\/wp-json\/wp\/v2\/posts\/7455\/revisions"}],"wp:featuredmedia":[{"embeddable":true,"href":"https:\/\/www.oidossucios.com\/site\/wp-json\/wp\/v2\/media\/100007455"}],"wp:attachment":[{"href":"https:\/\/www.oidossucios.com\/site\/wp-json\/wp\/v2\/media?parent=7455"}],"wp:term":[{"taxonomy":"category","embeddable":true,"href":"https:\/\/www.oidossucios.com\/site\/wp-json\/wp\/v2\/categories?post=7455"},{"taxonomy":"post_tag","embeddable":true,"href":"https:\/\/www.oidossucios.com\/site\/wp-json\/wp\/v2\/tags?post=7455"}],"curies":[{"name":"wp","href":"https:\/\/api.w.org\/{rel}","templated":true}]}}