{"id":7457,"date":"2013-06-21T19:31:00","date_gmt":"2013-06-21T19:31:00","guid":{"rendered":"https:\/\/www.oidossucios.com\/site\/2013\/06\/21\/que-paso-con-el-regreso-de-mecano\/"},"modified":"2013-06-21T19:31:00","modified_gmt":"2013-06-21T19:31:00","slug":"que-paso-con-el-regreso-de-mecano","status":"publish","type":"post","link":"https:\/\/www.oidossucios.com\/site\/que-paso-con-el-regreso-de-mecano\/","title":{"rendered":"\u00bfQu\u00e9 pas\u00f3 con el regreso de Mecano?"},"content":{"rendered":"<p>Por <\/p>\n<p><![endif]-->La p\u00e1gina web del diario espa\u00f1ol El Confidencial, <a href=\"http:\/\/www.elconfidencial.com\/cultura\/2013\/06\/17\/mecano-maquillaje-lucha-pija-de-clases-y-marca-espana-123027\/\">public\u00f3 un art\u00edculo<\/a> que repasa la carrera, altos y bajos, m\u00e1s detalles de su posible reuni\u00f3n del archiconocido grupo Mecano.<\/p>\n<p>La dejamos a continuaci\u00f3n:<b><\/p>\n<p>Mecano: maquillaje, lucha (pija) de clases y Marca Espa\u00f1a<\/b><\/p>\n<p>Quiz\u00e1s recuerden ustedes la alucinante performance ocurrida en&nbsp;noviembre de 2011&nbsp;cuando el locutor&nbsp;Jos\u00e9 Antonio Abell\u00e1n&nbsp;anunci\u00f3 en exclusiva mundial el regreso de Mecano. Sus fans entraron en trance, el entorno del grupo desminti\u00f3 la noticia y media Espa\u00f1a&nbsp;se tir\u00f3 los trastos a la cabeza&nbsp;a cuenta del legado de la banda.<\/p>\n<p>Pues escuchen lo que dice ahora&nbsp;Miguel \u00c1ngel Arenas&nbsp;&#8220;Capi&#8221;, descubridor de los hermanos Cano y&nbsp;Alejandro Sanz, en el libro sobre Mecano que ha escrito&nbsp;Grace Morales&nbsp;(Madrid, 1969) y se publica el 24 de junio: &#8220;Lo dif\u00edcil es que saquen disco nuevo, ser\u00eda una probabilidad de una entre cien. Han pasado muchos a\u00f1os y ellos est\u00e1n en otras cosas. Pero que vuelvan a juntarse en una serie de conciertos en estadios por el mundo, patrocinados por un banco o por la Marca Espa\u00f1a, pues s\u00ed lo pueden hacer. Pero claro,&nbsp;siempre que un periodista no lo arruine, como sucedi\u00f3 la \u00faltima vez, que ya estaba cerrado y m\u00e1s que cerrado el regreso, que era la campa\u00f1a del Banco Exterior de Espa\u00f1a, y les reventaron la exclusiva. Imag\u00ednate si ma\u00f1ana haces una rueda de prensa para anunciar una&nbsp;gira mundial de Mecano con la Marca Espa\u00f1a\u0085&#8221;.<\/p>\n<p>Al margen de que el Banco Exterior de Espa\u00f1a no existe desde el pasado siglo (se refiere sin duda al BBVA) y de que pensar en&nbsp;Nacho Cano&nbsp;aporreando la torre de teclados para levantar Espa\u00f1a es lo m\u00e1s parecido a tomarse un tripi que hay ahora mismo en el mercado,&nbsp;el psicodrama del regreso fallido&nbsp;resume bien el fen\u00f3meno Mecano:<\/p>\n<p>1.&nbsp;Es el&nbsp;grupo de pop m\u00e1s famoso&nbsp;de la democracia.<br \/>2.&nbsp;Los espa\u00f1oles tienen una profunda&nbsp;relaci\u00f3n amor\/odio&nbsp;con sus miembros.<br \/>3.&nbsp;Mecano y Marca Espa\u00f1a&nbsp;podr\u00edan pasar por sin\u00f3nimos. El an\u00e1lisis profundo de estos tres puntos (y de muchos m\u00e1s) est\u00e1 en el fascinante ensayo de Grace Morales (Mecano 82. La construcci\u00f3n del mayor fen\u00f3meno del pop espa\u00f1ol) sobre los entresijos del primer disco de la banda.<\/p>\n<p>El&nbsp;ensayo, que publicara Lengua de Trapo en su colecci\u00f3n Cara B, trasciende su condici\u00f3n de libro sobre disco para transformarse en un&nbsp;espejo entre realista y deformante&nbsp;(por su condici\u00f3n de revisi\u00f3n cr\u00edtica)&nbsp;de la Espa\u00f1a de 1982. Morales, popularmente conocida por sus art\u00edculos en&nbsp;Mondo Brutto, hace varias cosas ins\u00f3litas en el contexto de la cr\u00edtica musical espa\u00f1ola; por ejemplo, dar importancia al sesgo de clase. &#8220;Los pocos fen\u00f3menos pop de \u00e9xito que ha habido en Espa\u00f1a, de los Brincos en adelante,&nbsp;han surgido de una clase social determinada: la acomodada, la que se pod\u00eda permitir viajar al extranjero y comprar discos&#8221;, cuenta a&nbsp;El Confidencial.<\/p>\n<p>Este enfoque no tiene nada de revisionista. Los primeros que calificaron a Mecano de &#8220;pijos&#8221; fueron los popes de la Movida, encabezados por&nbsp;Alaska&nbsp;y&nbsp;Nacho Canut, pioneros de la&nbsp;corriente de odio a Mecano&nbsp;que dura hasta hoy. &#8220;Ahora puede parecer pintoresco pero entonces, cuando yo era una adolescente, o eras de Alaska y los Pegamoides o eras de Mecano&#8221;, aclara Morales.<\/p>\n<p>Con el enfrentamiento Alaska\/Mecano pasaba un poco como con&nbsp;la gran guerra espa\u00f1ola de la democracia&nbsp;(PP versus PSOE): en cuanto rascabas se difuminaban las diferencias. Un antagonismo que&nbsp;no iba mucho m\u00e1s all\u00e1 de lo est\u00e9tico. &#8220;Las bandas enfrentadas ven\u00edan del mismo estrato social&#8221;, aclara Morales. Por tanto, no hab\u00eda razones de lucha de clases para calificar de &#8220;pijos&#8221; a Mecano. Las diferencias ten\u00edan que ver con la actitud:&nbsp;Mecano se salt\u00f3 el underground&nbsp;(grabar maquetas, ir a los programas de radio molones) para publicar directamente en una multinacional y a todo trapo. &#8220;Su \u00e9xito instant\u00e1neo provoc\u00f3 envidia, aunque otros grupos de la Movida triunfar\u00edan poco despu\u00e9s, pero quiz\u00e1s lo que m\u00e1s molestaba era&nbsp;su falta de autenticidad: que en las portadas de los discos salieran vestidos con&nbsp;ropa que nunca se pondr\u00edan en la calle, su falta de sentido del humor para reconocerlo o que no estuvieran al d\u00eda musicalmente. Mecano reaccionaron mal a estas cr\u00edticas y calificaron de &#8220;cutres&#8221; a las otras bandas&#8221;, resume Morales.<b><\/p>\n<p>&#8220;Punkitos y pobres&#8221;<\/b><\/p>\n<p>Ana Torroja&nbsp;contraatac\u00f3 en pleno fragor de la batalla pop ochentera: &#8220;De los Alaskitos te puedo decir que Nacho Canut&nbsp;es hijo del dentista del rey, la Alaska es hija del embajador de no-s\u00e9-donde, el&nbsp;Carlos Berlanga&nbsp;es hijo de Berlanga\u0085. o sea, que a m\u00ed no me cuenten historias raras. Que muy bien que te apetezca pasar de la historia de que tu padre tiene mucho dinero y te apetece ser punkie-jipi, pero es evidente a la clase a la que perteneces\u0085 Yo no tengo nada en contra de ellos,&nbsp;si les apetece ir de punkitos y de pobres, all\u00e1 ellos, lo que pasa es que si se meten conmigo tienes moralmente derecho a r\u00e9plica. Te podr\u00eda decir que Alaska no canta bien\u0085 y\u0085 bueno, mejor me callo\u0085&#8221;, se recoge en el ensayo.<\/p>\n<p>Morales resume as\u00ed las contradicciones del enfrentamiento &#8220;aut\u00e9nticos&#8221; versus &#8220;pijos&#8221;:&nbsp;&#8220;\u00bfEn qu\u00e9 consist\u00eda ser &#8220;aut\u00e9ntico&#8221;?&nbsp;No quedaba muy claro. Todo era una cuesti\u00f3n muy relativa de pareceres y, sobre todo, de actitud. Es decir, que si Alaska llevaba afirmando muy seria desde ni\u00f1a que&nbsp;ella lo que quer\u00eda llegar a ser era muy famosa y forrarse con la m\u00fasica, a nadie se le ocurr\u00eda pensar que esa no era la actitud correcta en un m\u00fasico aut\u00e9ntico, sino una soberbia petardada, pero su grupo encabez\u00f3 la banda de linchamiento a Mecano, por simples razones de gusto, seguidos de un pelot\u00f3n de fans enfurecidos por alguna raz\u00f3n (entre los que se encontraba, lo reconozco, quien firma esto)&#8221;.<\/p>\n<p>Otro aspecto que pone en duda el antagonismo Mecano\/Alaska: ambos compart\u00edan una concepci\u00f3n de la&nbsp;m\u00fasica como experiencia est\u00e9tica desideologizada, caracter\u00edstica cl\u00e1sica de la cultura ochentera (a\u00f1os de despreocupaci\u00f3n y de no me vengas con rollos) que Mecano llevar\u00eda al extremo. La palabra clave aqu\u00ed es &#8220;maquillaje&#8221;, nombre de uno de los primeros hits de Mecano, pero tambi\u00e9n&nbsp;concepto fetiche de su generaci\u00f3n.<b><\/p>\n<p>Imagen apol\u00edtica<\/b><\/p>\n<p>La obsesi\u00f3n de la Movida por el aspecto externo y los complementos de moda sirvi\u00f3 de ariete de entrada a nuestra posmodernidad:&nbsp;larga vida a la frivolidad, muerte al compromiso ideol\u00f3gico. &#8220;Las pelucas, el maquillaje y el r\u00edmel forman parte obsesiva de la cultura de la \u00e9poca en canciones y pel\u00edculas, aunque quiz\u00e1s fueran Mecano los menos conflictivos de todos los grupos, los m\u00e1s inofensivos, los m\u00e1s aptos para todos los p\u00fablicos&#8221;, resume Morales.<\/p>\n<p>Una imagen apol\u00edtica (a estas alturas ya sabemos que apol\u00edtico es una ideolog\u00eda como otra cualquiera) que Mecano alimentaban cada vez que ten\u00edan oportunidad, como demuestran estas declaraciones de&nbsp;Jos\u00e9 Mar\u00eda Cano&nbsp;a mediados de los ochenta: &#8220;Mecano ha sido desde siempre el grupo con menos idea pol\u00edtica.&nbsp;Nacho y Ana son gente que pasa totalmente; lo m\u00e1s que pueden hacer al respecto es alg\u00fan chiste&#8221;. &#8220;En casa puedes ser lo que quieras, budista, comunista, falangista, da igual\u0085, pero en el escenario hay que ser un profesional&#8221;.<\/p>\n<p>Lo contradictorio de este acogedor limbo pos ideol\u00f3gico es que Mecano&nbsp;se acab\u00f3 convirtiendo en el grupo al que recurr\u00edan las altas autoridades del Estado bipartidista cada vez que hab\u00eda que celebrar algo, se llamara Expo 92, boda de los pr\u00edncipes o candidaturas ol\u00edmpicas. Tanto el PSOE como AP hicieron gui\u00f1os a la banda. Las canciones<br \/>\n de Mecano sirvieron de banda sonora a algunos de los hitos institucionales de la democracia. Que no fuera una estrategia consciente por parte de los miembros del grupo no hace sino reforzar&nbsp;la irresistible fuerza de lo apol\u00edtico como aglutinante pol\u00edtico. O el consenso v\u00eda listas de venta.<b><\/p>\n<p>Libertad de ocio y consumo<\/b><\/p>\n<p>&#8220;&#8221;Maquillaje&#8221;, la saltarina, ligera e irritante apolog\u00eda del circo de la modernidad, pod\u00eda ser interpretada como una&nbsp;simple historia preadolescente sin ning\u00fan tipo de contenido o mensaje provocador, que es como la ley\u00f3 el p\u00fablico, adem\u00e1s de sonar en absolutamente todo el pa\u00eds, desde los \u00e1ticos y yates m\u00e1s exclusivos al&nbsp;discopaf&nbsp;m\u00e1s modesto y la terraza con botijo y sif\u00f3n, pero representa tambi\u00e9n el triunfo de esa sociedad que quer\u00eda libertad, pero sobre todo libertad de ocio y de consumo, y que para ello necesitaba riqueza&#8221;, se lee en el libro, prologado por el periodista&nbsp;Guillem Mart\u00ednez.<\/p>\n<p>La autora, al tratar de aclarar c\u00f3mo un &#8220;tr\u00edo debutante, sin experiencia, sin casi hab\u00e9rselo propuesto, se convierte en un portento comercial&#8221;,&nbsp;desmiente que Mecano fuera s\u00f3lo un grupo para pijos. &#8220;Conect\u00f3 de forma abrumadora con una enorme cantidad de gente en pocos meses. A diferencia de lo que afirman sus detractores, es un \u00e9xito interclases. Provocan entusiasmo en casi todos los estratos de la sociedad. Por supuesto, es devoci\u00f3n lo que tienen por ellos los pijos de la \u00e9poca, y quedar\u00e1n como&nbsp;la m\u00fasica preferida del Pr\u00edncipe, las Infantas, la jet set y la mayor\u00eda de nuestros gestores, presidentes y altos cargos cuando se formaban para tales puestos. Pero tambi\u00e9n llegaron a la burgues\u00eda de la ciudad, los colegios del extrarradio y los pueblos peque\u00f1os. El pop que ofrecen en sus primeras grabaciones, desde 1981 a 1982, es&nbsp;atemporal, de ese t\u00fanel sin memoria que fueron los ochenta. Puede ser interpretado bajo diversas lecturas, y as\u00ed llega a casi todas partes, no solo a las clases privilegiadas, que era uno de los argumentos arrojadizos contra Mecano, eso de &#8220;grupo pijo para pijos&#8221;, que desde luego lo fue&#8221;.<b><\/p>\n<p>El armario de Mecano<\/b><\/p>\n<p>&#8220;Desprovisto en apariencia de ideolog\u00eda&#8221;, seg\u00fan Morales, Mecano irrumpi\u00f3 a principio de los ochenta &#8220;dispuestos a convertirse en el grupo m\u00e1s relevante de la m\u00fasica pop espa\u00f1ola&#8221;. Lo lograron a base de &#8220;ingenio, potencial y una fuerza mercantil gigantesca&#8221;.<\/p>\n<p>La sociedad de 1982 los recibi\u00f3 &#8220;con los brazos abiertos&#8221;.&nbsp;Fue el inicio de un mito m\u00e1s all\u00e1 de la m\u00fasica. Lo que los nuevos espa\u00f1oles necesitaban. La comuni\u00f3n democr\u00e1tica total: &#8220;Su pop de l\u00ednea clara, repleto de canciones pegadizas, era la herramienta perfecta para ambientar esa parcela amable, moderna y de confort que muchos quer\u00edan edificar sobre un espacio gris, atrasado y taciturno&#8230; Si se hab\u00edan desembarazado de un pasado problem\u00e1tico, simplemente escondi\u00e9ndolo bajo la alfombra del consenso y tropezando cada dos pasos sobre \u00e9l, habr\u00eda que&nbsp;afrontar la imparable m\u00e1quina de la modernidad&nbsp;en suelo tan dif\u00edcil con&nbsp;ritmos f\u00e1ciles, vestidos de fantas\u00eda y letras evocadoras&#8221;.<\/p>\n<p>Morales tambi\u00e9n afila el l\u00e1piz para describir la est\u00e9tica de una \u00e9poca. Escalofriantes son las descripciones donde se analiza&nbsp;la evoluci\u00f3n del guardarropa de Mecano. Dos momentos estelares para cerrar el art\u00edculo por todo lo alto:<\/p>\n<p>1.&nbsp;&#8220;Contribuy\u00f3 a la leyenda la foto de la portada del primer single&nbsp;&#8220;Hoy no me puedo levantar&#8221;.&nbsp;El tr\u00edo nos miraba desde un decorado grecorromano&nbsp;(en realidad, simple columna de escayola con vasija encima y un lienzo de fondo). S\u00f3lo Nacho Cano miraba de frente, con blusa de se\u00f1ora con lazo en el cuello, sosteniendo una bola blanca en las manos, como un Peque\u00f1o Lord (apuesto que ya con botas de tac\u00f3n)\u0085 Jos\u00e9 Mar\u00eda, detr\u00e1s de ella, manos en los bolsillos,&nbsp;camisa de se\u00f1ora con puntillas y lazo, luc\u00eda unos inolvidables mocasines de ejecutivo.<\/p>\n<p>2.&nbsp;&#8220;En su primer envoltorio combinan el estilo &#8220;de vestir&#8221; de los grupos anglosajones de los ochenta&#8230; Pero enseguida lo adaptar\u00e1n a su circunstancia: los torsos desnudos (perdici\u00f3n de Nacho Cano y despu\u00e9s de Jos\u00e9 Mar\u00eda),&nbsp;hasta el exhibicionismo total cultivado en el gimnasio&nbsp;de la segunda mitad de los ochenta hasta los a\u00f1os noventa, una obsesi\u00f3n en la que se adelantaron a Alaska y Dinarama. Con el encantamiento definitivo, mezclar el&nbsp;look gym&nbsp;con pinceladas raciales, para hacer salivar a cientos de miles de devotos hispanos de la moda hortera-rock, todos los que so\u00f1aron alguna vez con llevar a una chica guapa a lomos de un caballo por la playa:&nbsp;posados de flamenquito pop, melenas largas y mojadas, tacones cubanos, camisetas imperio, sombreros vaqueros, cazadoras de aviador, flecos y traje de luces para se\u00f1ora&#8221;.<!--[if gte mso 10]> <\/style>\n\n <![endif]--><\/p>\n","protected":false},"excerpt":{"rendered":"<p>La p\u00e1gina web del diario espa\u00f1ol El Confidencial, public\u00f3 un art\u00edculo que repasa la carrera, altos y bajos, m\u00e1s detalles de su posible reuni\u00f3n del archiconocido grupo Mecano. <\/p>\n","protected":false},"author":4,"featured_media":100007457,"comment_status":"open","ping_status":"open","sticky":false,"template":"","format":"standard","meta":{"_jetpack_memberships_contains_paid_content":false,"footnotes":""},"categories":[685],"tags":[],"class_list":["post-7457","post","type-post","status-publish","format-standard","has-post-thumbnail","hentry","category-ultima"],"jetpack_featured_media_url":"https:\/\/www.oidossucios.com\/site\/wp-content\/uploads\/2013\/06\/7457.jpg","yoast_head":"<!-- This site is optimized with the Yoast SEO plugin v14.0.4 - https:\/\/yoast.com\/wordpress\/plugins\/seo\/ -->\n<title>\u00bfQu\u00e9 pas\u00f3 con el regreso de Mecano? - OidosSucios.Com<\/title>\n<meta name=\"description\" content=\"La p\u00e1gina web del diario espa\u00f1ol El Confidencial, public\u00f3 un art\u00edculo que repasa la carrera, altos y bajos, m\u00e1s detalles de su posible reuni\u00f3n del archiconocido grupo Mecano.\" \/>\n<meta name=\"robots\" content=\"index, follow\" \/>\n<meta name=\"googlebot\" content=\"index, follow, max-snippet:-1, max-image-preview:large, max-video-preview:-1\" \/>\n<meta name=\"bingbot\" content=\"index, follow, max-snippet:-1, max-image-preview:large, max-video-preview:-1\" \/>\n<link rel=\"canonical\" href=\"https:\/\/www.oidossucios.com\/site\/que-paso-con-el-regreso-de-mecano\/\" \/>\n<meta property=\"og:locale\" content=\"es_ES\" \/>\n<meta property=\"og:type\" content=\"article\" \/>\n<meta property=\"og:title\" content=\"\u00bfQu\u00e9 pas\u00f3 con el regreso de Mecano? - OidosSucios.Com\" \/>\n<meta property=\"og:description\" content=\"La p\u00e1gina web del diario espa\u00f1ol El Confidencial, public\u00f3 un art\u00edculo que repasa la carrera, altos y bajos, m\u00e1s detalles de su posible reuni\u00f3n del archiconocido grupo Mecano.\" \/>\n<meta property=\"og:url\" content=\"https:\/\/www.oidossucios.com\/site\/que-paso-con-el-regreso-de-mecano\/\" \/>\n<meta property=\"og:site_name\" content=\"OidosSucios.Com\" \/>\n<meta property=\"article:published_time\" content=\"2013-06-21T19:31:00+00:00\" \/>\n<meta property=\"og:image\" content=\"https:\/\/www.oidossucios.com\/site\/wp-content\/uploads\/2013\/06\/7457.jpg\" \/>\n\t<meta property=\"og:image:width\" content=\"350\" \/>\n\t<meta property=\"og:image:height\" content=\"300\" \/>\n<meta name=\"twitter:card\" content=\"summary_large_image\" \/>\n<meta name=\"twitter:creator\" content=\"@oidossucios\" \/>\n<script type=\"application\/ld+json\" class=\"yoast-schema-graph\">{\"@context\":\"https:\/\/schema.org\",\"@graph\":[{\"@type\":\"WebSite\",\"@id\":\"https:\/\/www.oidossucios.com\/site\/#website\",\"url\":\"https:\/\/www.oidossucios.com\/site\/\",\"name\":\"OidosSucios.Com\",\"description\":\"M\\u00fasica, conciertos, discos\",\"potentialAction\":[{\"@type\":\"SearchAction\",\"target\":\"https:\/\/www.oidossucios.com\/site\/?s={search_term_string}\",\"query-input\":\"required name=search_term_string\"}],\"inLanguage\":\"es\"},{\"@type\":\"ImageObject\",\"@id\":\"https:\/\/www.oidossucios.com\/site\/que-paso-con-el-regreso-de-mecano\/#primaryimage\",\"inLanguage\":\"es\",\"url\":\"https:\/\/www.oidossucios.com\/site\/wp-content\/uploads\/2013\/06\/7457.jpg\",\"width\":350,\"height\":300},{\"@type\":\"WebPage\",\"@id\":\"https:\/\/www.oidossucios.com\/site\/que-paso-con-el-regreso-de-mecano\/#webpage\",\"url\":\"https:\/\/www.oidossucios.com\/site\/que-paso-con-el-regreso-de-mecano\/\",\"name\":\"\\u00bfQu\\u00e9 pas\\u00f3 con el regreso de Mecano? - OidosSucios.Com\",\"isPartOf\":{\"@id\":\"https:\/\/www.oidossucios.com\/site\/#website\"},\"primaryImageOfPage\":{\"@id\":\"https:\/\/www.oidossucios.com\/site\/que-paso-con-el-regreso-de-mecano\/#primaryimage\"},\"datePublished\":\"2013-06-21T19:31:00+00:00\",\"dateModified\":\"2013-06-21T19:31:00+00:00\",\"author\":{\"@id\":\"https:\/\/www.oidossucios.com\/site\/#\/schema\/person\/24559eeb76bf83a63296fb072393a688\"},\"description\":\"La p\\u00e1gina web del diario espa\\u00f1ol El Confidencial, public\\u00f3 un art\\u00edculo que repasa la carrera, altos y bajos, m\\u00e1s detalles de su posible reuni\\u00f3n del archiconocido grupo Mecano.\",\"inLanguage\":\"es\",\"potentialAction\":[{\"@type\":\"ReadAction\",\"target\":[\"https:\/\/www.oidossucios.com\/site\/que-paso-con-el-regreso-de-mecano\/\"]}]},{\"@type\":[\"Person\"],\"@id\":\"https:\/\/www.oidossucios.com\/site\/#\/schema\/person\/24559eeb76bf83a63296fb072393a688\",\"name\":\"Oidossucios\",\"image\":{\"@type\":\"ImageObject\",\"@id\":\"https:\/\/www.oidossucios.com\/site\/#personlogo\",\"inLanguage\":\"es\",\"url\":\"https:\/\/secure.gravatar.com\/avatar\/74fcb480f42f1a33e50a0b6e6369a3f907be2e43dc84fa5f76c66e9c22b4a5ab?s=96&d=mm&r=g\",\"caption\":\"Oidossucios\"},\"sameAs\":[\"https:\/\/twitter.com\/oidossucios\"]}]}<\/script>\n<!-- \/ Yoast SEO plugin. -->","jetpack_sharing_enabled":true,"_links":{"self":[{"href":"https:\/\/www.oidossucios.com\/site\/wp-json\/wp\/v2\/posts\/7457","targetHints":{"allow":["GET"]}}],"collection":[{"href":"https:\/\/www.oidossucios.com\/site\/wp-json\/wp\/v2\/posts"}],"about":[{"href":"https:\/\/www.oidossucios.com\/site\/wp-json\/wp\/v2\/types\/post"}],"author":[{"embeddable":true,"href":"https:\/\/www.oidossucios.com\/site\/wp-json\/wp\/v2\/users\/4"}],"replies":[{"embeddable":true,"href":"https:\/\/www.oidossucios.com\/site\/wp-json\/wp\/v2\/comments?post=7457"}],"version-history":[{"count":0,"href":"https:\/\/www.oidossucios.com\/site\/wp-json\/wp\/v2\/posts\/7457\/revisions"}],"wp:featuredmedia":[{"embeddable":true,"href":"https:\/\/www.oidossucios.com\/site\/wp-json\/wp\/v2\/media\/100007457"}],"wp:attachment":[{"href":"https:\/\/www.oidossucios.com\/site\/wp-json\/wp\/v2\/media?parent=7457"}],"wp:term":[{"taxonomy":"category","embeddable":true,"href":"https:\/\/www.oidossucios.com\/site\/wp-json\/wp\/v2\/categories?post=7457"},{"taxonomy":"post_tag","embeddable":true,"href":"https:\/\/www.oidossucios.com\/site\/wp-json\/wp\/v2\/tags?post=7457"}],"curies":[{"name":"wp","href":"https:\/\/api.w.org\/{rel}","templated":true}]}}