{"id":7465,"date":"2013-06-25T06:03:00","date_gmt":"2013-06-25T06:03:00","guid":{"rendered":"https:\/\/www.oidossucios.com\/site\/2013\/06\/25\/steven-tyler-prepara-su-primer-disco-en-solitario\/"},"modified":"2013-06-25T06:03:00","modified_gmt":"2013-06-25T06:03:00","slug":"steven-tyler-prepara-su-primer-disco-en-solitario","status":"publish","type":"post","link":"https:\/\/www.oidossucios.com\/site\/steven-tyler-prepara-su-primer-disco-en-solitario\/","title":{"rendered":"Steven Tyler prepara su primer disco en solitario"},"content":{"rendered":"<p>El vocalista de Aerosmith, Steven Tyler, ha revelado que el&nbsp;pr\u00f3ximo a\u00f1o debutar\u00e1 como solista, con un primer \u00e1lbum que llegar\u00e1 despu\u00e9s de m\u00e1s de cuarenta a\u00f1os en la legendaria banda de Boston.<\/p>\n<p>Por ahora el cantante no ha dado muchos m\u00e1s detalles, aunque asegura que hay &#8220;grandes personas que se quieren involucrar&#8221;, al tiempo que avanza que su&nbsp;intenci\u00f3n es &#8220;hacer algo muy diferente&#8221; a Aerosmith.<\/p>\n<p>&#8220;Tengo la necesidad de hacer un disco en solitario, y ese es mi pr\u00f3ximo proyecto. El \u00faltimo disco de Aerosmith fue un uno para todos y todos para uno, pero en mi coraz\u00f3n&nbsp;hay material extra\u00f1o que no s\u00e9 si a los otros chicos les gustar\u00eda&#8221;,&nbsp;ha explicado en una entrevista con Rolling Stone, en la que admite que la m\u00fasica electr\u00f3nica le parece muy interesante.<\/p>\n<p>En esta l\u00ednea, Tyler a\u00f1ade que es un &#8220;gran fan&#8221; de Skrillex, y cuenta que alguna vez ha comido con Deadmau5:&nbsp;&#8220;\u00c9l tiene incre\u00edbles ideas para su pr\u00f3xima gira, me alucina lo que va a hacer. Yo quiero salir fuera y explorar cosas. Realmente quiero correr algunos riesgos y hacer algo solo&#8221;.<\/p>\n<p>&#8220;Aerosmith va a estar tocando,&nbsp;nos vamos pr\u00f3ximamente a China y Singapur. Aerosmith siempre va a estar ah\u00ed, tengo esta necesidad y s\u00e9 como calmarla&#8221;, sentencia Tyler.<\/p>\n<p>Fuente: www.rollingstone.es<![endif]--><!--[if gte mso 10]> <\/style>\n\n <![endif]--><\/p>\n","protected":false},"excerpt":{"rendered":"<p>El vocalista de Aerosmith, Steven Tyler, ha revelado que el&nbsp;pr\u00f3ximo a\u00f1o debutar\u00e1 como solista, con un primer \u00e1lbum que llegar\u00e1 despu\u00e9s de m\u00e1s de cuarenta a\u00f1os en la legendaria banda de Boston. Por ahora el cantante no ha dado muchos m\u00e1s detalles, aunque asegura que hay &#8220;grandes personas que se quieren involucrar&#8221;, al tiempo que [&hellip;]<\/p>\n","protected":false},"author":4,"featured_media":100007465,"comment_status":"open","ping_status":"open","sticky":false,"template":"","format":"standard","meta":{"_jetpack_memberships_contains_paid_content":false,"footnotes":""},"categories":[142],"tags":[],"class_list":["post-7465","post","type-post","status-publish","format-standard","has-post-thumbnail","hentry","category-buzznews"],"jetpack_featured_media_url":"https:\/\/www.oidossucios.com\/site\/wp-content\/uploads\/2013\/06\/7465.jpg","yoast_head":"<!-- This site is optimized with the Yoast SEO plugin v14.0.4 - https:\/\/yoast.com\/wordpress\/plugins\/seo\/ -->\n<title>Steven Tyler prepara su primer disco en solitario - OidosSucios.Com<\/title>\n<meta name=\"robots\" content=\"index, follow\" \/>\n<meta name=\"googlebot\" content=\"index, follow, max-snippet:-1, max-image-preview:large, max-video-preview:-1\" \/>\n<meta name=\"bingbot\" content=\"index, follow, max-snippet:-1, max-image-preview:large, max-video-preview:-1\" \/>\n<link rel=\"canonical\" href=\"https:\/\/www.oidossucios.com\/site\/steven-tyler-prepara-su-primer-disco-en-solitario\/\" \/>\n<meta property=\"og:locale\" content=\"es_ES\" \/>\n<meta property=\"og:type\" content=\"article\" \/>\n<meta property=\"og:title\" content=\"Steven Tyler prepara su primer disco en solitario - OidosSucios.Com\" \/>\n<meta property=\"og:description\" content=\"El vocalista de Aerosmith, Steven Tyler, ha revelado que el&nbsp;pr\u00f3ximo a\u00f1o debutar\u00e1 como solista, con un primer \u00e1lbum que llegar\u00e1 despu\u00e9s de m\u00e1s de cuarenta a\u00f1os en la legendaria banda de Boston. Por ahora el cantante no ha dado muchos m\u00e1s detalles, aunque asegura que hay &#8220;grandes personas que se quieren involucrar&#8221;, al tiempo que [&hellip;]\" \/>\n<meta property=\"og:url\" content=\"https:\/\/www.oidossucios.com\/site\/steven-tyler-prepara-su-primer-disco-en-solitario\/\" \/>\n<meta property=\"og:site_name\" content=\"OidosSucios.Com\" \/>\n<meta property=\"article:published_time\" content=\"2013-06-25T06:03:00+00:00\" \/>\n<meta property=\"og:image\" content=\"https:\/\/www.oidossucios.com\/site\/wp-content\/uploads\/2013\/06\/7465.jpg\" \/>\n\t<meta property=\"og:image:width\" content=\"350\" \/>\n\t<meta property=\"og:image:height\" content=\"300\" \/>\n<meta name=\"twitter:card\" content=\"summary_large_image\" \/>\n<meta name=\"twitter:creator\" content=\"@oidossucios\" \/>\n<script type=\"application\/ld+json\" class=\"yoast-schema-graph\">{\"@context\":\"https:\/\/schema.org\",\"@graph\":[{\"@type\":\"WebSite\",\"@id\":\"https:\/\/www.oidossucios.com\/site\/#website\",\"url\":\"https:\/\/www.oidossucios.com\/site\/\",\"name\":\"OidosSucios.Com\",\"description\":\"M\\u00fasica, conciertos, discos\",\"potentialAction\":[{\"@type\":\"SearchAction\",\"target\":\"https:\/\/www.oidossucios.com\/site\/?s={search_term_string}\",\"query-input\":\"required name=search_term_string\"}],\"inLanguage\":\"es\"},{\"@type\":\"ImageObject\",\"@id\":\"https:\/\/www.oidossucios.com\/site\/steven-tyler-prepara-su-primer-disco-en-solitario\/#primaryimage\",\"inLanguage\":\"es\",\"url\":\"https:\/\/www.oidossucios.com\/site\/wp-content\/uploads\/2013\/06\/7465.jpg\",\"width\":350,\"height\":300},{\"@type\":\"WebPage\",\"@id\":\"https:\/\/www.oidossucios.com\/site\/steven-tyler-prepara-su-primer-disco-en-solitario\/#webpage\",\"url\":\"https:\/\/www.oidossucios.com\/site\/steven-tyler-prepara-su-primer-disco-en-solitario\/\",\"name\":\"Steven Tyler prepara su primer disco en solitario - OidosSucios.Com\",\"isPartOf\":{\"@id\":\"https:\/\/www.oidossucios.com\/site\/#website\"},\"primaryImageOfPage\":{\"@id\":\"https:\/\/www.oidossucios.com\/site\/steven-tyler-prepara-su-primer-disco-en-solitario\/#primaryimage\"},\"datePublished\":\"2013-06-25T06:03:00+00:00\",\"dateModified\":\"2013-06-25T06:03:00+00:00\",\"author\":{\"@id\":\"https:\/\/www.oidossucios.com\/site\/#\/schema\/person\/24559eeb76bf83a63296fb072393a688\"},\"inLanguage\":\"es\",\"potentialAction\":[{\"@type\":\"ReadAction\",\"target\":[\"https:\/\/www.oidossucios.com\/site\/steven-tyler-prepara-su-primer-disco-en-solitario\/\"]}]},{\"@type\":[\"Person\"],\"@id\":\"https:\/\/www.oidossucios.com\/site\/#\/schema\/person\/24559eeb76bf83a63296fb072393a688\",\"name\":\"Oidossucios\",\"image\":{\"@type\":\"ImageObject\",\"@id\":\"https:\/\/www.oidossucios.com\/site\/#personlogo\",\"inLanguage\":\"es\",\"url\":\"https:\/\/secure.gravatar.com\/avatar\/74fcb480f42f1a33e50a0b6e6369a3f907be2e43dc84fa5f76c66e9c22b4a5ab?s=96&d=mm&r=g\",\"caption\":\"Oidossucios\"},\"sameAs\":[\"https:\/\/twitter.com\/oidossucios\"]}]}<\/script>\n<!-- \/ Yoast SEO plugin. -->","jetpack_sharing_enabled":true,"_links":{"self":[{"href":"https:\/\/www.oidossucios.com\/site\/wp-json\/wp\/v2\/posts\/7465","targetHints":{"allow":["GET"]}}],"collection":[{"href":"https:\/\/www.oidossucios.com\/site\/wp-json\/wp\/v2\/posts"}],"about":[{"href":"https:\/\/www.oidossucios.com\/site\/wp-json\/wp\/v2\/types\/post"}],"author":[{"embeddable":true,"href":"https:\/\/www.oidossucios.com\/site\/wp-json\/wp\/v2\/users\/4"}],"replies":[{"embeddable":true,"href":"https:\/\/www.oidossucios.com\/site\/wp-json\/wp\/v2\/comments?post=7465"}],"version-history":[{"count":0,"href":"https:\/\/www.oidossucios.com\/site\/wp-json\/wp\/v2\/posts\/7465\/revisions"}],"wp:featuredmedia":[{"embeddable":true,"href":"https:\/\/www.oidossucios.com\/site\/wp-json\/wp\/v2\/media\/100007465"}],"wp:attachment":[{"href":"https:\/\/www.oidossucios.com\/site\/wp-json\/wp\/v2\/media?parent=7465"}],"wp:term":[{"taxonomy":"category","embeddable":true,"href":"https:\/\/www.oidossucios.com\/site\/wp-json\/wp\/v2\/categories?post=7465"},{"taxonomy":"post_tag","embeddable":true,"href":"https:\/\/www.oidossucios.com\/site\/wp-json\/wp\/v2\/tags?post=7465"}],"curies":[{"name":"wp","href":"https:\/\/api.w.org\/{rel}","templated":true}]}}