{"id":7470,"date":"2013-06-26T05:01:00","date_gmt":"2013-06-26T05:01:00","guid":{"rendered":"https:\/\/www.oidossucios.com\/site\/2013\/06\/26\/revelado-el-cartel-oficial-del-festival-nuevas-bandas-2013-13-y-14-de-julio-en-el-nacional\/"},"modified":"2013-06-26T05:01:00","modified_gmt":"2013-06-26T05:01:00","slug":"revelado-el-cartel-oficial-del-festival-nuevas-bandas-2013-13-y-14-de-julio-en-el-nacional","status":"publish","type":"post","link":"https:\/\/www.oidossucios.com\/site\/revelado-el-cartel-oficial-del-festival-nuevas-bandas-2013-13-y-14-de-julio-en-el-nacional\/","title":{"rendered":"Revelado el cartel oficial del Festival Nuevas Bandas 2013: 13 y 14 de Julio en El Nacional"},"content":{"rendered":"<p>Ya finalizados los eventos del Intercolegial y el Circuito NB Nacional y habiendo escogido una selecci\u00f3n de agrupaciones ganadoras de diferentes regiones del pa\u00eds, la Fundaci\u00f3n Nuevas Bandas y EBG Entertainment Business Group anuncian la realizaci\u00f3n de la vig\u00e9sima tercera edici\u00f3n del Festival Nuevas Bandas a llevarse a cabo en el estacionamiento de El Nacional los d\u00edas s\u00e1bado 13 y domingo 14 de julio.<\/p>\n<p>Durante el proceso de inscripci\u00f3n&nbsp; m\u00e1s de 300 bandas de todo el pa\u00eds cumplieron con los requisitos enviando su material, superando con creces el record hist\u00f3rico del a\u00f1o pasado, dividiendo el Circuito NB en cinco regiones: Oriental, Occidental, Central, Andina y Capital con un total de nueve eliminatorias donde fueron seleccionados once ganadores.<\/p>\n<p>Por su parte, el Intercolegial cont\u00f3 con la participaci\u00f3n de quince bandas, el evento se realiz\u00f3 en dos eliminatorias y una final donde fueron escogidos un ganador y una menci\u00f3n honor\u00edfica, Los <b>Dinosaurios <\/b>y <b>Somalunar<\/b>respectivamente, quienes formar\u00e1n parte de los invitados del Festival como acto emergente de apertura durante ambos d\u00edas.<\/p>\n<p>Acompa\u00f1ando a las bandas participantes, el evento contar\u00e1 con la presentaci\u00f3n especial de bandas y artistas tanto nacionales, como internacionales. De Espa\u00f1a, se presentar\u00e1n <b>PlusLottus<\/b>(industrial, rock, electr\u00f3nica) y <b>La Inesperada Sol Dual<\/b> (pop, dance, electr\u00f3nica); de Panam\u00e1 estar\u00e1 tocando el cantautor <b>Carlos M\u00e9ndez<\/b> (pop, rock, jazz).<\/p>\n<p>Los artistas nacionales invitados al cartel son una muestra de la actualidad y vigencia del VRock, con representaci\u00f3n de bandas &nbsp;tanto n\u00f3veles, como de larga trayectoria. Los ganadores del &nbsp;Festival el a\u00f1o pasado, <b>Okills<\/b> y <b>HolySexyBastards<\/b>, se presentar\u00e1n en vivo junto a <b>Tomates Fritos<\/b>, <b>Famasloop<\/b>, <b>Candy 66<\/b> y un tributo especial al Hip Hop nacional cortes\u00eda de <b>Mcklopedia<\/b>.<b><\/p>\n<p>Cartel del Festival Nuevas Bandas 2013<\/b><b><\/p>\n<p>S\u00e1bado 13 de julio:<\/b><b><\/p>\n<p>Participantes:&nbsp;<\/b>Vltravioleta (Caracas), Mike Lemus (Punto Fijo), THE (Barquisimeto), 3 Som (Puerto La Cruz), Hotel (Maracaibo) y Wannamaker (Caracas).<b><br \/>Menci\u00f3n honor\u00edfica Intercolegial Nuevas Bandas 2013:<\/b> Somalunar<b><br \/>Invitado internacional:<\/b>&nbsp;PlusLottus (Espa\u00f1a)<b><br \/>Invitados nacionales:<\/b>&nbsp;HolySexyBastards, Tomates Fritos y Candy 66.<b><\/p>\n<p>Domingo 14 de julio:<\/b><b><\/p>\n<p>Participantes:&nbsp;<\/b>Colectivo Breddas (Cuman\u00e1), Del Pez (Caracas), Soires Naes (Caracas), Mind The&nbsp;Gap (Valencia) y \u00dcberCaf\u00e9 (San Crist\u00f3bal).<br \/><b>Ganadores Intercolegial Nuevas Bandas 2013:<\/b>&nbsp;Los Dinosaurios.<b><br \/>Invitados internacionales:<\/b>&nbsp;Carlos M\u00e9ndez (Panam\u00e1) y La Inesperada Sol Dual (Espa\u00f1a).<b><br \/>Invitados nacionales:<\/b>&nbsp;Okills, McKlopedia y Famasloop.<\/p>\n<p>El Festival Nuevas Bandas es un evento masivo de dos d\u00edas con la mejor m\u00fasica emergente de Venezuela &nbsp;en un recinto amplio y de f\u00e1cil acceso como lo es el estacionamiento de El Nacional ubicado en Los Cortijos con una capacidad para m\u00e1s de 10000 personas. El Festival contar\u00e1 con diferentes actividades recreacionales para toda la familia, una feria de comida y tienda donde se podr\u00e1 adquirir merchandising de las agrupaciones participantes.<\/p>\n<p>El horario del Festival Nuevas Bandas est\u00e1 comprendido de 12 del mediod\u00eda hasta las 10:00PM para ambos d\u00edas.<b><\/p>\n<p>La entrada al Festival Nuevas Bandas es gratuita. Pero si quieres confirmar tu asistencia a este gran evento, a partir del lunes 1ro de julio debes ingresar en la p\u00e1gina&nbsp;<a target=\"_blank\" href=\"http:\/\/www.el-nacional.com\/\" rel=\"noopener noreferrer\">www.el-nacional.com<\/a>&nbsp;registrarte e imprimir el comprobante de invitaci\u00f3n, el cual deber\u00e1 ser mostrado en la entrada del Festival sin costo alguno. Dicha invitaci\u00f3n asegura tu presencia dentro del evento y es v\u00e1lida para participar en distintos concursos y actividades programadas para el p\u00fablico. De no tener la invitaci\u00f3n depender\u00e1s del flujo de gente asistente y de la capacidad del recinto.<\/b><\/p>\n<p>Para mayor informaci\u00f3n visitar&nbsp;<a target=\"_blank\" href=\"http:\/\/www.nuevasbandas.com.ve\/\" rel=\"noopener noreferrer\">www.nuevasbandas.com.ve<\/a><![endif]--><!--[if gte mso 10]> <\/style>\n\n <![endif]--><!--nextpage--><img decoding=\"async\" class=\"aligncenter size-medium wp-image-111116937\" src=\"https:\/\/www.oidossucios.com\/site\/wp-content\/uploads\/2020\/02\/6937.jpg\" alt=\"Revelado el cartel oficial del Festival Nuevas Bandas 2013: 13 y 14 de Julio en El Nacional\"  \/><a href='https:\/\/www.oidossucios.com\/site\/revelado-el-cartel-oficial-del-festival-nuevas-bandas-2013-13-y-14-de-julio-en-el-nacional\/2\/'\n                        onclick='if (tpsInstance) { tpsInstance.setNext(); return false; }'\n                        rel='next'\n                        style=''\n                        class=''>Ver galer\u00eda<\/a>]]><\/p>\n","protected":false},"excerpt":{"rendered":"<p>El evento contar\u00e1 con la participaci\u00f3n de Okills, HolySexyBastards, Mcklopedia, Tomates Fritos, Famasloop, Candy 66 e invitados internacionales: PlusLottus (Espa\u00f1a), La Inesperada Sol Dual (Espa\u00f1a) y Carlos M\u00e9ndez (Panam\u00e1).<\/p>\n","protected":false},"author":4,"featured_media":100007470,"comment_status":"open","ping_status":"open","sticky":false,"template":"","format":"standard","meta":{"_jetpack_memberships_contains_paid_content":false,"footnotes":""},"categories":[250],"tags":[],"class_list":["post-7470","post","type-post","status-publish","format-standard","has-post-thumbnail","hentry","category-noticias"],"jetpack_featured_media_url":"https:\/\/www.oidossucios.com\/site\/wp-content\/uploads\/2013\/06\/7470.jpg","yoast_head":"<!-- This site is optimized with the Yoast SEO plugin v14.0.4 - https:\/\/yoast.com\/wordpress\/plugins\/seo\/ -->\n<title>Revelado el cartel oficial del Festival Nuevas Bandas 2013: 13 y 14 de Julio en El Nacional - OidosSucios.Com<\/title>\n<meta name=\"description\" content=\"El evento contar\u00e1 con la participaci\u00f3n de Okills, HolySexyBastards, Mcklopedia, Tomates Fritos, Famasloop, Candy 66 e invitados internacionales: PlusLottus (Espa\u00f1a), La Inesperada Sol Dual (Espa\u00f1a) y Carlos M\u00e9ndez (Panam\u00e1).\" \/>\n<meta name=\"robots\" content=\"index, follow\" \/>\n<meta name=\"googlebot\" content=\"index, follow, max-snippet:-1, max-image-preview:large, max-video-preview:-1\" \/>\n<meta name=\"bingbot\" content=\"index, follow, max-snippet:-1, max-image-preview:large, max-video-preview:-1\" \/>\n<link rel=\"canonical\" href=\"https:\/\/www.oidossucios.com\/site\/revelado-el-cartel-oficial-del-festival-nuevas-bandas-2013-13-y-14-de-julio-en-el-nacional\/\" \/>\n<link rel=\"next\" href=\"https:\/\/www.oidossucios.com\/site\/revelado-el-cartel-oficial-del-festival-nuevas-bandas-2013-13-y-14-de-julio-en-el-nacional\/2\/\" \/>\n<meta property=\"og:locale\" content=\"es_ES\" \/>\n<meta property=\"og:type\" content=\"article\" \/>\n<meta property=\"og:title\" content=\"Revelado el cartel oficial del Festival Nuevas Bandas 2013: 13 y 14 de Julio en El Nacional - OidosSucios.Com\" \/>\n<meta property=\"og:description\" content=\"El evento contar\u00e1 con la participaci\u00f3n de Okills, HolySexyBastards, Mcklopedia, Tomates Fritos, Famasloop, Candy 66 e invitados internacionales: PlusLottus (Espa\u00f1a), La Inesperada Sol Dual (Espa\u00f1a) y Carlos M\u00e9ndez (Panam\u00e1).\" \/>\n<meta property=\"og:url\" content=\"https:\/\/www.oidossucios.com\/site\/revelado-el-cartel-oficial-del-festival-nuevas-bandas-2013-13-y-14-de-julio-en-el-nacional\/\" \/>\n<meta property=\"og:site_name\" content=\"OidosSucios.Com\" \/>\n<meta property=\"article:published_time\" content=\"2013-06-26T05:01:00+00:00\" \/>\n<meta property=\"og:image\" content=\"https:\/\/www.oidossucios.com\/site\/wp-content\/uploads\/2013\/06\/7470.jpg\" \/>\n\t<meta property=\"og:image:width\" content=\"350\" \/>\n\t<meta property=\"og:image:height\" content=\"300\" \/>\n<meta name=\"twitter:card\" content=\"summary_large_image\" \/>\n<meta name=\"twitter:creator\" content=\"@oidossucios\" \/>\n<script type=\"application\/ld+json\" class=\"yoast-schema-graph\">{\"@context\":\"https:\/\/schema.org\",\"@graph\":[{\"@type\":\"WebSite\",\"@id\":\"https:\/\/www.oidossucios.com\/site\/#website\",\"url\":\"https:\/\/www.oidossucios.com\/site\/\",\"name\":\"OidosSucios.Com\",\"description\":\"M\\u00fasica, conciertos, discos\",\"potentialAction\":[{\"@type\":\"SearchAction\",\"target\":\"https:\/\/www.oidossucios.com\/site\/?s={search_term_string}\",\"query-input\":\"required name=search_term_string\"}],\"inLanguage\":\"es\"},{\"@type\":\"ImageObject\",\"@id\":\"https:\/\/www.oidossucios.com\/site\/revelado-el-cartel-oficial-del-festival-nuevas-bandas-2013-13-y-14-de-julio-en-el-nacional\/#primaryimage\",\"inLanguage\":\"es\",\"url\":\"https:\/\/www.oidossucios.com\/site\/wp-content\/uploads\/2013\/06\/7470.jpg\",\"width\":350,\"height\":300},{\"@type\":\"WebPage\",\"@id\":\"https:\/\/www.oidossucios.com\/site\/revelado-el-cartel-oficial-del-festival-nuevas-bandas-2013-13-y-14-de-julio-en-el-nacional\/#webpage\",\"url\":\"https:\/\/www.oidossucios.com\/site\/revelado-el-cartel-oficial-del-festival-nuevas-bandas-2013-13-y-14-de-julio-en-el-nacional\/\",\"name\":\"Revelado el cartel oficial del Festival Nuevas Bandas 2013: 13 y 14 de Julio en El Nacional - OidosSucios.Com\",\"isPartOf\":{\"@id\":\"https:\/\/www.oidossucios.com\/site\/#website\"},\"primaryImageOfPage\":{\"@id\":\"https:\/\/www.oidossucios.com\/site\/revelado-el-cartel-oficial-del-festival-nuevas-bandas-2013-13-y-14-de-julio-en-el-nacional\/#primaryimage\"},\"datePublished\":\"2013-06-26T05:01:00+00:00\",\"dateModified\":\"2013-06-26T05:01:00+00:00\",\"author\":{\"@id\":\"https:\/\/www.oidossucios.com\/site\/#\/schema\/person\/24559eeb76bf83a63296fb072393a688\"},\"description\":\"El evento contar\\u00e1 con la participaci\\u00f3n de Okills, HolySexyBastards, Mcklopedia, Tomates Fritos, Famasloop, Candy 66 e invitados internacionales: PlusLottus (Espa\\u00f1a), La Inesperada Sol Dual (Espa\\u00f1a) y Carlos M\\u00e9ndez (Panam\\u00e1).\",\"inLanguage\":\"es\",\"potentialAction\":[{\"@type\":\"ReadAction\",\"target\":[\"https:\/\/www.oidossucios.com\/site\/revelado-el-cartel-oficial-del-festival-nuevas-bandas-2013-13-y-14-de-julio-en-el-nacional\/\"]}]},{\"@type\":[\"Person\"],\"@id\":\"https:\/\/www.oidossucios.com\/site\/#\/schema\/person\/24559eeb76bf83a63296fb072393a688\",\"name\":\"Oidossucios\",\"image\":{\"@type\":\"ImageObject\",\"@id\":\"https:\/\/www.oidossucios.com\/site\/#personlogo\",\"inLanguage\":\"es\",\"url\":\"https:\/\/secure.gravatar.com\/avatar\/74fcb480f42f1a33e50a0b6e6369a3f907be2e43dc84fa5f76c66e9c22b4a5ab?s=96&d=mm&r=g\",\"caption\":\"Oidossucios\"},\"sameAs\":[\"https:\/\/twitter.com\/oidossucios\"]}]}<\/script>\n<!-- \/ Yoast SEO plugin. -->","jetpack_sharing_enabled":true,"_links":{"self":[{"href":"https:\/\/www.oidossucios.com\/site\/wp-json\/wp\/v2\/posts\/7470","targetHints":{"allow":["GET"]}}],"collection":[{"href":"https:\/\/www.oidossucios.com\/site\/wp-json\/wp\/v2\/posts"}],"about":[{"href":"https:\/\/www.oidossucios.com\/site\/wp-json\/wp\/v2\/types\/post"}],"author":[{"embeddable":true,"href":"https:\/\/www.oidossucios.com\/site\/wp-json\/wp\/v2\/users\/4"}],"replies":[{"embeddable":true,"href":"https:\/\/www.oidossucios.com\/site\/wp-json\/wp\/v2\/comments?post=7470"}],"version-history":[{"count":0,"href":"https:\/\/www.oidossucios.com\/site\/wp-json\/wp\/v2\/posts\/7470\/revisions"}],"wp:featuredmedia":[{"embeddable":true,"href":"https:\/\/www.oidossucios.com\/site\/wp-json\/wp\/v2\/media\/100007470"}],"wp:attachment":[{"href":"https:\/\/www.oidossucios.com\/site\/wp-json\/wp\/v2\/media?parent=7470"}],"wp:term":[{"taxonomy":"category","embeddable":true,"href":"https:\/\/www.oidossucios.com\/site\/wp-json\/wp\/v2\/categories?post=7470"},{"taxonomy":"post_tag","embeddable":true,"href":"https:\/\/www.oidossucios.com\/site\/wp-json\/wp\/v2\/tags?post=7470"}],"curies":[{"name":"wp","href":"https:\/\/api.w.org\/{rel}","templated":true}]}}