{"id":7475,"date":"2013-06-26T20:30:00","date_gmt":"2013-06-26T20:30:00","guid":{"rendered":"https:\/\/www.oidossucios.com\/site\/2013\/06\/26\/octavio-sune-presenta-el-video-de-la-segunda-parte-de-su-concierto-en-vivo\/"},"modified":"2013-06-26T20:30:00","modified_gmt":"2013-06-26T20:30:00","slug":"octavio-sune-presenta-el-video-de-la-segunda-parte-de-su-concierto-en-vivo","status":"publish","type":"post","link":"https:\/\/www.oidossucios.com\/site\/octavio-sune-presenta-el-video-de-la-segunda-parte-de-su-concierto-en-vivo\/","title":{"rendered":"Octavio Su\u00f1\u00e9 presenta el video de la segunda parte de su concierto en vivo"},"content":{"rendered":"<p>Octavio Su\u00f1\u00e9, public\u00f3 el video de la segunda parte de su show en vivo realizado el 7 de noviembre de 2012 en el Teatro Trasnocho.<\/p>\n<p>La presentaci\u00f3n cont\u00f3 con una la banda integrada por Luis Clavell en el bajo, El Kmar\u00f3n en la guitarra, Javier Dom\u00ednguez en la bater\u00eda, Diego Moyano en los teclados y Camilo de Castro en la percusi\u00f3n.<\/p>\n<p>Adem\u00e1s, tuvo grandes invitados como PTT Lizardo de la Misma gente, Valery Knox de Skin, y Pedro Guevara. Su\u00f1\u00e9 hizo una versi\u00f3n de Charly Garc\u00eda durante el show y&nbsp; toc\u00f3 dos temas de su primera agrupaci\u00f3n La Nave.<\/p>\n<p>Puedes ver la primera parte del concierto <a href=\"\/noticias\/7394\/octavio-sune-presenta-video-de-su-show\/\">aqu\u00ed<\/a>.<\/p>\n<p>Actualmente, Octavio se encuentra en el proceso de pre-producci\u00f3n de su nuevo disco de estudio, el cual tiene previsto lanzar el \u00faltimo trimestre de este a\u00f1o.<\/p>\n<p>M\u00e1s info:&nbsp;<a href=\"http:\/\/twitter.com\/#!\/@octaviosune\">@octaviosune<\/a><\/p>\n","protected":false},"excerpt":{"rendered":"<p>Octavio Su\u00f1\u00e9, public\u00f3 el video de la segunda parte de su show en vivo realizado el 7 de noviembre de 2012 en el Teatro Trasnocho.<\/p>\n","protected":false},"author":4,"featured_media":100007475,"comment_status":"open","ping_status":"open","sticky":false,"template":"","format":"standard","meta":{"_jetpack_memberships_contains_paid_content":false,"footnotes":""},"categories":[250],"tags":[],"class_list":["post-7475","post","type-post","status-publish","format-standard","has-post-thumbnail","hentry","category-noticias"],"jetpack_featured_media_url":"https:\/\/www.oidossucios.com\/site\/wp-content\/uploads\/2013\/06\/7475.jpg","yoast_head":"<!-- This site is optimized with the Yoast SEO plugin v14.0.4 - https:\/\/yoast.com\/wordpress\/plugins\/seo\/ -->\n<title>Octavio Su\u00f1\u00e9 presenta el video de la segunda parte de su concierto en vivo - OidosSucios.Com<\/title>\n<meta name=\"description\" content=\"Octavio Su\u00f1\u00e9, public\u00f3 el video de la segunda parte de su show en vivo realizado el 7 de noviembre de 2012 en el Teatro Trasnocho.\" \/>\n<meta name=\"robots\" content=\"index, follow\" \/>\n<meta name=\"googlebot\" content=\"index, follow, max-snippet:-1, max-image-preview:large, max-video-preview:-1\" \/>\n<meta name=\"bingbot\" content=\"index, follow, max-snippet:-1, max-image-preview:large, max-video-preview:-1\" \/>\n<link rel=\"canonical\" href=\"https:\/\/www.oidossucios.com\/site\/octavio-sune-presenta-el-video-de-la-segunda-parte-de-su-concierto-en-vivo\/\" \/>\n<meta property=\"og:locale\" content=\"es_ES\" \/>\n<meta property=\"og:type\" content=\"article\" \/>\n<meta property=\"og:title\" content=\"Octavio Su\u00f1\u00e9 presenta el video de la segunda parte de su concierto en vivo - OidosSucios.Com\" \/>\n<meta property=\"og:description\" content=\"Octavio Su\u00f1\u00e9, public\u00f3 el video de la segunda parte de su show en vivo realizado el 7 de noviembre de 2012 en el Teatro Trasnocho.\" \/>\n<meta property=\"og:url\" content=\"https:\/\/www.oidossucios.com\/site\/octavio-sune-presenta-el-video-de-la-segunda-parte-de-su-concierto-en-vivo\/\" \/>\n<meta property=\"og:site_name\" content=\"OidosSucios.Com\" \/>\n<meta property=\"article:published_time\" content=\"2013-06-26T20:30:00+00:00\" \/>\n<meta property=\"og:image\" content=\"https:\/\/www.oidossucios.com\/site\/wp-content\/uploads\/2013\/06\/7475.jpg\" \/>\n\t<meta property=\"og:image:width\" content=\"350\" \/>\n\t<meta property=\"og:image:height\" content=\"300\" \/>\n<meta name=\"twitter:card\" content=\"summary_large_image\" \/>\n<meta name=\"twitter:creator\" content=\"@oidossucios\" \/>\n<script type=\"application\/ld+json\" class=\"yoast-schema-graph\">{\"@context\":\"https:\/\/schema.org\",\"@graph\":[{\"@type\":\"WebSite\",\"@id\":\"https:\/\/www.oidossucios.com\/site\/#website\",\"url\":\"https:\/\/www.oidossucios.com\/site\/\",\"name\":\"OidosSucios.Com\",\"description\":\"M\\u00fasica, conciertos, discos\",\"potentialAction\":[{\"@type\":\"SearchAction\",\"target\":\"https:\/\/www.oidossucios.com\/site\/?s={search_term_string}\",\"query-input\":\"required name=search_term_string\"}],\"inLanguage\":\"es\"},{\"@type\":\"ImageObject\",\"@id\":\"https:\/\/www.oidossucios.com\/site\/octavio-sune-presenta-el-video-de-la-segunda-parte-de-su-concierto-en-vivo\/#primaryimage\",\"inLanguage\":\"es\",\"url\":\"https:\/\/www.oidossucios.com\/site\/wp-content\/uploads\/2013\/06\/7475.jpg\",\"width\":350,\"height\":300},{\"@type\":\"WebPage\",\"@id\":\"https:\/\/www.oidossucios.com\/site\/octavio-sune-presenta-el-video-de-la-segunda-parte-de-su-concierto-en-vivo\/#webpage\",\"url\":\"https:\/\/www.oidossucios.com\/site\/octavio-sune-presenta-el-video-de-la-segunda-parte-de-su-concierto-en-vivo\/\",\"name\":\"Octavio Su\\u00f1\\u00e9 presenta el video de la segunda parte de su concierto en vivo - OidosSucios.Com\",\"isPartOf\":{\"@id\":\"https:\/\/www.oidossucios.com\/site\/#website\"},\"primaryImageOfPage\":{\"@id\":\"https:\/\/www.oidossucios.com\/site\/octavio-sune-presenta-el-video-de-la-segunda-parte-de-su-concierto-en-vivo\/#primaryimage\"},\"datePublished\":\"2013-06-26T20:30:00+00:00\",\"dateModified\":\"2013-06-26T20:30:00+00:00\",\"author\":{\"@id\":\"https:\/\/www.oidossucios.com\/site\/#\/schema\/person\/24559eeb76bf83a63296fb072393a688\"},\"description\":\"Octavio Su\\u00f1\\u00e9, public\\u00f3 el video de la segunda parte de su show en vivo realizado el 7 de noviembre de 2012 en el Teatro Trasnocho.\",\"inLanguage\":\"es\",\"potentialAction\":[{\"@type\":\"ReadAction\",\"target\":[\"https:\/\/www.oidossucios.com\/site\/octavio-sune-presenta-el-video-de-la-segunda-parte-de-su-concierto-en-vivo\/\"]}]},{\"@type\":[\"Person\"],\"@id\":\"https:\/\/www.oidossucios.com\/site\/#\/schema\/person\/24559eeb76bf83a63296fb072393a688\",\"name\":\"Oidossucios\",\"image\":{\"@type\":\"ImageObject\",\"@id\":\"https:\/\/www.oidossucios.com\/site\/#personlogo\",\"inLanguage\":\"es\",\"url\":\"https:\/\/secure.gravatar.com\/avatar\/74fcb480f42f1a33e50a0b6e6369a3f907be2e43dc84fa5f76c66e9c22b4a5ab?s=96&d=mm&r=g\",\"caption\":\"Oidossucios\"},\"sameAs\":[\"https:\/\/twitter.com\/oidossucios\"]}]}<\/script>\n<!-- \/ Yoast SEO plugin. -->","jetpack_sharing_enabled":true,"_links":{"self":[{"href":"https:\/\/www.oidossucios.com\/site\/wp-json\/wp\/v2\/posts\/7475","targetHints":{"allow":["GET"]}}],"collection":[{"href":"https:\/\/www.oidossucios.com\/site\/wp-json\/wp\/v2\/posts"}],"about":[{"href":"https:\/\/www.oidossucios.com\/site\/wp-json\/wp\/v2\/types\/post"}],"author":[{"embeddable":true,"href":"https:\/\/www.oidossucios.com\/site\/wp-json\/wp\/v2\/users\/4"}],"replies":[{"embeddable":true,"href":"https:\/\/www.oidossucios.com\/site\/wp-json\/wp\/v2\/comments?post=7475"}],"version-history":[{"count":0,"href":"https:\/\/www.oidossucios.com\/site\/wp-json\/wp\/v2\/posts\/7475\/revisions"}],"wp:featuredmedia":[{"embeddable":true,"href":"https:\/\/www.oidossucios.com\/site\/wp-json\/wp\/v2\/media\/100007475"}],"wp:attachment":[{"href":"https:\/\/www.oidossucios.com\/site\/wp-json\/wp\/v2\/media?parent=7475"}],"wp:term":[{"taxonomy":"category","embeddable":true,"href":"https:\/\/www.oidossucios.com\/site\/wp-json\/wp\/v2\/categories?post=7475"},{"taxonomy":"post_tag","embeddable":true,"href":"https:\/\/www.oidossucios.com\/site\/wp-json\/wp\/v2\/tags?post=7475"}],"curies":[{"name":"wp","href":"https:\/\/api.w.org\/{rel}","templated":true}]}}