{"id":7479,"date":"2013-06-27T05:01:00","date_gmt":"2013-06-27T05:01:00","guid":{"rendered":"https:\/\/www.oidossucios.com\/site\/2013\/06\/27\/muere-alan-myers-el-metronomo-humano-primer-baterista-de-devo\/"},"modified":"2013-06-27T05:01:00","modified_gmt":"2013-06-27T05:01:00","slug":"muere-alan-myers-el-metronomo-humano-primer-baterista-de-devo","status":"publish","type":"post","link":"https:\/\/www.oidossucios.com\/site\/muere-alan-myers-el-metronomo-humano-primer-baterista-de-devo\/","title":{"rendered":"Muere Alan Myers &#8220;el metr\u00f3nomo humano&#8221;, primer baterista de Devo"},"content":{"rendered":"<p>Lo ha anunciado&nbsp;Gerald Casale, miembro fundador del grupo Devo&nbsp;en un comunicado: &#8220;En alabanza de Alan Myers,&nbsp;el bater\u00eda m\u00e1s incre\u00edble,&nbsp;con el que tuve el privilegio de tocar durante diez a\u00f1os.&nbsp;Perderlo fue como perder un brazo.&nbsp;\u00a1RIP!&nbsp;Le rogu\u00e9 que no dejase Devo. \u00c9l no pod\u00eda tolerar ser reemplazado por la m\u00fasica del Fairlight y una m\u00e1quina autocr\u00e1tica.&nbsp;Estuve de acuerdo. Alan,&nbsp;fuiste el mejor; un metr\u00f3nomo humano y algo m\u00e1s.&nbsp;Un hallazgo \u00fanico en la vida gracias a Bob Mothersbaugh. \u00a1Naciste para bater\u00eda de Devo!&#8221;.<\/p>\n<p>Y ha muerto el pasado lunes, 24 de junio, tras una dura batalla contra el&nbsp;c\u00e1ncer, pese a haber estado activo musicalmente hasta el final. Alan sol\u00eda hacer actuaciones y espect\u00e1culos en galer\u00edas de arte de Los \u00c1ngeles.<\/p>\n<p>Alan Myers entr\u00f3 en Devo en 1976 y dej\u00f3 el grupo una d\u00e9cada despu\u00e9s, en 1986. Particip\u00f3 en los primeros discos&nbsp;<i>Q: Are we not men? A: we are Devo!<\/i>,&nbsp;<i>Duty now for the future<\/i>&nbsp;y&nbsp;<i>Freedom of choice<\/i>.&nbsp;Sus ritmos de bater\u00eda est\u00e1 presente en el que fue uno de los grandes \u00e9xitos del grupo&nbsp;&#8220;Whip it&#8221;.<\/p>\n<p>Fuente: www.rollingstone.es<![endif]--><!--[if gte mso 10]> <\/style>\n\n <![endif]--><!--nextpage--><img decoding=\"async\" class=\"aligncenter size-medium wp-image-111116938\" src=\"https:\/\/www.oidossucios.com\/site\/wp-content\/uploads\/2020\/02\/6938.jpg\" alt=\"Muere Alan Myers \"el metr\u00f3nomo humano\", primer baterista de Devo\"  \/><a href='https:\/\/www.oidossucios.com\/site\/muere-alan-myers-el-metronomo-humano-primer-baterista-de-devo\/2\/'\n                        onclick='if (tpsInstance) { tpsInstance.setNext(); return false; }'\n                        rel='next'\n                        style=''\n                        class=''>Ver galer\u00eda<\/a>]]><\/p>\n","protected":false},"excerpt":{"rendered":"<p>Lo ha anunciado&nbsp;Gerald Casale, miembro fundador del grupo Devo&nbsp;en un comunicado: &#8220;En alabanza de Alan Myers,&nbsp;el bater\u00eda m\u00e1s incre\u00edble,&nbsp;con el que tuve el privilegio de tocar durante diez a\u00f1os.&nbsp;Perderlo fue como perder un brazo.&nbsp;\u00a1RIP!&nbsp;Le rogu\u00e9 que no dejase Devo. \u00c9l no pod\u00eda tolerar ser reemplazado por la m\u00fasica del Fairlight y una m\u00e1quina autocr\u00e1tica.&nbsp;Estuve de [&hellip;]<\/p>\n","protected":false},"author":4,"featured_media":111116938,"comment_status":"open","ping_status":"open","sticky":false,"template":"","format":"standard","meta":{"_jetpack_memberships_contains_paid_content":false,"footnotes":""},"categories":[142],"tags":[],"class_list":["post-7479","post","type-post","status-publish","format-standard","has-post-thumbnail","hentry","category-buzznews"],"jetpack_featured_media_url":"","yoast_head":"<!-- This site is optimized with the Yoast SEO plugin v14.0.4 - https:\/\/yoast.com\/wordpress\/plugins\/seo\/ -->\n<title>Muere Alan Myers &quot;el metr\u00f3nomo humano&quot;, primer baterista de Devo - OidosSucios.Com<\/title>\n<meta name=\"robots\" content=\"index, follow\" \/>\n<meta name=\"googlebot\" content=\"index, follow, max-snippet:-1, max-image-preview:large, max-video-preview:-1\" \/>\n<meta name=\"bingbot\" content=\"index, follow, max-snippet:-1, max-image-preview:large, max-video-preview:-1\" \/>\n<link rel=\"canonical\" href=\"https:\/\/www.oidossucios.com\/site\/muere-alan-myers-el-metronomo-humano-primer-baterista-de-devo\/\" \/>\n<link rel=\"next\" href=\"https:\/\/www.oidossucios.com\/site\/muere-alan-myers-el-metronomo-humano-primer-baterista-de-devo\/2\/\" \/>\n<meta property=\"og:locale\" content=\"es_ES\" \/>\n<meta property=\"og:type\" content=\"article\" \/>\n<meta property=\"og:title\" content=\"Muere Alan Myers &quot;el metr\u00f3nomo humano&quot;, primer baterista de Devo - OidosSucios.Com\" \/>\n<meta property=\"og:description\" content=\"Lo ha anunciado&nbsp;Gerald Casale, miembro fundador del grupo Devo&nbsp;en un comunicado: &#8220;En alabanza de Alan Myers,&nbsp;el bater\u00eda m\u00e1s incre\u00edble,&nbsp;con el que tuve el privilegio de tocar durante diez a\u00f1os.&nbsp;Perderlo fue como perder un brazo.&nbsp;\u00a1RIP!&nbsp;Le rogu\u00e9 que no dejase Devo. \u00c9l no pod\u00eda tolerar ser reemplazado por la m\u00fasica del Fairlight y una m\u00e1quina autocr\u00e1tica.&nbsp;Estuve de [&hellip;]\" \/>\n<meta property=\"og:url\" content=\"https:\/\/www.oidossucios.com\/site\/muere-alan-myers-el-metronomo-humano-primer-baterista-de-devo\/\" \/>\n<meta property=\"og:site_name\" content=\"OidosSucios.Com\" \/>\n<meta property=\"article:published_time\" content=\"2013-06-27T05:01:00+00:00\" \/>\n<meta name=\"twitter:card\" content=\"summary_large_image\" \/>\n<meta name=\"twitter:creator\" content=\"@oidossucios\" \/>\n<script type=\"application\/ld+json\" class=\"yoast-schema-graph\">{\"@context\":\"https:\/\/schema.org\",\"@graph\":[{\"@type\":\"WebSite\",\"@id\":\"https:\/\/www.oidossucios.com\/site\/#website\",\"url\":\"https:\/\/www.oidossucios.com\/site\/\",\"name\":\"OidosSucios.Com\",\"description\":\"M\\u00fasica, conciertos, discos\",\"potentialAction\":[{\"@type\":\"SearchAction\",\"target\":\"https:\/\/www.oidossucios.com\/site\/?s={search_term_string}\",\"query-input\":\"required name=search_term_string\"}],\"inLanguage\":\"es\"},{\"@type\":\"ImageObject\",\"@id\":\"https:\/\/www.oidossucios.com\/site\/muere-alan-myers-el-metronomo-humano-primer-baterista-de-devo\/#primaryimage\",\"inLanguage\":\"es\",\"url\":\"\"},{\"@type\":\"WebPage\",\"@id\":\"https:\/\/www.oidossucios.com\/site\/muere-alan-myers-el-metronomo-humano-primer-baterista-de-devo\/#webpage\",\"url\":\"https:\/\/www.oidossucios.com\/site\/muere-alan-myers-el-metronomo-humano-primer-baterista-de-devo\/\",\"name\":\"Muere Alan Myers \\\"el metr\\u00f3nomo humano\\\", primer baterista de Devo - OidosSucios.Com\",\"isPartOf\":{\"@id\":\"https:\/\/www.oidossucios.com\/site\/#website\"},\"primaryImageOfPage\":{\"@id\":\"https:\/\/www.oidossucios.com\/site\/muere-alan-myers-el-metronomo-humano-primer-baterista-de-devo\/#primaryimage\"},\"datePublished\":\"2013-06-27T05:01:00+00:00\",\"dateModified\":\"2013-06-27T05:01:00+00:00\",\"author\":{\"@id\":\"https:\/\/www.oidossucios.com\/site\/#\/schema\/person\/24559eeb76bf83a63296fb072393a688\"},\"inLanguage\":\"es\",\"potentialAction\":[{\"@type\":\"ReadAction\",\"target\":[\"https:\/\/www.oidossucios.com\/site\/muere-alan-myers-el-metronomo-humano-primer-baterista-de-devo\/\"]}]},{\"@type\":[\"Person\"],\"@id\":\"https:\/\/www.oidossucios.com\/site\/#\/schema\/person\/24559eeb76bf83a63296fb072393a688\",\"name\":\"Oidossucios\",\"image\":{\"@type\":\"ImageObject\",\"@id\":\"https:\/\/www.oidossucios.com\/site\/#personlogo\",\"inLanguage\":\"es\",\"url\":\"https:\/\/secure.gravatar.com\/avatar\/74fcb480f42f1a33e50a0b6e6369a3f907be2e43dc84fa5f76c66e9c22b4a5ab?s=96&d=mm&r=g\",\"caption\":\"Oidossucios\"},\"sameAs\":[\"https:\/\/twitter.com\/oidossucios\"]}]}<\/script>\n<!-- \/ Yoast SEO plugin. -->","jetpack_sharing_enabled":true,"_links":{"self":[{"href":"https:\/\/www.oidossucios.com\/site\/wp-json\/wp\/v2\/posts\/7479","targetHints":{"allow":["GET"]}}],"collection":[{"href":"https:\/\/www.oidossucios.com\/site\/wp-json\/wp\/v2\/posts"}],"about":[{"href":"https:\/\/www.oidossucios.com\/site\/wp-json\/wp\/v2\/types\/post"}],"author":[{"embeddable":true,"href":"https:\/\/www.oidossucios.com\/site\/wp-json\/wp\/v2\/users\/4"}],"replies":[{"embeddable":true,"href":"https:\/\/www.oidossucios.com\/site\/wp-json\/wp\/v2\/comments?post=7479"}],"version-history":[{"count":0,"href":"https:\/\/www.oidossucios.com\/site\/wp-json\/wp\/v2\/posts\/7479\/revisions"}],"wp:featuredmedia":[{"embeddable":true,"href":"https:\/\/www.oidossucios.com\/site\/wp-json\/wp\/v2\/posts\/111116938"}],"wp:attachment":[{"href":"https:\/\/www.oidossucios.com\/site\/wp-json\/wp\/v2\/media?parent=7479"}],"wp:term":[{"taxonomy":"category","embeddable":true,"href":"https:\/\/www.oidossucios.com\/site\/wp-json\/wp\/v2\/categories?post=7479"},{"taxonomy":"post_tag","embeddable":true,"href":"https:\/\/www.oidossucios.com\/site\/wp-json\/wp\/v2\/tags?post=7479"}],"curies":[{"name":"wp","href":"https:\/\/api.w.org\/{rel}","templated":true}]}}