{"id":748,"date":"2003-02-05T21:37:00","date_gmt":"2003-02-05T21:37:00","guid":{"rendered":"https:\/\/www.oidossucios.com\/site\/2003\/02\/05\/michael-jackson-vuelve-a-meter-la-pata\/"},"modified":"2003-02-05T21:37:00","modified_gmt":"2003-02-05T21:37:00","slug":"michael-jackson-vuelve-a-meter-la-pata","status":"publish","type":"post","link":"https:\/\/www.oidossucios.com\/site\/michael-jackson-vuelve-a-meter-la-pata\/","title":{"rendered":"Michael Jackson vuelve a meter la pata"},"content":{"rendered":"<p>El rey del pop abri\u00f3 la boca y esta vez le puede costar caro. A lo largo de 8 meses se estuvo filmando en la casa de Michael Jackson el documental &#8216;Living with Michael Jackson&#8217;, que ser\u00e1 difundido este viernes por ITV en Estados Unidos y que puede traerle severas consecuencias legales a la estrella norteamericana.<\/p>\n<p>&#8216;Me gusta dormir con ni\u00f1os&#8217; es sin duda la frase que causar\u00e1 m\u00e1s revuelo en la opini\u00f3n p\u00fablica. Jackson asegura que ha dormido con varios ni\u00f1os en su cama, pero &#8216;No era algo sexual. \u00cdbamos a dormir. Yo los arropaba, pon\u00eda un poco de m\u00fasica y les le\u00eda un libro (\u0085) Era realmente encantador y dulce. Todo el mundo deber\u00eda hacerlo. (\u0085) \u00bfPor qu\u00e9 no compartir la cama? La cosa m\u00e1s afectuosa es compartir la cama con alguien. Es algo magn\u00edfico. Muy correcto. Muy afectuoso. \u00bfQu\u00e9 tiene de malo compartir un amor?&#8217;. Adem\u00e1s, asegura que un ni\u00f1o de 12 a\u00f1os llamado Gavin, que pasaba la noche con regularidad en su mansi\u00f3n de Neverland, cree haberse curado del c\u00e1ncer gracias al amor que Jackson le transmit\u00eda.<\/p>\n<p>En 1993, Michael Jackson fue acusado de haber abusado sexualmente de un muchacho de 13 a\u00f1os, Jordan Chandler, cuando \u00e9ste pasaba la noche en su casa. Los padres del ni\u00f1o retiraron la demanda tras acordar con el cantante una indemnizaci\u00f3n millonaria.<\/p>\n<p>El Times estima que el documental, que ser\u00e1 difundido el viernes en Estados Unidos, podr\u00eda desencadenar nuevas querellas. &#8216;Vamos a mirar ese programa con atenci\u00f3n&#8217;, declar\u00f3 al Times un portavoz de Tom Sneddon, fiscal norteamericano que ya intervino en el caso Chandler. <\/p>\n<p>Aunque sus intenciones sean inocentes, &#8216;su comportamiento puede ser utilizado como justificaci\u00f3n&#8217; por quienes abusan sexualmente de ni\u00f1os, estim\u00f3 la Sociedad nacional de prevenci\u00f3n del maltrato infantil (NSPCC). La organizaci\u00f3n brit\u00e1nica de defensa de los ni\u00f1os Barnado&#8217;s consider\u00f3 &#8216;totalmente desplazado que un hombre adulto comparta la cama o la habitaci\u00f3n con un ni\u00f1o que no es su hijo&#8217;.<\/p>\n<p>&#8216;Si circunstancias similares fueran comunicadas a autoridades locales en Gran Breta\u00f1a, habr\u00eda una investigaci\u00f3n sin ninguna duda&#8217;, agreg\u00f3 la organizaci\u00f3n en un comunicado. &#8216;Es por ello que cabe preguntarse si tener una gran fortuna protege a los adultos, pero no necesariamente a los ni\u00f1os&#8217;, concluy\u00f3.<\/p>\n<p>El programa tambi\u00e9n revela la extra\u00f1a vida que llevan los 3 hijos del cantante, especialmente de Prince Michael II, a quien su padre, en c\u00e1mara, le da del biber\u00f3n mientras el ni\u00f1o est\u00e1 cubierto por un velo de los pies a la cabeza.<\/p>\n","protected":false},"excerpt":{"rendered":"<p>Este viernes ser\u00e1 difundido en Estados Unidos un documental donde el rey del pop confiesa haberse acostado con ni\u00f1os. Los jueces norteamericanos que a mediados de los 90 estuvieron siguiendo varios juicios contra Jackson, estar\u00e1n atentos a sus declaraciones, que pueden llevarlo de nuevo a la corte.<\/p>\n","protected":false},"author":4,"featured_media":10000744,"comment_status":"open","ping_status":"open","sticky":false,"template":"","format":"standard","meta":{"_jetpack_memberships_contains_paid_content":false,"footnotes":""},"categories":[250],"tags":[73],"class_list":["post-748","post","type-post","status-publish","format-standard","has-post-thumbnail","hentry","category-noticias","tag-michael-jackson"],"jetpack_featured_media_url":"https:\/\/www.oidossucios.com\/site\/wp-content\/uploads\/2003\/01\/744.jpg","yoast_head":"<!-- This site is optimized with the Yoast SEO plugin v14.0.4 - https:\/\/yoast.com\/wordpress\/plugins\/seo\/ -->\n<title>Michael Jackson vuelve a meter la pata - OidosSucios.Com<\/title>\n<meta name=\"description\" content=\"La banda norteamericana sacar\u00e1 al mercado su nuevo disco en el mes de junio, previo a su gira europea. El reemplazo de Jason Newsted est\u00e1 casi listo.\" \/>\n<meta name=\"robots\" content=\"index, follow\" \/>\n<meta name=\"googlebot\" content=\"index, follow, max-snippet:-1, max-image-preview:large, max-video-preview:-1\" \/>\n<meta name=\"bingbot\" content=\"index, follow, max-snippet:-1, max-image-preview:large, max-video-preview:-1\" \/>\n<link rel=\"canonical\" href=\"https:\/\/www.oidossucios.com\/site\/michael-jackson-vuelve-a-meter-la-pata\/\" \/>\n<meta property=\"og:locale\" content=\"es_ES\" \/>\n<meta property=\"og:type\" content=\"article\" \/>\n<meta property=\"og:title\" content=\"Michael Jackson vuelve a meter la pata - OidosSucios.Com\" \/>\n<meta property=\"og:description\" content=\"La banda norteamericana sacar\u00e1 al mercado su nuevo disco en el mes de junio, previo a su gira europea. El reemplazo de Jason Newsted est\u00e1 casi listo.\" \/>\n<meta property=\"og:url\" content=\"https:\/\/www.oidossucios.com\/site\/michael-jackson-vuelve-a-meter-la-pata\/\" \/>\n<meta property=\"og:site_name\" content=\"OidosSucios.Com\" \/>\n<meta property=\"article:published_time\" content=\"2003-02-05T21:37:00+00:00\" \/>\n<meta property=\"og:image\" content=\"https:\/\/www.oidossucios.com\/site\/wp-content\/uploads\/2003\/01\/744.jpg\" \/>\n\t<meta property=\"og:image:width\" content=\"290\" \/>\n\t<meta property=\"og:image:height\" content=\"100\" \/>\n<meta name=\"twitter:card\" content=\"summary_large_image\" \/>\n<meta name=\"twitter:creator\" content=\"@oidossucios\" \/>\n<script type=\"application\/ld+json\" class=\"yoast-schema-graph\">{\"@context\":\"https:\/\/schema.org\",\"@graph\":[{\"@type\":\"WebSite\",\"@id\":\"https:\/\/www.oidossucios.com\/site\/#website\",\"url\":\"https:\/\/www.oidossucios.com\/site\/\",\"name\":\"OidosSucios.Com\",\"description\":\"M\\u00fasica, conciertos, discos\",\"potentialAction\":[{\"@type\":\"SearchAction\",\"target\":\"https:\/\/www.oidossucios.com\/site\/?s={search_term_string}\",\"query-input\":\"required name=search_term_string\"}],\"inLanguage\":\"es\"},{\"@type\":\"ImageObject\",\"@id\":\"https:\/\/www.oidossucios.com\/site\/michael-jackson-vuelve-a-meter-la-pata\/#primaryimage\",\"inLanguage\":\"es\",\"url\":\"https:\/\/www.oidossucios.com\/site\/wp-content\/uploads\/2003\/01\/744.jpg\",\"width\":290,\"height\":100},{\"@type\":\"WebPage\",\"@id\":\"https:\/\/www.oidossucios.com\/site\/michael-jackson-vuelve-a-meter-la-pata\/#webpage\",\"url\":\"https:\/\/www.oidossucios.com\/site\/michael-jackson-vuelve-a-meter-la-pata\/\",\"name\":\"Michael Jackson vuelve a meter la pata - OidosSucios.Com\",\"isPartOf\":{\"@id\":\"https:\/\/www.oidossucios.com\/site\/#website\"},\"primaryImageOfPage\":{\"@id\":\"https:\/\/www.oidossucios.com\/site\/michael-jackson-vuelve-a-meter-la-pata\/#primaryimage\"},\"datePublished\":\"2003-02-05T21:37:00+00:00\",\"dateModified\":\"2003-02-05T21:37:00+00:00\",\"author\":{\"@id\":\"https:\/\/www.oidossucios.com\/site\/#\/schema\/person\/24559eeb76bf83a63296fb072393a688\"},\"description\":\"La banda norteamericana sacar\\u00e1 al mercado su nuevo disco en el mes de junio, previo a su gira europea. El reemplazo de Jason Newsted est\\u00e1 casi listo.\",\"inLanguage\":\"es\",\"potentialAction\":[{\"@type\":\"ReadAction\",\"target\":[\"https:\/\/www.oidossucios.com\/site\/michael-jackson-vuelve-a-meter-la-pata\/\"]}]},{\"@type\":[\"Person\"],\"@id\":\"https:\/\/www.oidossucios.com\/site\/#\/schema\/person\/24559eeb76bf83a63296fb072393a688\",\"name\":\"Oidossucios\",\"image\":{\"@type\":\"ImageObject\",\"@id\":\"https:\/\/www.oidossucios.com\/site\/#personlogo\",\"inLanguage\":\"es\",\"url\":\"https:\/\/secure.gravatar.com\/avatar\/74fcb480f42f1a33e50a0b6e6369a3f907be2e43dc84fa5f76c66e9c22b4a5ab?s=96&d=mm&r=g\",\"caption\":\"Oidossucios\"},\"sameAs\":[\"https:\/\/twitter.com\/oidossucios\"]}]}<\/script>\n<!-- \/ Yoast SEO plugin. -->","jetpack_sharing_enabled":true,"_links":{"self":[{"href":"https:\/\/www.oidossucios.com\/site\/wp-json\/wp\/v2\/posts\/748","targetHints":{"allow":["GET"]}}],"collection":[{"href":"https:\/\/www.oidossucios.com\/site\/wp-json\/wp\/v2\/posts"}],"about":[{"href":"https:\/\/www.oidossucios.com\/site\/wp-json\/wp\/v2\/types\/post"}],"author":[{"embeddable":true,"href":"https:\/\/www.oidossucios.com\/site\/wp-json\/wp\/v2\/users\/4"}],"replies":[{"embeddable":true,"href":"https:\/\/www.oidossucios.com\/site\/wp-json\/wp\/v2\/comments?post=748"}],"version-history":[{"count":0,"href":"https:\/\/www.oidossucios.com\/site\/wp-json\/wp\/v2\/posts\/748\/revisions"}],"wp:featuredmedia":[{"embeddable":true,"href":"https:\/\/www.oidossucios.com\/site\/wp-json\/wp\/v2\/media\/10000744"}],"wp:attachment":[{"href":"https:\/\/www.oidossucios.com\/site\/wp-json\/wp\/v2\/media?parent=748"}],"wp:term":[{"taxonomy":"category","embeddable":true,"href":"https:\/\/www.oidossucios.com\/site\/wp-json\/wp\/v2\/categories?post=748"},{"taxonomy":"post_tag","embeddable":true,"href":"https:\/\/www.oidossucios.com\/site\/wp-json\/wp\/v2\/tags?post=748"}],"curies":[{"name":"wp","href":"https:\/\/api.w.org\/{rel}","templated":true}]}}