{"id":7487,"date":"2013-06-28T18:26:00","date_gmt":"2013-06-28T18:26:00","guid":{"rendered":"https:\/\/www.oidossucios.com\/site\/2013\/06\/28\/hoy-dal-segno-estrena-el-video-tus-ojos-mienten\/"},"modified":"2013-06-28T18:26:00","modified_gmt":"2013-06-28T18:26:00","slug":"hoy-dal-segno-estrena-el-video-tus-ojos-mienten","status":"publish","type":"post","link":"https:\/\/www.oidossucios.com\/site\/hoy-dal-segno-estrena-el-video-tus-ojos-mienten\/","title":{"rendered":"Hoy Dal Segno estrena el video &#8220;Tus Ojos Mienten&#8221;"},"content":{"rendered":"<p>La banda conformada por Landys \u00c1lvarez (Bajo, Voz), Oderson Garc\u00eda (Bater\u00eda)&nbsp;y Kliber Mor\u00f3n (Guitarra) estrenar\u00e1 este viernes 28 de junio a trav\u00e9s de <a href=\"http:\/\/www.youtube.com\/DalSegnoOf\">www.youtube.com\/DalSegnoOf<\/a> a las 8:00 p.m. su m\u00e1s reciente v\u00eddeo &#8220;Tus Ojos Mienten&#8221; tema extra\u00eddo de su primer EP titulado&nbsp;<i>Zona Incierta<\/i>.<\/p>\n<p>El rodaje de este video fue elaborado en San Juan de los Morros ciudad originaria de la agrupaci\u00f3n, bajo la direcci\u00f3n de Fran Hern\u00e1ndez y los protagonistas de esta historia fueron interpretados por los mismos integrantes de la banda junto a la actriz Andrea Rosal.<\/p>\n<p>&#8220;Este v\u00eddeo fue un reto para todos porque ninguno de nosotros tiene experiencia en actuaci\u00f3n, pero como trabajamos con conocidos y amigos fue m\u00e1s f\u00e1cil, todo fluy\u00f3 y logramos divertirnos&#8221;, coment\u00f3 su guitarrista Kliber Mor\u00f3n.<\/p>\n<p>En este a\u00f1o se han presentado en diversos bares de Caracas, del mismo modo, el pasado 15 de junio participaron en La Fiesta de la M\u00fasica en compa\u00f1\u00eda de otras 185 agrupaciones en la ciudad de Caracas y el 21 de junio se presentaron en la V Feria Internacional de San Juan de los Morros.<\/p>\n<p>Actualmente la banda tiene como objetivo seguir promocionando su EP <i>Zona Incierta<\/i> y al mismo tiempo, trabajan en la composici\u00f3n de lo que ser\u00e1 su primera larga producci\u00f3n que tienen previsto finalizar en el 2014.<\/p>\n<p>Como parte de su gira promocional sus pr\u00f3ximas presentaciones ser\u00e1n el 4 de julio en Caf\u00e9 &amp; Rest. Jockey Royal de San Juan de los Morros, el 7 de julio en el Off Road Festival de Valencia, el 1 de agosto en S\u00f3tano Sport Bar de Puerto Ordaz; visitar\u00e1n el 2 de agosto Dejavu Caf\u00e9 en Ciudad Bol\u00edvar, el 17 de agosto en Boulevard Caf\u00e9 de Coro y&nbsp;&nbsp;finalizan el 24 de agosto en el Teatro Bar de Caracas.<\/p>\n<p>Para informarte sobre las fechas que tienen por confirmar y m\u00e1s si&#769;guelos por&nbsp;@DalsegnoOficial&nbsp;y encuentra todas sus redes sociales en&nbsp;<a target=\"_blank\" href=\"http:\/\/dalsegno.com.ve\/\" rel=\"noopener noreferrer\">Dalsegno.com.ve<\/a>.<![endif]--><!--[if gte mso 10]> <\/style>\n\n <![endif]--><\/p>\n","protected":false},"excerpt":{"rendered":"<p>La banda conformada por Landys \u00c1lvarez (Bajo, Voz), Oderson Garc\u00eda (Bater\u00eda)&nbsp;y Kliber Mor\u00f3n (Guitarra) estrenar\u00e1 este viernes 28 de junio a trav\u00e9s de www.youtube.com\/DalSegnoOf a las 8:00 p.m. su m\u00e1s reciente v\u00eddeo &#8220;Tus Ojos Mienten&#8221; tema extra\u00eddo de su primer EP titulado&nbsp;Zona Incierta. El rodaje de este video fue elaborado en San Juan de los [&hellip;]<\/p>\n","protected":false},"author":4,"featured_media":0,"comment_status":"open","ping_status":"open","sticky":false,"template":"","format":"standard","meta":{"_jetpack_memberships_contains_paid_content":false,"footnotes":""},"categories":[142],"tags":[],"class_list":["post-7487","post","type-post","status-publish","format-standard","hentry","category-buzznews"],"jetpack_featured_media_url":"","yoast_head":"<!-- This site is optimized with the Yoast SEO plugin v14.0.4 - https:\/\/yoast.com\/wordpress\/plugins\/seo\/ -->\n<title>Hoy Dal Segno estrena el video &quot;Tus Ojos Mienten&quot; - OidosSucios.Com<\/title>\n<meta name=\"robots\" content=\"index, follow\" \/>\n<meta name=\"googlebot\" content=\"index, follow, max-snippet:-1, max-image-preview:large, max-video-preview:-1\" \/>\n<meta name=\"bingbot\" content=\"index, follow, max-snippet:-1, max-image-preview:large, max-video-preview:-1\" \/>\n<link rel=\"canonical\" href=\"https:\/\/www.oidossucios.com\/site\/hoy-dal-segno-estrena-el-video-tus-ojos-mienten\/\" \/>\n<meta property=\"og:locale\" content=\"es_ES\" \/>\n<meta property=\"og:type\" content=\"article\" \/>\n<meta property=\"og:title\" content=\"Hoy Dal Segno estrena el video &quot;Tus Ojos Mienten&quot; - OidosSucios.Com\" \/>\n<meta property=\"og:description\" content=\"La banda conformada por Landys \u00c1lvarez (Bajo, Voz), Oderson Garc\u00eda (Bater\u00eda)&nbsp;y Kliber Mor\u00f3n (Guitarra) estrenar\u00e1 este viernes 28 de junio a trav\u00e9s de www.youtube.com\/DalSegnoOf a las 8:00 p.m. su m\u00e1s reciente v\u00eddeo &#8220;Tus Ojos Mienten&#8221; tema extra\u00eddo de su primer EP titulado&nbsp;Zona Incierta. El rodaje de este video fue elaborado en San Juan de los [&hellip;]\" \/>\n<meta property=\"og:url\" content=\"https:\/\/www.oidossucios.com\/site\/hoy-dal-segno-estrena-el-video-tus-ojos-mienten\/\" \/>\n<meta property=\"og:site_name\" content=\"OidosSucios.Com\" \/>\n<meta property=\"article:published_time\" content=\"2013-06-28T18:26:00+00:00\" \/>\n<meta name=\"twitter:card\" content=\"summary_large_image\" \/>\n<meta name=\"twitter:creator\" content=\"@oidossucios\" \/>\n<script type=\"application\/ld+json\" class=\"yoast-schema-graph\">{\"@context\":\"https:\/\/schema.org\",\"@graph\":[{\"@type\":\"WebSite\",\"@id\":\"https:\/\/www.oidossucios.com\/site\/#website\",\"url\":\"https:\/\/www.oidossucios.com\/site\/\",\"name\":\"OidosSucios.Com\",\"description\":\"M\\u00fasica, conciertos, discos\",\"potentialAction\":[{\"@type\":\"SearchAction\",\"target\":\"https:\/\/www.oidossucios.com\/site\/?s={search_term_string}\",\"query-input\":\"required name=search_term_string\"}],\"inLanguage\":\"es\"},{\"@type\":\"WebPage\",\"@id\":\"https:\/\/www.oidossucios.com\/site\/hoy-dal-segno-estrena-el-video-tus-ojos-mienten\/#webpage\",\"url\":\"https:\/\/www.oidossucios.com\/site\/hoy-dal-segno-estrena-el-video-tus-ojos-mienten\/\",\"name\":\"Hoy Dal Segno estrena el video \\\"Tus Ojos Mienten\\\" - OidosSucios.Com\",\"isPartOf\":{\"@id\":\"https:\/\/www.oidossucios.com\/site\/#website\"},\"datePublished\":\"2013-06-28T18:26:00+00:00\",\"dateModified\":\"2013-06-28T18:26:00+00:00\",\"author\":{\"@id\":\"https:\/\/www.oidossucios.com\/site\/#\/schema\/person\/24559eeb76bf83a63296fb072393a688\"},\"inLanguage\":\"es\",\"potentialAction\":[{\"@type\":\"ReadAction\",\"target\":[\"https:\/\/www.oidossucios.com\/site\/hoy-dal-segno-estrena-el-video-tus-ojos-mienten\/\"]}]},{\"@type\":[\"Person\"],\"@id\":\"https:\/\/www.oidossucios.com\/site\/#\/schema\/person\/24559eeb76bf83a63296fb072393a688\",\"name\":\"Oidossucios\",\"image\":{\"@type\":\"ImageObject\",\"@id\":\"https:\/\/www.oidossucios.com\/site\/#personlogo\",\"inLanguage\":\"es\",\"url\":\"https:\/\/secure.gravatar.com\/avatar\/74fcb480f42f1a33e50a0b6e6369a3f907be2e43dc84fa5f76c66e9c22b4a5ab?s=96&d=mm&r=g\",\"caption\":\"Oidossucios\"},\"sameAs\":[\"https:\/\/twitter.com\/oidossucios\"]}]}<\/script>\n<!-- \/ Yoast SEO plugin. -->","jetpack_sharing_enabled":true,"_links":{"self":[{"href":"https:\/\/www.oidossucios.com\/site\/wp-json\/wp\/v2\/posts\/7487","targetHints":{"allow":["GET"]}}],"collection":[{"href":"https:\/\/www.oidossucios.com\/site\/wp-json\/wp\/v2\/posts"}],"about":[{"href":"https:\/\/www.oidossucios.com\/site\/wp-json\/wp\/v2\/types\/post"}],"author":[{"embeddable":true,"href":"https:\/\/www.oidossucios.com\/site\/wp-json\/wp\/v2\/users\/4"}],"replies":[{"embeddable":true,"href":"https:\/\/www.oidossucios.com\/site\/wp-json\/wp\/v2\/comments?post=7487"}],"version-history":[{"count":0,"href":"https:\/\/www.oidossucios.com\/site\/wp-json\/wp\/v2\/posts\/7487\/revisions"}],"wp:attachment":[{"href":"https:\/\/www.oidossucios.com\/site\/wp-json\/wp\/v2\/media?parent=7487"}],"wp:term":[{"taxonomy":"category","embeddable":true,"href":"https:\/\/www.oidossucios.com\/site\/wp-json\/wp\/v2\/categories?post=7487"},{"taxonomy":"post_tag","embeddable":true,"href":"https:\/\/www.oidossucios.com\/site\/wp-json\/wp\/v2\/tags?post=7487"}],"curies":[{"name":"wp","href":"https:\/\/api.w.org\/{rel}","templated":true}]}}