{"id":750,"date":"2003-02-07T16:42:00","date_gmt":"2003-02-07T16:42:00","guid":{"rendered":"https:\/\/www.oidossucios.com\/site\/2003\/02\/07\/moby-hara-una-minigira-latinoamericana\/"},"modified":"2003-02-07T16:42:00","modified_gmt":"2003-02-07T16:42:00","slug":"moby-hara-una-minigira-latinoamericana","status":"publish","type":"post","link":"https:\/\/www.oidossucios.com\/site\/moby-hara-una-minigira-latinoamericana\/","title":{"rendered":"Moby har\u00e1 una minigira latinoamericana"},"content":{"rendered":"<p>La estrella de la m\u00fasica electr\u00f3nica, Moby, har\u00e1 una breve escala en Latinoam\u00e9rica durante el pr\u00f3ximo mes de abril, en medio de la gira de presentaci\u00f3n de su ultima producci\u00f3n discogr\u00e1fica, &#8217;18&#8217;.<\/p>\n<p>Los pa\u00edses que podr\u00eda visitar son Chile, Brasil y M\u00e9xico, siendo el \u00fanico confirmado oficialmente el del pa\u00eds azteca. Ocesa Entretenimiento ha anunciado hoy el show para el 7 de abril en el Auditorio Nacional de la capital mexicana.<\/p>\n<p>La gira de Moby acaba de pasar por Europa y se presentar\u00e1 durante este mes en Singapur y Tokio.<\/p>\n","protected":false},"excerpt":{"rendered":"<p>La estrella de la m\u00fasica electr\u00f3nica visitar\u00e1 Latinoam\u00e9rica durante el mes de abril. Ya se confirm\u00f3 la fecha de su presentaci\u00f3n en M\u00e9xico.<\/p>\n","protected":false},"author":4,"featured_media":10000746,"comment_status":"open","ping_status":"open","sticky":false,"template":"","format":"standard","meta":{"_jetpack_memberships_contains_paid_content":false,"footnotes":""},"categories":[250],"tags":[264],"class_list":["post-750","post","type-post","status-publish","format-standard","has-post-thumbnail","hentry","category-noticias","tag-moby"],"jetpack_featured_media_url":"https:\/\/www.oidossucios.com\/site\/wp-content\/uploads\/2003\/02\/746.jpg","yoast_head":"<!-- This site is optimized with the Yoast SEO plugin v14.0.4 - https:\/\/yoast.com\/wordpress\/plugins\/seo\/ -->\n<title>Moby har\u00e1 una minigira latinoamericana - OidosSucios.Com<\/title>\n<meta name=\"description\" content=\"La legendaria banda de rock de los 80s acaba de firmar un contrato para llevar al cine su novela autobiogr\u00e1fica: The Dirt: Confessions of the World&#039;s Most Notorious Rock Band.\" \/>\n<meta name=\"robots\" content=\"index, follow\" \/>\n<meta name=\"googlebot\" content=\"index, follow, max-snippet:-1, max-image-preview:large, max-video-preview:-1\" \/>\n<meta name=\"bingbot\" content=\"index, follow, max-snippet:-1, max-image-preview:large, max-video-preview:-1\" \/>\n<link rel=\"canonical\" href=\"https:\/\/www.oidossucios.com\/site\/moby-hara-una-minigira-latinoamericana\/\" \/>\n<meta property=\"og:locale\" content=\"es_ES\" \/>\n<meta property=\"og:type\" content=\"article\" \/>\n<meta property=\"og:title\" content=\"Moby har\u00e1 una minigira latinoamericana - OidosSucios.Com\" \/>\n<meta property=\"og:description\" content=\"La legendaria banda de rock de los 80s acaba de firmar un contrato para llevar al cine su novela autobiogr\u00e1fica: The Dirt: Confessions of the World&#039;s Most Notorious Rock Band.\" \/>\n<meta property=\"og:url\" content=\"https:\/\/www.oidossucios.com\/site\/moby-hara-una-minigira-latinoamericana\/\" \/>\n<meta property=\"og:site_name\" content=\"OidosSucios.Com\" \/>\n<meta property=\"article:published_time\" content=\"2003-02-07T16:42:00+00:00\" \/>\n<meta property=\"og:image\" content=\"https:\/\/www.oidossucios.com\/site\/wp-content\/uploads\/2003\/02\/746.jpg\" \/>\n\t<meta property=\"og:image:width\" content=\"290\" \/>\n\t<meta property=\"og:image:height\" content=\"100\" \/>\n<meta name=\"twitter:card\" content=\"summary_large_image\" \/>\n<meta name=\"twitter:creator\" content=\"@oidossucios\" \/>\n<script type=\"application\/ld+json\" class=\"yoast-schema-graph\">{\"@context\":\"https:\/\/schema.org\",\"@graph\":[{\"@type\":\"WebSite\",\"@id\":\"https:\/\/www.oidossucios.com\/site\/#website\",\"url\":\"https:\/\/www.oidossucios.com\/site\/\",\"name\":\"OidosSucios.Com\",\"description\":\"M\\u00fasica, conciertos, discos\",\"potentialAction\":[{\"@type\":\"SearchAction\",\"target\":\"https:\/\/www.oidossucios.com\/site\/?s={search_term_string}\",\"query-input\":\"required name=search_term_string\"}],\"inLanguage\":\"es\"},{\"@type\":\"ImageObject\",\"@id\":\"https:\/\/www.oidossucios.com\/site\/moby-hara-una-minigira-latinoamericana\/#primaryimage\",\"inLanguage\":\"es\",\"url\":\"https:\/\/www.oidossucios.com\/site\/wp-content\/uploads\/2003\/02\/746.jpg\",\"width\":290,\"height\":100},{\"@type\":\"WebPage\",\"@id\":\"https:\/\/www.oidossucios.com\/site\/moby-hara-una-minigira-latinoamericana\/#webpage\",\"url\":\"https:\/\/www.oidossucios.com\/site\/moby-hara-una-minigira-latinoamericana\/\",\"name\":\"Moby har\\u00e1 una minigira latinoamericana - OidosSucios.Com\",\"isPartOf\":{\"@id\":\"https:\/\/www.oidossucios.com\/site\/#website\"},\"primaryImageOfPage\":{\"@id\":\"https:\/\/www.oidossucios.com\/site\/moby-hara-una-minigira-latinoamericana\/#primaryimage\"},\"datePublished\":\"2003-02-07T16:42:00+00:00\",\"dateModified\":\"2003-02-07T16:42:00+00:00\",\"author\":{\"@id\":\"https:\/\/www.oidossucios.com\/site\/#\/schema\/person\/24559eeb76bf83a63296fb072393a688\"},\"description\":\"La legendaria banda de rock de los 80s acaba de firmar un contrato para llevar al cine su novela autobiogr\\u00e1fica: The Dirt: Confessions of the World's Most Notorious Rock Band.\",\"inLanguage\":\"es\",\"potentialAction\":[{\"@type\":\"ReadAction\",\"target\":[\"https:\/\/www.oidossucios.com\/site\/moby-hara-una-minigira-latinoamericana\/\"]}]},{\"@type\":[\"Person\"],\"@id\":\"https:\/\/www.oidossucios.com\/site\/#\/schema\/person\/24559eeb76bf83a63296fb072393a688\",\"name\":\"Oidossucios\",\"image\":{\"@type\":\"ImageObject\",\"@id\":\"https:\/\/www.oidossucios.com\/site\/#personlogo\",\"inLanguage\":\"es\",\"url\":\"https:\/\/secure.gravatar.com\/avatar\/74fcb480f42f1a33e50a0b6e6369a3f907be2e43dc84fa5f76c66e9c22b4a5ab?s=96&d=mm&r=g\",\"caption\":\"Oidossucios\"},\"sameAs\":[\"https:\/\/twitter.com\/oidossucios\"]}]}<\/script>\n<!-- \/ Yoast SEO plugin. -->","jetpack_sharing_enabled":true,"_links":{"self":[{"href":"https:\/\/www.oidossucios.com\/site\/wp-json\/wp\/v2\/posts\/750","targetHints":{"allow":["GET"]}}],"collection":[{"href":"https:\/\/www.oidossucios.com\/site\/wp-json\/wp\/v2\/posts"}],"about":[{"href":"https:\/\/www.oidossucios.com\/site\/wp-json\/wp\/v2\/types\/post"}],"author":[{"embeddable":true,"href":"https:\/\/www.oidossucios.com\/site\/wp-json\/wp\/v2\/users\/4"}],"replies":[{"embeddable":true,"href":"https:\/\/www.oidossucios.com\/site\/wp-json\/wp\/v2\/comments?post=750"}],"version-history":[{"count":0,"href":"https:\/\/www.oidossucios.com\/site\/wp-json\/wp\/v2\/posts\/750\/revisions"}],"wp:featuredmedia":[{"embeddable":true,"href":"https:\/\/www.oidossucios.com\/site\/wp-json\/wp\/v2\/media\/10000746"}],"wp:attachment":[{"href":"https:\/\/www.oidossucios.com\/site\/wp-json\/wp\/v2\/media?parent=750"}],"wp:term":[{"taxonomy":"category","embeddable":true,"href":"https:\/\/www.oidossucios.com\/site\/wp-json\/wp\/v2\/categories?post=750"},{"taxonomy":"post_tag","embeddable":true,"href":"https:\/\/www.oidossucios.com\/site\/wp-json\/wp\/v2\/tags?post=750"}],"curies":[{"name":"wp","href":"https:\/\/api.w.org\/{rel}","templated":true}]}}