{"id":7501,"date":"2013-07-03T08:29:00","date_gmt":"2013-07-03T08:29:00","guid":{"rendered":"https:\/\/www.oidossucios.com\/site\/2013\/07\/03\/richie-sambora-insiste-en-que-volvera-a-bon-jovi%c2%85-algun-dia\/"},"modified":"2013-07-03T08:29:00","modified_gmt":"2013-07-03T08:29:00","slug":"richie-sambora-insiste-en-que-volvera-a-bon-jovi%c2%85-algun-dia","status":"publish","type":"post","link":"https:\/\/www.oidossucios.com\/site\/richie-sambora-insiste-en-que-volvera-a-bon-jovi%c2%85-algun-dia\/","title":{"rendered":"Richie Sambora insiste en que volver\u00e1 a Bon Jovi\u0085 alg\u00fan d\u00eda"},"content":{"rendered":"<p>Por <\/p>\n<p>A pesar de que tanto la banda como el propio Sambora han pedido a sus seguidores que no se preocupen por el futuro de&nbsp;Bon Jovi,&nbsp;el guitarrista del grupo sigue sin soltar prenda sobre el porqu\u00e9 de su ausencia en la gira Europea, aunque insiste en que volver\u00e1. En unas declaraciones a&nbsp;<a href=\"http:\/\/www.tmz.com\/\">TMZ<\/a>&nbsp;publicadas este fin de semana, Sambora afirmaba &#8220;sentirse mal por los fans&#8221; e insisti\u00f3 en que &#8220;todo saldr\u00e1 bien al final&#8221;.<\/p>\n<p>Mucho se ha hablado sobre los motivos de la salida temporal de Richie Sambora de la banda. Los rumores acerca de un problema entre&nbsp;Jon Bon Jovi,&nbsp;vocalista y l\u00edder de la banda, y Sambora no terminan de acallarse a pesar de los esfuerzos del grupo y la gente de su alrededor por negarlos.&nbsp;Matthew Bongiovi,&nbsp;hermano de Jon, afirm\u00f3 en su&nbsp;<a target=\"_blank\" href=\"https:\/\/twitter.com\/MatthewBongiovi\" rel=\"noopener noreferrer\">cuenta personal<\/a>&nbsp;de Twitter que &#8220;no es un tema de dinero ni de ego&#8221; y que Richie &#8220;volver\u00e1 a su debido tiempo&#8221;.<\/p>\n<p>Lo cierto es que, a falta de informaci\u00f3n oficial, la fuente m\u00e1s fiable acerca de la posible vuelta de Sambora es&nbsp;Phil X,&nbsp;su sustituto. Este guitarrista, que ya acompa\u00f1\u00f3 a la banda durante algunos conciertos en 2011, ha anunciado a trav\u00e9s su cuenta de&nbsp;<a target=\"_blank\" href=\"https:\/\/twitter.com\/TheRealPhilX\" rel=\"noopener noreferrer\">Twitter<\/a>&nbsp;que en agosto volver\u00eda a Los Angeles para grabar con The Drills, su banda principal. \u00bfSe producir\u00e1 entonces el regreso de Richie?<\/p>\n<p>Fuente: www.rollingstone.es<![endif]--><!--[if gte mso 10]> <\/style>\n\n <![endif]--><\/p>\n","protected":false},"excerpt":{"rendered":"<p>Tras su ausencia por &#8220;asuntos personales&#8221; durante toda la gira Europea, Richie Sambora afirma &quot;sentirse mal por los fans&quot; e insiste en que regresar\u00e1 a la banda\u0085 en alg\u00fan momento. <\/p>\n","protected":false},"author":4,"featured_media":100007501,"comment_status":"open","ping_status":"open","sticky":false,"template":"","format":"standard","meta":{"_jetpack_memberships_contains_paid_content":false,"footnotes":""},"categories":[685],"tags":[],"class_list":["post-7501","post","type-post","status-publish","format-standard","has-post-thumbnail","hentry","category-ultima"],"jetpack_featured_media_url":"https:\/\/www.oidossucios.com\/site\/wp-content\/uploads\/2013\/07\/7501.jpg","yoast_head":"<!-- This site is optimized with the Yoast SEO plugin v14.0.4 - https:\/\/yoast.com\/wordpress\/plugins\/seo\/ -->\n<title>Richie Sambora insiste en que volver\u00e1 a Bon Jovi\u0085 alg\u00fan d\u00eda - OidosSucios.Com<\/title>\n<meta name=\"description\" content=\"Tras su ausencia por &quot;asuntos personales&quot; durante toda la gira Europea, Richie Sambora afirma &quot;sentirse mal por los fans&quot; e insiste en que regresar\u00e1 a la banda\u0085 en alg\u00fan momento.\" \/>\n<meta name=\"robots\" content=\"index, follow\" \/>\n<meta name=\"googlebot\" content=\"index, follow, max-snippet:-1, max-image-preview:large, max-video-preview:-1\" \/>\n<meta name=\"bingbot\" content=\"index, follow, max-snippet:-1, max-image-preview:large, max-video-preview:-1\" \/>\n<link rel=\"canonical\" href=\"https:\/\/www.oidossucios.com\/site\/richie-sambora-insiste-en-que-volvera-a-bon-jovi\u0085-algun-dia\/\" \/>\n<meta property=\"og:locale\" content=\"es_ES\" \/>\n<meta property=\"og:type\" content=\"article\" \/>\n<meta property=\"og:title\" content=\"Richie Sambora insiste en que volver\u00e1 a Bon Jovi\u0085 alg\u00fan d\u00eda - OidosSucios.Com\" \/>\n<meta property=\"og:description\" content=\"Tras su ausencia por &quot;asuntos personales&quot; durante toda la gira Europea, Richie Sambora afirma &quot;sentirse mal por los fans&quot; e insiste en que regresar\u00e1 a la banda\u0085 en alg\u00fan momento.\" \/>\n<meta property=\"og:url\" content=\"https:\/\/www.oidossucios.com\/site\/richie-sambora-insiste-en-que-volvera-a-bon-jovi\u0085-algun-dia\/\" \/>\n<meta property=\"og:site_name\" content=\"OidosSucios.Com\" \/>\n<meta property=\"article:published_time\" content=\"2013-07-03T08:29:00+00:00\" \/>\n<meta property=\"og:image\" content=\"https:\/\/www.oidossucios.com\/site\/wp-content\/uploads\/2013\/07\/7501.jpg\" \/>\n\t<meta property=\"og:image:width\" content=\"350\" \/>\n\t<meta property=\"og:image:height\" content=\"300\" \/>\n<meta name=\"twitter:card\" content=\"summary_large_image\" \/>\n<meta name=\"twitter:creator\" content=\"@oidossucios\" \/>\n<script type=\"application\/ld+json\" class=\"yoast-schema-graph\">{\"@context\":\"https:\/\/schema.org\",\"@graph\":[{\"@type\":\"WebSite\",\"@id\":\"https:\/\/www.oidossucios.com\/site\/#website\",\"url\":\"https:\/\/www.oidossucios.com\/site\/\",\"name\":\"OidosSucios.Com\",\"description\":\"M\\u00fasica, conciertos, discos\",\"potentialAction\":[{\"@type\":\"SearchAction\",\"target\":\"https:\/\/www.oidossucios.com\/site\/?s={search_term_string}\",\"query-input\":\"required name=search_term_string\"}],\"inLanguage\":\"es\"},{\"@type\":\"ImageObject\",\"@id\":\"https:\/\/www.oidossucios.com\/site\/richie-sambora-insiste-en-que-volvera-a-bon-jovi%c2%85-algun-dia\/#primaryimage\",\"inLanguage\":\"es\",\"url\":\"https:\/\/www.oidossucios.com\/site\/wp-content\/uploads\/2013\/07\/7501.jpg\",\"width\":350,\"height\":300},{\"@type\":\"WebPage\",\"@id\":\"https:\/\/www.oidossucios.com\/site\/richie-sambora-insiste-en-que-volvera-a-bon-jovi%c2%85-algun-dia\/#webpage\",\"url\":\"https:\/\/www.oidossucios.com\/site\/richie-sambora-insiste-en-que-volvera-a-bon-jovi%c2%85-algun-dia\/\",\"name\":\"Richie Sambora insiste en que volver\\u00e1 a Bon Jovi\\u0085 alg\\u00fan d\\u00eda - OidosSucios.Com\",\"isPartOf\":{\"@id\":\"https:\/\/www.oidossucios.com\/site\/#website\"},\"primaryImageOfPage\":{\"@id\":\"https:\/\/www.oidossucios.com\/site\/richie-sambora-insiste-en-que-volvera-a-bon-jovi%c2%85-algun-dia\/#primaryimage\"},\"datePublished\":\"2013-07-03T08:29:00+00:00\",\"dateModified\":\"2013-07-03T08:29:00+00:00\",\"author\":{\"@id\":\"https:\/\/www.oidossucios.com\/site\/#\/schema\/person\/24559eeb76bf83a63296fb072393a688\"},\"description\":\"Tras su ausencia por \\\"asuntos personales\\\" durante toda la gira Europea, Richie Sambora afirma &quot;sentirse mal por los fans&quot; e insiste en que regresar\\u00e1 a la banda\\u0085 en alg\\u00fan momento.\",\"inLanguage\":\"es\",\"potentialAction\":[{\"@type\":\"ReadAction\",\"target\":[\"https:\/\/www.oidossucios.com\/site\/richie-sambora-insiste-en-que-volvera-a-bon-jovi%c2%85-algun-dia\/\"]}]},{\"@type\":[\"Person\"],\"@id\":\"https:\/\/www.oidossucios.com\/site\/#\/schema\/person\/24559eeb76bf83a63296fb072393a688\",\"name\":\"Oidossucios\",\"image\":{\"@type\":\"ImageObject\",\"@id\":\"https:\/\/www.oidossucios.com\/site\/#personlogo\",\"inLanguage\":\"es\",\"url\":\"https:\/\/secure.gravatar.com\/avatar\/74fcb480f42f1a33e50a0b6e6369a3f907be2e43dc84fa5f76c66e9c22b4a5ab?s=96&d=mm&r=g\",\"caption\":\"Oidossucios\"},\"sameAs\":[\"https:\/\/twitter.com\/oidossucios\"]}]}<\/script>\n<!-- \/ Yoast SEO plugin. -->","jetpack_sharing_enabled":true,"_links":{"self":[{"href":"https:\/\/www.oidossucios.com\/site\/wp-json\/wp\/v2\/posts\/7501","targetHints":{"allow":["GET"]}}],"collection":[{"href":"https:\/\/www.oidossucios.com\/site\/wp-json\/wp\/v2\/posts"}],"about":[{"href":"https:\/\/www.oidossucios.com\/site\/wp-json\/wp\/v2\/types\/post"}],"author":[{"embeddable":true,"href":"https:\/\/www.oidossucios.com\/site\/wp-json\/wp\/v2\/users\/4"}],"replies":[{"embeddable":true,"href":"https:\/\/www.oidossucios.com\/site\/wp-json\/wp\/v2\/comments?post=7501"}],"version-history":[{"count":0,"href":"https:\/\/www.oidossucios.com\/site\/wp-json\/wp\/v2\/posts\/7501\/revisions"}],"wp:featuredmedia":[{"embeddable":true,"href":"https:\/\/www.oidossucios.com\/site\/wp-json\/wp\/v2\/media\/100007501"}],"wp:attachment":[{"href":"https:\/\/www.oidossucios.com\/site\/wp-json\/wp\/v2\/media?parent=7501"}],"wp:term":[{"taxonomy":"category","embeddable":true,"href":"https:\/\/www.oidossucios.com\/site\/wp-json\/wp\/v2\/categories?post=7501"},{"taxonomy":"post_tag","embeddable":true,"href":"https:\/\/www.oidossucios.com\/site\/wp-json\/wp\/v2\/tags?post=7501"}],"curies":[{"name":"wp","href":"https:\/\/api.w.org\/{rel}","templated":true}]}}