{"id":7503,"date":"2013-07-03T08:40:00","date_gmt":"2013-07-03T08:40:00","guid":{"rendered":"https:\/\/www.oidossucios.com\/site\/2013\/07\/03\/babyshambles-anuncia-nuevo-disco-sequel-to-the-prequel\/"},"modified":"2013-07-03T08:40:00","modified_gmt":"2013-07-03T08:40:00","slug":"babyshambles-anuncia-nuevo-disco-sequel-to-the-prequel","status":"publish","type":"post","link":"https:\/\/www.oidossucios.com\/site\/babyshambles-anuncia-nuevo-disco-sequel-to-the-prequel\/","title":{"rendered":"Babyshambles anuncia nuevo disco: &#8220;Sequel To The Prequel&#8221;"},"content":{"rendered":"<p>Fue en enero de este a\u00f1o cuando inici\u00f3 el&nbsp;rumor&nbsp;de que Pete Doherty ya trabajaba en un nuevo disco de Babyshambles, siendo hoy cuando el m\u00fasico confirma la noticia y, adem\u00e1s, da detalles de dicha producci\u00f3n.<i><\/p>\n<p>Sequel To The Prequel<\/i>es el t\u00edtulo que llevar\u00e1 el tercer trabajo de estudio de la banda, a llegar a las tiendas este 26 de agosto y teniendo como primer sencillo el tema &#8220;Nothing Comes To Nothing&#8221;, a ser lanzado el 2 de septiembre.<\/p>\n<p>Sobre este trabajo y la vuelta de Babyshambles a la escena, Doherty asegur\u00f3: &#8220;Babyshambles no est\u00e1 de regreso, esta banda siempre ha estado ah\u00ed.&#8221;<\/p>\n<p>Ser\u00e1 en septiembre cuando la banda inicie una gira que se extender\u00e1 hasta octubre, iniciando en&nbsp;Glasgow, el 4 de septiembre, con visitas a numerosas ciudades de Reino Unido en d\u00edas subsecuentes.<\/p>\n<p>El tracklist de&nbsp;<i>Sequel To The Prequel<\/i> es el siguiente:<\/p>\n<p>Fireman<br \/>Nothing Comes To Nothing<br \/>New Pair<br \/>Farmer\u00b4s Daughter<br \/>Fall From Grace<br \/>Maybeline<br \/>Sequel To The Prequel<br \/>Dr. No<br \/>Penguins<br \/>Picture Me In A Hospital<br \/>Seven Shades Of Nothing<br \/>Minefield<\/p>\n<p>Fuente: www.warp.la<![endif]--><!--[if gte mso 10]> <\/style>\n\n <![endif]--><\/p>\n","protected":false},"excerpt":{"rendered":"<p>Fue en enero de este a\u00f1o cuando inici\u00f3 el&nbsp;rumor&nbsp;de que Pete Doherty ya trabajaba en un nuevo disco de Babyshambles, siendo hoy cuando el m\u00fasico confirma la noticia y, adem\u00e1s, da detalles de dicha producci\u00f3n. Sequel To The Prequeles el t\u00edtulo que llevar\u00e1 el tercer trabajo de estudio de la banda, a llegar a las [&hellip;]<\/p>\n","protected":false},"author":4,"featured_media":100007503,"comment_status":"open","ping_status":"open","sticky":false,"template":"","format":"standard","meta":{"_jetpack_memberships_contains_paid_content":false,"footnotes":""},"categories":[142],"tags":[],"class_list":["post-7503","post","type-post","status-publish","format-standard","has-post-thumbnail","hentry","category-buzznews"],"jetpack_featured_media_url":"https:\/\/www.oidossucios.com\/site\/wp-content\/uploads\/2013\/07\/7503.jpg","yoast_head":"<!-- This site is optimized with the Yoast SEO plugin v14.0.4 - https:\/\/yoast.com\/wordpress\/plugins\/seo\/ -->\n<title>Babyshambles anuncia nuevo disco: &quot;Sequel To The Prequel&quot; - OidosSucios.Com<\/title>\n<meta name=\"robots\" content=\"index, follow\" \/>\n<meta name=\"googlebot\" content=\"index, follow, max-snippet:-1, max-image-preview:large, max-video-preview:-1\" \/>\n<meta name=\"bingbot\" content=\"index, follow, max-snippet:-1, max-image-preview:large, max-video-preview:-1\" \/>\n<link rel=\"canonical\" href=\"https:\/\/www.oidossucios.com\/site\/babyshambles-anuncia-nuevo-disco-sequel-to-the-prequel\/\" \/>\n<meta property=\"og:locale\" content=\"es_ES\" \/>\n<meta property=\"og:type\" content=\"article\" \/>\n<meta property=\"og:title\" content=\"Babyshambles anuncia nuevo disco: &quot;Sequel To The Prequel&quot; - OidosSucios.Com\" \/>\n<meta property=\"og:description\" content=\"Fue en enero de este a\u00f1o cuando inici\u00f3 el&nbsp;rumor&nbsp;de que Pete Doherty ya trabajaba en un nuevo disco de Babyshambles, siendo hoy cuando el m\u00fasico confirma la noticia y, adem\u00e1s, da detalles de dicha producci\u00f3n. Sequel To The Prequeles el t\u00edtulo que llevar\u00e1 el tercer trabajo de estudio de la banda, a llegar a las [&hellip;]\" \/>\n<meta property=\"og:url\" content=\"https:\/\/www.oidossucios.com\/site\/babyshambles-anuncia-nuevo-disco-sequel-to-the-prequel\/\" \/>\n<meta property=\"og:site_name\" content=\"OidosSucios.Com\" \/>\n<meta property=\"article:published_time\" content=\"2013-07-03T08:40:00+00:00\" \/>\n<meta property=\"og:image\" content=\"https:\/\/www.oidossucios.com\/site\/wp-content\/uploads\/2013\/07\/7503.jpg\" \/>\n\t<meta property=\"og:image:width\" content=\"350\" \/>\n\t<meta property=\"og:image:height\" content=\"300\" \/>\n<meta name=\"twitter:card\" content=\"summary_large_image\" \/>\n<meta name=\"twitter:creator\" content=\"@oidossucios\" \/>\n<script type=\"application\/ld+json\" class=\"yoast-schema-graph\">{\"@context\":\"https:\/\/schema.org\",\"@graph\":[{\"@type\":\"WebSite\",\"@id\":\"https:\/\/www.oidossucios.com\/site\/#website\",\"url\":\"https:\/\/www.oidossucios.com\/site\/\",\"name\":\"OidosSucios.Com\",\"description\":\"M\\u00fasica, conciertos, discos\",\"potentialAction\":[{\"@type\":\"SearchAction\",\"target\":\"https:\/\/www.oidossucios.com\/site\/?s={search_term_string}\",\"query-input\":\"required name=search_term_string\"}],\"inLanguage\":\"es\"},{\"@type\":\"ImageObject\",\"@id\":\"https:\/\/www.oidossucios.com\/site\/babyshambles-anuncia-nuevo-disco-sequel-to-the-prequel\/#primaryimage\",\"inLanguage\":\"es\",\"url\":\"https:\/\/www.oidossucios.com\/site\/wp-content\/uploads\/2013\/07\/7503.jpg\",\"width\":350,\"height\":300},{\"@type\":\"WebPage\",\"@id\":\"https:\/\/www.oidossucios.com\/site\/babyshambles-anuncia-nuevo-disco-sequel-to-the-prequel\/#webpage\",\"url\":\"https:\/\/www.oidossucios.com\/site\/babyshambles-anuncia-nuevo-disco-sequel-to-the-prequel\/\",\"name\":\"Babyshambles anuncia nuevo disco: \\\"Sequel To The Prequel\\\" - OidosSucios.Com\",\"isPartOf\":{\"@id\":\"https:\/\/www.oidossucios.com\/site\/#website\"},\"primaryImageOfPage\":{\"@id\":\"https:\/\/www.oidossucios.com\/site\/babyshambles-anuncia-nuevo-disco-sequel-to-the-prequel\/#primaryimage\"},\"datePublished\":\"2013-07-03T08:40:00+00:00\",\"dateModified\":\"2013-07-03T08:40:00+00:00\",\"author\":{\"@id\":\"https:\/\/www.oidossucios.com\/site\/#\/schema\/person\/24559eeb76bf83a63296fb072393a688\"},\"inLanguage\":\"es\",\"potentialAction\":[{\"@type\":\"ReadAction\",\"target\":[\"https:\/\/www.oidossucios.com\/site\/babyshambles-anuncia-nuevo-disco-sequel-to-the-prequel\/\"]}]},{\"@type\":[\"Person\"],\"@id\":\"https:\/\/www.oidossucios.com\/site\/#\/schema\/person\/24559eeb76bf83a63296fb072393a688\",\"name\":\"Oidossucios\",\"image\":{\"@type\":\"ImageObject\",\"@id\":\"https:\/\/www.oidossucios.com\/site\/#personlogo\",\"inLanguage\":\"es\",\"url\":\"https:\/\/secure.gravatar.com\/avatar\/74fcb480f42f1a33e50a0b6e6369a3f907be2e43dc84fa5f76c66e9c22b4a5ab?s=96&d=mm&r=g\",\"caption\":\"Oidossucios\"},\"sameAs\":[\"https:\/\/twitter.com\/oidossucios\"]}]}<\/script>\n<!-- \/ Yoast SEO plugin. -->","jetpack_sharing_enabled":true,"_links":{"self":[{"href":"https:\/\/www.oidossucios.com\/site\/wp-json\/wp\/v2\/posts\/7503","targetHints":{"allow":["GET"]}}],"collection":[{"href":"https:\/\/www.oidossucios.com\/site\/wp-json\/wp\/v2\/posts"}],"about":[{"href":"https:\/\/www.oidossucios.com\/site\/wp-json\/wp\/v2\/types\/post"}],"author":[{"embeddable":true,"href":"https:\/\/www.oidossucios.com\/site\/wp-json\/wp\/v2\/users\/4"}],"replies":[{"embeddable":true,"href":"https:\/\/www.oidossucios.com\/site\/wp-json\/wp\/v2\/comments?post=7503"}],"version-history":[{"count":0,"href":"https:\/\/www.oidossucios.com\/site\/wp-json\/wp\/v2\/posts\/7503\/revisions"}],"wp:featuredmedia":[{"embeddable":true,"href":"https:\/\/www.oidossucios.com\/site\/wp-json\/wp\/v2\/media\/100007503"}],"wp:attachment":[{"href":"https:\/\/www.oidossucios.com\/site\/wp-json\/wp\/v2\/media?parent=7503"}],"wp:term":[{"taxonomy":"category","embeddable":true,"href":"https:\/\/www.oidossucios.com\/site\/wp-json\/wp\/v2\/categories?post=7503"},{"taxonomy":"post_tag","embeddable":true,"href":"https:\/\/www.oidossucios.com\/site\/wp-json\/wp\/v2\/tags?post=7503"}],"curies":[{"name":"wp","href":"https:\/\/api.w.org\/{rel}","templated":true}]}}