{"id":7532,"date":"2013-07-10T18:37:00","date_gmt":"2013-07-10T18:37:00","guid":{"rendered":"https:\/\/www.oidossucios.com\/site\/2013\/07\/10\/la-pipa-freak-comparte-su-segundo-disco-en-digital\/"},"modified":"2013-07-10T18:37:00","modified_gmt":"2013-07-10T18:37:00","slug":"la-pipa-freak-comparte-su-segundo-disco-en-digital","status":"publish","type":"post","link":"https:\/\/www.oidossucios.com\/site\/la-pipa-freak-comparte-su-segundo-disco-en-digital\/","title":{"rendered":"La Pipa Freak comparte su segundo disco en digital"},"content":{"rendered":"<p>La agrupaci\u00f3n venezolana la Pipa Freak comparte, a partir de hoy, su segundo trabajo discogr\u00e1fico: <i>Ahora<\/i>. El disco est\u00e1 disponible, en formato digital, a trav\u00e9s de su p\u00e1gina de <a href=\"https:\/\/soundcloud.com\/lapipafreak\/sets\/ahora\">SoundCloud<\/a>.<\/p>\n<p>Bajo la producci\u00f3n de Javier Calamaro, <i>Ahora<\/i> cuenta con nueve temas donde destaca &#8220;\u00bfY ahora qu\u00e9 voy a hacer?&#8221; como primer sencillo promocional, lanzado al mercado el pasado mes de junio. El disco fue co- producido por el Indio Marqu\u00e9z y fue mezclado y masterizado por Mario Breuer. Tambi\u00e9n cuenta con Leandro Chiappe, como invitado, en los teclados y Javier Calamaro en la voz de este primer promocional.<\/p>\n<p>La Pipa Freak est\u00e1 compuesta por Juan Carlos (voz y guitarra), Rom (guitarra y coros), Alex (bajo), Hum (guitarra) y Henry ( bater\u00eda). Este segundo trabajo discogr\u00e1fico se puede escuchar, a partir de hoy, a trav\u00e9s de&nbsp;<a target=\"_blank\" href=\"http:\/\/urbanmedia.us5.list-manage1.com\/track\/click?u=94aa1065eb2f6ae31db7f5f6c&amp;id=516e443073&amp;e=eb41c42ce2\" rel=\"noopener noreferrer\">https:\/\/soundcloud.com\/lapipafreak\/sets\/ahora<\/a>.<\/p>\n<p>&#8220;Para nosotros este disco significa mucho, es un gran paso que damos para la internacionalizaci\u00f3n. Internamente hemos logrado convertirnos en una banda, los cinco entregamos todo en la tarima y, realmente, toda la creaci\u00f3n de este disco nos ayud\u00f3 a unirnos como amigos y compa\u00f1eros de banda, brind\u00e1ndonos la fuerza para seguir adelante y apostar completamente al \u00e9xito de este disco&#8230;&#8221; comenta Rom, guitarrista.<\/p>\n<p>Para m\u00e1s informaci\u00f3n de la banda, s\u00edganlos en twiter @lapipafreak o visiten su p\u00e1gina web&nbsp;<a target=\"_blank\" href=\"http:\/\/www.lapipafreak.com\/\" rel=\"noopener noreferrer\">www.lapipafreak.com<\/p>\n<p><\/a><iframe loading=\"lazy\" height=\"450\" frameborder=\"no\" width=\"100%\" scrolling=\"no\" src=\"https:\/\/w.soundcloud.com\/player\/?url=http%3A%2F%2Fapi.soundcloud.com%2Fplaylists%2F7592906\"><\/iframe><a target=\"_blank\" href=\"http:\/\/www.lapipafreak.com\/\" rel=\"noopener noreferrer\"><br \/><\/a><![endif]--><!--[if gte mso 10]> <\/style>\n\n <![endif]--><\/p>\n","protected":false},"excerpt":{"rendered":"<p>La agrupaci\u00f3n venezolana la Pipa Freak comparte, a partir de hoy, su segundo trabajo discogr\u00e1fico: &quot;Ahora&quot;. El disco est\u00e1 disponible, en formato digital, a trav\u00e9s de su p\u00e1gina de SoundCloud.<\/p>\n","protected":false},"author":4,"featured_media":100007532,"comment_status":"open","ping_status":"open","sticky":false,"template":"","format":"standard","meta":{"_jetpack_memberships_contains_paid_content":false,"footnotes":""},"categories":[250],"tags":[],"class_list":["post-7532","post","type-post","status-publish","format-standard","has-post-thumbnail","hentry","category-noticias"],"jetpack_featured_media_url":"https:\/\/www.oidossucios.com\/site\/wp-content\/uploads\/2013\/07\/7532.jpg","yoast_head":"<!-- This site is optimized with the Yoast SEO plugin v14.0.4 - https:\/\/yoast.com\/wordpress\/plugins\/seo\/ -->\n<title>La Pipa Freak comparte su segundo disco en digital - OidosSucios.Com<\/title>\n<meta name=\"description\" content=\"La agrupaci\u00f3n venezolana la Pipa Freak comparte, a partir de hoy, su segundo trabajo discogr\u00e1fico: &quot;Ahora&quot;. El disco est\u00e1 disponible, en formato digital, a trav\u00e9s de su p\u00e1gina de SoundCloud.\" \/>\n<meta name=\"robots\" content=\"index, follow\" \/>\n<meta name=\"googlebot\" content=\"index, follow, max-snippet:-1, max-image-preview:large, max-video-preview:-1\" \/>\n<meta name=\"bingbot\" content=\"index, follow, max-snippet:-1, max-image-preview:large, max-video-preview:-1\" \/>\n<link rel=\"canonical\" href=\"https:\/\/www.oidossucios.com\/site\/la-pipa-freak-comparte-su-segundo-disco-en-digital\/\" \/>\n<meta property=\"og:locale\" content=\"es_ES\" \/>\n<meta property=\"og:type\" content=\"article\" \/>\n<meta property=\"og:title\" content=\"La Pipa Freak comparte su segundo disco en digital - OidosSucios.Com\" \/>\n<meta property=\"og:description\" content=\"La agrupaci\u00f3n venezolana la Pipa Freak comparte, a partir de hoy, su segundo trabajo discogr\u00e1fico: &quot;Ahora&quot;. El disco est\u00e1 disponible, en formato digital, a trav\u00e9s de su p\u00e1gina de SoundCloud.\" \/>\n<meta property=\"og:url\" content=\"https:\/\/www.oidossucios.com\/site\/la-pipa-freak-comparte-su-segundo-disco-en-digital\/\" \/>\n<meta property=\"og:site_name\" content=\"OidosSucios.Com\" \/>\n<meta property=\"article:published_time\" content=\"2013-07-10T18:37:00+00:00\" \/>\n<meta property=\"og:image\" content=\"https:\/\/www.oidossucios.com\/site\/wp-content\/uploads\/2013\/07\/7532.jpg\" \/>\n\t<meta property=\"og:image:width\" content=\"350\" \/>\n\t<meta property=\"og:image:height\" content=\"300\" \/>\n<meta name=\"twitter:card\" content=\"summary_large_image\" \/>\n<meta name=\"twitter:creator\" content=\"@oidossucios\" \/>\n<script type=\"application\/ld+json\" class=\"yoast-schema-graph\">{\"@context\":\"https:\/\/schema.org\",\"@graph\":[{\"@type\":\"WebSite\",\"@id\":\"https:\/\/www.oidossucios.com\/site\/#website\",\"url\":\"https:\/\/www.oidossucios.com\/site\/\",\"name\":\"OidosSucios.Com\",\"description\":\"M\\u00fasica, conciertos, discos\",\"potentialAction\":[{\"@type\":\"SearchAction\",\"target\":\"https:\/\/www.oidossucios.com\/site\/?s={search_term_string}\",\"query-input\":\"required name=search_term_string\"}],\"inLanguage\":\"es\"},{\"@type\":\"ImageObject\",\"@id\":\"https:\/\/www.oidossucios.com\/site\/la-pipa-freak-comparte-su-segundo-disco-en-digital\/#primaryimage\",\"inLanguage\":\"es\",\"url\":\"https:\/\/www.oidossucios.com\/site\/wp-content\/uploads\/2013\/07\/7532.jpg\",\"width\":350,\"height\":300},{\"@type\":\"WebPage\",\"@id\":\"https:\/\/www.oidossucios.com\/site\/la-pipa-freak-comparte-su-segundo-disco-en-digital\/#webpage\",\"url\":\"https:\/\/www.oidossucios.com\/site\/la-pipa-freak-comparte-su-segundo-disco-en-digital\/\",\"name\":\"La Pipa Freak comparte su segundo disco en digital - OidosSucios.Com\",\"isPartOf\":{\"@id\":\"https:\/\/www.oidossucios.com\/site\/#website\"},\"primaryImageOfPage\":{\"@id\":\"https:\/\/www.oidossucios.com\/site\/la-pipa-freak-comparte-su-segundo-disco-en-digital\/#primaryimage\"},\"datePublished\":\"2013-07-10T18:37:00+00:00\",\"dateModified\":\"2013-07-10T18:37:00+00:00\",\"author\":{\"@id\":\"https:\/\/www.oidossucios.com\/site\/#\/schema\/person\/24559eeb76bf83a63296fb072393a688\"},\"description\":\"La agrupaci\\u00f3n venezolana la Pipa Freak comparte, a partir de hoy, su segundo trabajo discogr\\u00e1fico: &quot;Ahora&quot;. El disco est\\u00e1 disponible, en formato digital, a trav\\u00e9s de su p\\u00e1gina de SoundCloud.\",\"inLanguage\":\"es\",\"potentialAction\":[{\"@type\":\"ReadAction\",\"target\":[\"https:\/\/www.oidossucios.com\/site\/la-pipa-freak-comparte-su-segundo-disco-en-digital\/\"]}]},{\"@type\":[\"Person\"],\"@id\":\"https:\/\/www.oidossucios.com\/site\/#\/schema\/person\/24559eeb76bf83a63296fb072393a688\",\"name\":\"Oidossucios\",\"image\":{\"@type\":\"ImageObject\",\"@id\":\"https:\/\/www.oidossucios.com\/site\/#personlogo\",\"inLanguage\":\"es\",\"url\":\"https:\/\/secure.gravatar.com\/avatar\/74fcb480f42f1a33e50a0b6e6369a3f907be2e43dc84fa5f76c66e9c22b4a5ab?s=96&d=mm&r=g\",\"caption\":\"Oidossucios\"},\"sameAs\":[\"https:\/\/twitter.com\/oidossucios\"]}]}<\/script>\n<!-- \/ Yoast SEO plugin. -->","jetpack_sharing_enabled":true,"_links":{"self":[{"href":"https:\/\/www.oidossucios.com\/site\/wp-json\/wp\/v2\/posts\/7532","targetHints":{"allow":["GET"]}}],"collection":[{"href":"https:\/\/www.oidossucios.com\/site\/wp-json\/wp\/v2\/posts"}],"about":[{"href":"https:\/\/www.oidossucios.com\/site\/wp-json\/wp\/v2\/types\/post"}],"author":[{"embeddable":true,"href":"https:\/\/www.oidossucios.com\/site\/wp-json\/wp\/v2\/users\/4"}],"replies":[{"embeddable":true,"href":"https:\/\/www.oidossucios.com\/site\/wp-json\/wp\/v2\/comments?post=7532"}],"version-history":[{"count":0,"href":"https:\/\/www.oidossucios.com\/site\/wp-json\/wp\/v2\/posts\/7532\/revisions"}],"wp:featuredmedia":[{"embeddable":true,"href":"https:\/\/www.oidossucios.com\/site\/wp-json\/wp\/v2\/media\/100007532"}],"wp:attachment":[{"href":"https:\/\/www.oidossucios.com\/site\/wp-json\/wp\/v2\/media?parent=7532"}],"wp:term":[{"taxonomy":"category","embeddable":true,"href":"https:\/\/www.oidossucios.com\/site\/wp-json\/wp\/v2\/categories?post=7532"},{"taxonomy":"post_tag","embeddable":true,"href":"https:\/\/www.oidossucios.com\/site\/wp-json\/wp\/v2\/tags?post=7532"}],"curies":[{"name":"wp","href":"https:\/\/api.w.org\/{rel}","templated":true}]}}