{"id":754,"date":"2003-02-11T17:32:00","date_gmt":"2003-02-11T17:32:00","guid":{"rendered":"https:\/\/www.oidossucios.com\/site\/2003\/02\/11\/simon-tong-es-el-nuevo-guitarrista-de-blur\/"},"modified":"2003-02-11T17:32:00","modified_gmt":"2003-02-11T17:32:00","slug":"simon-tong-es-el-nuevo-guitarrista-de-blur","status":"publish","type":"post","link":"https:\/\/www.oidossucios.com\/site\/simon-tong-es-el-nuevo-guitarrista-de-blur\/","title":{"rendered":"Simon Tong es el nuevo guitarrista de Blur"},"content":{"rendered":"<p>El fundador de The Verve, Simon Tong, ser\u00e1 el encargado de tomar el relevo de Graham Coxon en Blur, seg\u00fan ha informado la revista NME.<\/p>\n<p>Coxon dej\u00f3 la banda a finales del a\u00f1o pasado, antes de comenzar la grabaci\u00f3n del disco que saldr\u00e1 al mercado a mitad de este a\u00f1o. Aunque el l\u00edder de la agrupaci\u00f3n, Damon Albarn, habr\u00eda dado pistas acerca de que se tratar\u00eda de un conocido m\u00fasico brit\u00e1nico, las pistas apuntaban hacia el otro guitarrista de The Verve, Nick McCabe.<\/p>\n<p>En la nota publicada por la revista se aclara tambi\u00e9n que Tong ser\u00e1 solo el guitarrista para las presentaciones en vivo, por lo que no ser\u00e1 considerado un miembro formal de la banda y se deduce que en las fotos y promoci\u00f3n de su nueva producci\u00f3n discogr\u00e1fica, el grupo aparecer\u00e1 como un tr\u00edo.<\/p>\n","protected":false},"excerpt":{"rendered":"<p>El fundador de The Verve ser\u00e1 el encargado de tomar el relevo de Graham Coxon en la banda brit\u00e1nica.<\/p>\n","protected":false},"author":4,"featured_media":10000750,"comment_status":"open","ping_status":"open","sticky":false,"template":"","format":"standard","meta":{"_jetpack_memberships_contains_paid_content":false,"footnotes":""},"categories":[250],"tags":[267],"class_list":["post-754","post","type-post","status-publish","format-standard","has-post-thumbnail","hentry","category-noticias","tag-blur"],"jetpack_featured_media_url":"https:\/\/www.oidossucios.com\/site\/wp-content\/uploads\/2003\/02\/750.jpg","yoast_head":"<!-- This site is optimized with the Yoast SEO plugin v14.0.4 - https:\/\/yoast.com\/wordpress\/plugins\/seo\/ -->\n<title>Simon Tong es el nuevo guitarrista de Blur - OidosSucios.Com<\/title>\n<meta name=\"description\" content=\"La estrella de la m\u00fasica electr\u00f3nica visitar\u00e1 Latinoam\u00e9rica durante el mes de abril. Ya se confirm\u00f3 la fecha de su presentaci\u00f3n en M\u00e9xico.\" \/>\n<meta name=\"robots\" content=\"index, follow\" \/>\n<meta name=\"googlebot\" content=\"index, follow, max-snippet:-1, max-image-preview:large, max-video-preview:-1\" \/>\n<meta name=\"bingbot\" content=\"index, follow, max-snippet:-1, max-image-preview:large, max-video-preview:-1\" \/>\n<link rel=\"canonical\" href=\"https:\/\/www.oidossucios.com\/site\/simon-tong-es-el-nuevo-guitarrista-de-blur\/\" \/>\n<meta property=\"og:locale\" content=\"es_ES\" \/>\n<meta property=\"og:type\" content=\"article\" \/>\n<meta property=\"og:title\" content=\"Simon Tong es el nuevo guitarrista de Blur - OidosSucios.Com\" \/>\n<meta property=\"og:description\" content=\"La estrella de la m\u00fasica electr\u00f3nica visitar\u00e1 Latinoam\u00e9rica durante el mes de abril. Ya se confirm\u00f3 la fecha de su presentaci\u00f3n en M\u00e9xico.\" \/>\n<meta property=\"og:url\" content=\"https:\/\/www.oidossucios.com\/site\/simon-tong-es-el-nuevo-guitarrista-de-blur\/\" \/>\n<meta property=\"og:site_name\" content=\"OidosSucios.Com\" \/>\n<meta property=\"article:published_time\" content=\"2003-02-11T17:32:00+00:00\" \/>\n<meta property=\"og:image\" content=\"https:\/\/www.oidossucios.com\/site\/wp-content\/uploads\/2003\/02\/750.jpg\" \/>\n\t<meta property=\"og:image:width\" content=\"290\" \/>\n\t<meta property=\"og:image:height\" content=\"100\" \/>\n<meta name=\"twitter:card\" content=\"summary_large_image\" \/>\n<meta name=\"twitter:creator\" content=\"@oidossucios\" \/>\n<script type=\"application\/ld+json\" class=\"yoast-schema-graph\">{\"@context\":\"https:\/\/schema.org\",\"@graph\":[{\"@type\":\"WebSite\",\"@id\":\"https:\/\/www.oidossucios.com\/site\/#website\",\"url\":\"https:\/\/www.oidossucios.com\/site\/\",\"name\":\"OidosSucios.Com\",\"description\":\"M\\u00fasica, conciertos, discos\",\"potentialAction\":[{\"@type\":\"SearchAction\",\"target\":\"https:\/\/www.oidossucios.com\/site\/?s={search_term_string}\",\"query-input\":\"required name=search_term_string\"}],\"inLanguage\":\"es\"},{\"@type\":\"ImageObject\",\"@id\":\"https:\/\/www.oidossucios.com\/site\/simon-tong-es-el-nuevo-guitarrista-de-blur\/#primaryimage\",\"inLanguage\":\"es\",\"url\":\"https:\/\/www.oidossucios.com\/site\/wp-content\/uploads\/2003\/02\/750.jpg\",\"width\":290,\"height\":100},{\"@type\":\"WebPage\",\"@id\":\"https:\/\/www.oidossucios.com\/site\/simon-tong-es-el-nuevo-guitarrista-de-blur\/#webpage\",\"url\":\"https:\/\/www.oidossucios.com\/site\/simon-tong-es-el-nuevo-guitarrista-de-blur\/\",\"name\":\"Simon Tong es el nuevo guitarrista de Blur - OidosSucios.Com\",\"isPartOf\":{\"@id\":\"https:\/\/www.oidossucios.com\/site\/#website\"},\"primaryImageOfPage\":{\"@id\":\"https:\/\/www.oidossucios.com\/site\/simon-tong-es-el-nuevo-guitarrista-de-blur\/#primaryimage\"},\"datePublished\":\"2003-02-11T17:32:00+00:00\",\"dateModified\":\"2003-02-11T17:32:00+00:00\",\"author\":{\"@id\":\"https:\/\/www.oidossucios.com\/site\/#\/schema\/person\/24559eeb76bf83a63296fb072393a688\"},\"description\":\"La estrella de la m\\u00fasica electr\\u00f3nica visitar\\u00e1 Latinoam\\u00e9rica durante el mes de abril. Ya se confirm\\u00f3 la fecha de su presentaci\\u00f3n en M\\u00e9xico.\",\"inLanguage\":\"es\",\"potentialAction\":[{\"@type\":\"ReadAction\",\"target\":[\"https:\/\/www.oidossucios.com\/site\/simon-tong-es-el-nuevo-guitarrista-de-blur\/\"]}]},{\"@type\":[\"Person\"],\"@id\":\"https:\/\/www.oidossucios.com\/site\/#\/schema\/person\/24559eeb76bf83a63296fb072393a688\",\"name\":\"Oidossucios\",\"image\":{\"@type\":\"ImageObject\",\"@id\":\"https:\/\/www.oidossucios.com\/site\/#personlogo\",\"inLanguage\":\"es\",\"url\":\"https:\/\/secure.gravatar.com\/avatar\/74fcb480f42f1a33e50a0b6e6369a3f907be2e43dc84fa5f76c66e9c22b4a5ab?s=96&d=mm&r=g\",\"caption\":\"Oidossucios\"},\"sameAs\":[\"https:\/\/twitter.com\/oidossucios\"]}]}<\/script>\n<!-- \/ Yoast SEO plugin. -->","jetpack_sharing_enabled":true,"_links":{"self":[{"href":"https:\/\/www.oidossucios.com\/site\/wp-json\/wp\/v2\/posts\/754","targetHints":{"allow":["GET"]}}],"collection":[{"href":"https:\/\/www.oidossucios.com\/site\/wp-json\/wp\/v2\/posts"}],"about":[{"href":"https:\/\/www.oidossucios.com\/site\/wp-json\/wp\/v2\/types\/post"}],"author":[{"embeddable":true,"href":"https:\/\/www.oidossucios.com\/site\/wp-json\/wp\/v2\/users\/4"}],"replies":[{"embeddable":true,"href":"https:\/\/www.oidossucios.com\/site\/wp-json\/wp\/v2\/comments?post=754"}],"version-history":[{"count":0,"href":"https:\/\/www.oidossucios.com\/site\/wp-json\/wp\/v2\/posts\/754\/revisions"}],"wp:featuredmedia":[{"embeddable":true,"href":"https:\/\/www.oidossucios.com\/site\/wp-json\/wp\/v2\/media\/10000750"}],"wp:attachment":[{"href":"https:\/\/www.oidossucios.com\/site\/wp-json\/wp\/v2\/media?parent=754"}],"wp:term":[{"taxonomy":"category","embeddable":true,"href":"https:\/\/www.oidossucios.com\/site\/wp-json\/wp\/v2\/categories?post=754"},{"taxonomy":"post_tag","embeddable":true,"href":"https:\/\/www.oidossucios.com\/site\/wp-json\/wp\/v2\/tags?post=754"}],"curies":[{"name":"wp","href":"https:\/\/api.w.org\/{rel}","templated":true}]}}