{"id":7557,"date":"2013-07-16T08:21:00","date_gmt":"2013-07-16T08:21:00","guid":{"rendered":"https:\/\/www.oidossucios.com\/site\/2013\/07\/16\/tool-podria-sacar-disco-en-2014\/"},"modified":"2013-07-16T08:21:00","modified_gmt":"2013-07-16T08:21:00","slug":"tool-podria-sacar-disco-en-2014","status":"publish","type":"post","link":"https:\/\/www.oidossucios.com\/site\/tool-podria-sacar-disco-en-2014\/","title":{"rendered":"Tool podr\u00eda sacar disco en 2014"},"content":{"rendered":"<p>No es primera vez que la perspectiva de ver un nuevo \u00e1lbum de&nbsp;Tool&nbsp;sea un asunto tan dilatado por la propia banda.<\/p>\n<p>Una nueva prueba de esto la tenemos ahora, a trav\u00e9s de una entrevista que el baterista Danny Carey&nbsp;tuvo con el sitio&nbsp;<a target=\"_blank\" href=\"http:\/\/loudwire.com\/drummer-danny-carey-new-tool-album-most-likely-early-2014\/\" rel=\"noopener noreferrer\">Loudwire<\/a>, donde enterr\u00f3 de plano cualquier posibilidad de que el material se pueda publicar este a\u00f1o:&nbsp;&#8220;Podr\u00edamos tener el disco listo para fin de a\u00f1o, esa es una posibilidad. Pero la log\u00edstica y todo el proceso de manufactura, y tener todas las cosas de la compa\u00f1\u00eda en l\u00ednea me hacen dudar que sea antes de la navidad. Veremos c\u00f3mo va eso. Parece m\u00e1s apropiado que sea a inicios del pr\u00f3ximo a\u00f1o&#8221;.<\/p>\n<p>En este momento, la banda est\u00e1 en pleno proceso de composici\u00f3n, aunque falta la presencia del vocalista Maynard James Keenan, lo que claramente ensamblar\u00eda todo el material que lleva registrando el conjunto.<\/p>\n<p>S\u00f3lo queda esperar cu\u00e1ndo ser\u00e1 el d\u00eda en que finalmente veamos el quinto LP de los estadounidenses.<\/p>\n<p>Fuente: www.rockaxis.com<![endif]--><!--[if gte mso 10]> <\/style>\n\n <![endif]--><\/p>\n","protected":false},"excerpt":{"rendered":"<p>No es primera vez que la perspectiva de ver un nuevo \u00e1lbum de&nbsp;Tool&nbsp;sea un asunto tan dilatado por la propia banda. Una nueva prueba de esto la tenemos ahora, a trav\u00e9s de una entrevista que el baterista Danny Carey&nbsp;tuvo con el sitio&nbsp;Loudwire, donde enterr\u00f3 de plano cualquier posibilidad de que el material se pueda publicar [&hellip;]<\/p>\n","protected":false},"author":4,"featured_media":100007557,"comment_status":"open","ping_status":"open","sticky":false,"template":"","format":"standard","meta":{"_jetpack_memberships_contains_paid_content":false,"footnotes":""},"categories":[142],"tags":[],"class_list":["post-7557","post","type-post","status-publish","format-standard","has-post-thumbnail","hentry","category-buzznews"],"jetpack_featured_media_url":"https:\/\/www.oidossucios.com\/site\/wp-content\/uploads\/2013\/07\/7557.jpg","yoast_head":"<!-- This site is optimized with the Yoast SEO plugin v14.0.4 - https:\/\/yoast.com\/wordpress\/plugins\/seo\/ -->\n<title>Tool podr\u00eda sacar disco en 2014 - OidosSucios.Com<\/title>\n<meta name=\"robots\" content=\"index, follow\" \/>\n<meta name=\"googlebot\" content=\"index, follow, max-snippet:-1, max-image-preview:large, max-video-preview:-1\" \/>\n<meta name=\"bingbot\" content=\"index, follow, max-snippet:-1, max-image-preview:large, max-video-preview:-1\" \/>\n<link rel=\"canonical\" href=\"https:\/\/www.oidossucios.com\/site\/tool-podria-sacar-disco-en-2014\/\" \/>\n<meta property=\"og:locale\" content=\"es_ES\" \/>\n<meta property=\"og:type\" content=\"article\" \/>\n<meta property=\"og:title\" content=\"Tool podr\u00eda sacar disco en 2014 - OidosSucios.Com\" \/>\n<meta property=\"og:description\" content=\"No es primera vez que la perspectiva de ver un nuevo \u00e1lbum de&nbsp;Tool&nbsp;sea un asunto tan dilatado por la propia banda. Una nueva prueba de esto la tenemos ahora, a trav\u00e9s de una entrevista que el baterista Danny Carey&nbsp;tuvo con el sitio&nbsp;Loudwire, donde enterr\u00f3 de plano cualquier posibilidad de que el material se pueda publicar [&hellip;]\" \/>\n<meta property=\"og:url\" content=\"https:\/\/www.oidossucios.com\/site\/tool-podria-sacar-disco-en-2014\/\" \/>\n<meta property=\"og:site_name\" content=\"OidosSucios.Com\" \/>\n<meta property=\"article:published_time\" content=\"2013-07-16T08:21:00+00:00\" \/>\n<meta property=\"og:image\" content=\"https:\/\/www.oidossucios.com\/site\/wp-content\/uploads\/2013\/07\/7557.jpg\" \/>\n\t<meta property=\"og:image:width\" content=\"350\" \/>\n\t<meta property=\"og:image:height\" content=\"300\" \/>\n<meta name=\"twitter:card\" content=\"summary_large_image\" \/>\n<meta name=\"twitter:creator\" content=\"@oidossucios\" \/>\n<script type=\"application\/ld+json\" class=\"yoast-schema-graph\">{\"@context\":\"https:\/\/schema.org\",\"@graph\":[{\"@type\":\"WebSite\",\"@id\":\"https:\/\/www.oidossucios.com\/site\/#website\",\"url\":\"https:\/\/www.oidossucios.com\/site\/\",\"name\":\"OidosSucios.Com\",\"description\":\"M\\u00fasica, conciertos, discos\",\"potentialAction\":[{\"@type\":\"SearchAction\",\"target\":\"https:\/\/www.oidossucios.com\/site\/?s={search_term_string}\",\"query-input\":\"required name=search_term_string\"}],\"inLanguage\":\"es\"},{\"@type\":\"ImageObject\",\"@id\":\"https:\/\/www.oidossucios.com\/site\/tool-podria-sacar-disco-en-2014\/#primaryimage\",\"inLanguage\":\"es\",\"url\":\"https:\/\/www.oidossucios.com\/site\/wp-content\/uploads\/2013\/07\/7557.jpg\",\"width\":350,\"height\":300},{\"@type\":\"WebPage\",\"@id\":\"https:\/\/www.oidossucios.com\/site\/tool-podria-sacar-disco-en-2014\/#webpage\",\"url\":\"https:\/\/www.oidossucios.com\/site\/tool-podria-sacar-disco-en-2014\/\",\"name\":\"Tool podr\\u00eda sacar disco en 2014 - OidosSucios.Com\",\"isPartOf\":{\"@id\":\"https:\/\/www.oidossucios.com\/site\/#website\"},\"primaryImageOfPage\":{\"@id\":\"https:\/\/www.oidossucios.com\/site\/tool-podria-sacar-disco-en-2014\/#primaryimage\"},\"datePublished\":\"2013-07-16T08:21:00+00:00\",\"dateModified\":\"2013-07-16T08:21:00+00:00\",\"author\":{\"@id\":\"https:\/\/www.oidossucios.com\/site\/#\/schema\/person\/24559eeb76bf83a63296fb072393a688\"},\"inLanguage\":\"es\",\"potentialAction\":[{\"@type\":\"ReadAction\",\"target\":[\"https:\/\/www.oidossucios.com\/site\/tool-podria-sacar-disco-en-2014\/\"]}]},{\"@type\":[\"Person\"],\"@id\":\"https:\/\/www.oidossucios.com\/site\/#\/schema\/person\/24559eeb76bf83a63296fb072393a688\",\"name\":\"Oidossucios\",\"image\":{\"@type\":\"ImageObject\",\"@id\":\"https:\/\/www.oidossucios.com\/site\/#personlogo\",\"inLanguage\":\"es\",\"url\":\"https:\/\/secure.gravatar.com\/avatar\/74fcb480f42f1a33e50a0b6e6369a3f907be2e43dc84fa5f76c66e9c22b4a5ab?s=96&d=mm&r=g\",\"caption\":\"Oidossucios\"},\"sameAs\":[\"https:\/\/twitter.com\/oidossucios\"]}]}<\/script>\n<!-- \/ Yoast SEO plugin. -->","jetpack_sharing_enabled":true,"_links":{"self":[{"href":"https:\/\/www.oidossucios.com\/site\/wp-json\/wp\/v2\/posts\/7557","targetHints":{"allow":["GET"]}}],"collection":[{"href":"https:\/\/www.oidossucios.com\/site\/wp-json\/wp\/v2\/posts"}],"about":[{"href":"https:\/\/www.oidossucios.com\/site\/wp-json\/wp\/v2\/types\/post"}],"author":[{"embeddable":true,"href":"https:\/\/www.oidossucios.com\/site\/wp-json\/wp\/v2\/users\/4"}],"replies":[{"embeddable":true,"href":"https:\/\/www.oidossucios.com\/site\/wp-json\/wp\/v2\/comments?post=7557"}],"version-history":[{"count":0,"href":"https:\/\/www.oidossucios.com\/site\/wp-json\/wp\/v2\/posts\/7557\/revisions"}],"wp:featuredmedia":[{"embeddable":true,"href":"https:\/\/www.oidossucios.com\/site\/wp-json\/wp\/v2\/media\/100007557"}],"wp:attachment":[{"href":"https:\/\/www.oidossucios.com\/site\/wp-json\/wp\/v2\/media?parent=7557"}],"wp:term":[{"taxonomy":"category","embeddable":true,"href":"https:\/\/www.oidossucios.com\/site\/wp-json\/wp\/v2\/categories?post=7557"},{"taxonomy":"post_tag","embeddable":true,"href":"https:\/\/www.oidossucios.com\/site\/wp-json\/wp\/v2\/tags?post=7557"}],"curies":[{"name":"wp","href":"https:\/\/api.w.org\/{rel}","templated":true}]}}