{"id":7631,"date":"2013-07-31T18:45:00","date_gmt":"2013-07-31T18:45:00","guid":{"rendered":"https:\/\/www.oidossucios.com\/site\/2013\/07\/31\/nuevo-video-de-justin-timberlake-take-back-the-night-primer-sencillo-de-la-segunda-parte-de-the-20-20-experience\/"},"modified":"2013-07-31T18:45:00","modified_gmt":"2013-07-31T18:45:00","slug":"nuevo-video-de-justin-timberlake-take-back-the-night-primer-sencillo-de-la-segunda-parte-de-the-20-20-experience","status":"publish","type":"post","link":"https:\/\/www.oidossucios.com\/site\/nuevo-video-de-justin-timberlake-take-back-the-night-primer-sencillo-de-la-segunda-parte-de-the-20-20-experience\/","title":{"rendered":"Nuevo video de Justin Timberlake, &#8220;Take Back The Night&#8221;, primer sencillo de la segunda parte de &#8220;The 20\/20 Experience&#8221;"},"content":{"rendered":"<p>A trav\u00e9s de una din\u00e1mica en una<a target=\"_blank\" href=\"http:\/\/takebacktn.justintimberlake.com\/\" rel=\"noopener noreferrer\">&nbsp;p\u00e1gina, Justin Timberlake<\/a>&nbsp;fue revelando poco a poco partes y detr\u00e1s de c\u00e1maras de su nuevo video&nbsp;&#8220;Take Back The Night&#8221;, primer sencillo de la segunda parte de <i>The 20\/20 Experience<\/i> que saldr\u00e1 a la venta el 30 de septiembre.<\/p>\n<p>El video fue dirigido por Jeff Nicholas, Jonathan Craven y Darren Craig de The Uprising Creative.<\/p>\n<p>Fuente: www.warp.la<![endif]--><!--[if gte mso 10]> <\/style>\n\n <![endif]--><\/p>\n","protected":false},"excerpt":{"rendered":"<p>A trav\u00e9s de una din\u00e1mica en una&nbsp;p\u00e1gina, Justin Timberlake&nbsp;fue revelando poco a poco partes y detr\u00e1s de c\u00e1maras de su nuevo video&nbsp;&#8220;Take Back The Night&#8221;, primer sencillo de la segunda parte de The 20\/20 Experience que saldr\u00e1 a la venta el 30 de septiembre. El video fue dirigido por Jeff Nicholas, Jonathan Craven y Darren [&hellip;]<\/p>\n","protected":false},"author":4,"featured_media":0,"comment_status":"open","ping_status":"open","sticky":false,"template":"","format":"standard","meta":{"_jetpack_memberships_contains_paid_content":false,"footnotes":""},"categories":[142],"tags":[],"class_list":["post-7631","post","type-post","status-publish","format-standard","hentry","category-buzznews"],"jetpack_featured_media_url":"","yoast_head":"<!-- This site is optimized with the Yoast SEO plugin v14.0.4 - https:\/\/yoast.com\/wordpress\/plugins\/seo\/ -->\n<title>Nuevo video de Justin Timberlake, &quot;Take Back The Night&quot;, primer sencillo de la segunda parte de &quot;The 20\/20 Experience&quot; - OidosSucios.Com<\/title>\n<meta name=\"robots\" content=\"index, follow\" \/>\n<meta name=\"googlebot\" content=\"index, follow, max-snippet:-1, max-image-preview:large, max-video-preview:-1\" \/>\n<meta name=\"bingbot\" content=\"index, follow, max-snippet:-1, max-image-preview:large, max-video-preview:-1\" \/>\n<link rel=\"canonical\" href=\"https:\/\/www.oidossucios.com\/site\/nuevo-video-de-justin-timberlake-take-back-the-night-primer-sencillo-de-la-segunda-parte-de-the-20-20-experience\/\" \/>\n<meta property=\"og:locale\" content=\"es_ES\" \/>\n<meta property=\"og:type\" content=\"article\" \/>\n<meta property=\"og:title\" content=\"Nuevo video de Justin Timberlake, &quot;Take Back The Night&quot;, primer sencillo de la segunda parte de &quot;The 20\/20 Experience&quot; - OidosSucios.Com\" \/>\n<meta property=\"og:description\" content=\"A trav\u00e9s de una din\u00e1mica en una&nbsp;p\u00e1gina, Justin Timberlake&nbsp;fue revelando poco a poco partes y detr\u00e1s de c\u00e1maras de su nuevo video&nbsp;&#8220;Take Back The Night&#8221;, primer sencillo de la segunda parte de The 20\/20 Experience que saldr\u00e1 a la venta el 30 de septiembre. El video fue dirigido por Jeff Nicholas, Jonathan Craven y Darren [&hellip;]\" \/>\n<meta property=\"og:url\" content=\"https:\/\/www.oidossucios.com\/site\/nuevo-video-de-justin-timberlake-take-back-the-night-primer-sencillo-de-la-segunda-parte-de-the-20-20-experience\/\" \/>\n<meta property=\"og:site_name\" content=\"OidosSucios.Com\" \/>\n<meta property=\"article:published_time\" content=\"2013-07-31T18:45:00+00:00\" \/>\n<meta name=\"twitter:card\" content=\"summary_large_image\" \/>\n<meta name=\"twitter:creator\" content=\"@oidossucios\" \/>\n<script type=\"application\/ld+json\" class=\"yoast-schema-graph\">{\"@context\":\"https:\/\/schema.org\",\"@graph\":[{\"@type\":\"WebSite\",\"@id\":\"https:\/\/www.oidossucios.com\/site\/#website\",\"url\":\"https:\/\/www.oidossucios.com\/site\/\",\"name\":\"OidosSucios.Com\",\"description\":\"M\\u00fasica, conciertos, discos\",\"potentialAction\":[{\"@type\":\"SearchAction\",\"target\":\"https:\/\/www.oidossucios.com\/site\/?s={search_term_string}\",\"query-input\":\"required name=search_term_string\"}],\"inLanguage\":\"es\"},{\"@type\":\"WebPage\",\"@id\":\"https:\/\/www.oidossucios.com\/site\/nuevo-video-de-justin-timberlake-take-back-the-night-primer-sencillo-de-la-segunda-parte-de-the-20-20-experience\/#webpage\",\"url\":\"https:\/\/www.oidossucios.com\/site\/nuevo-video-de-justin-timberlake-take-back-the-night-primer-sencillo-de-la-segunda-parte-de-the-20-20-experience\/\",\"name\":\"Nuevo video de Justin Timberlake, \\\"Take Back The Night\\\", primer sencillo de la segunda parte de \\\"The 20\/20 Experience\\\" - OidosSucios.Com\",\"isPartOf\":{\"@id\":\"https:\/\/www.oidossucios.com\/site\/#website\"},\"datePublished\":\"2013-07-31T18:45:00+00:00\",\"dateModified\":\"2013-07-31T18:45:00+00:00\",\"author\":{\"@id\":\"https:\/\/www.oidossucios.com\/site\/#\/schema\/person\/24559eeb76bf83a63296fb072393a688\"},\"inLanguage\":\"es\",\"potentialAction\":[{\"@type\":\"ReadAction\",\"target\":[\"https:\/\/www.oidossucios.com\/site\/nuevo-video-de-justin-timberlake-take-back-the-night-primer-sencillo-de-la-segunda-parte-de-the-20-20-experience\/\"]}]},{\"@type\":[\"Person\"],\"@id\":\"https:\/\/www.oidossucios.com\/site\/#\/schema\/person\/24559eeb76bf83a63296fb072393a688\",\"name\":\"Oidossucios\",\"image\":{\"@type\":\"ImageObject\",\"@id\":\"https:\/\/www.oidossucios.com\/site\/#personlogo\",\"inLanguage\":\"es\",\"url\":\"https:\/\/secure.gravatar.com\/avatar\/74fcb480f42f1a33e50a0b6e6369a3f907be2e43dc84fa5f76c66e9c22b4a5ab?s=96&d=mm&r=g\",\"caption\":\"Oidossucios\"},\"sameAs\":[\"https:\/\/twitter.com\/oidossucios\"]}]}<\/script>\n<!-- \/ Yoast SEO plugin. -->","jetpack_sharing_enabled":true,"_links":{"self":[{"href":"https:\/\/www.oidossucios.com\/site\/wp-json\/wp\/v2\/posts\/7631","targetHints":{"allow":["GET"]}}],"collection":[{"href":"https:\/\/www.oidossucios.com\/site\/wp-json\/wp\/v2\/posts"}],"about":[{"href":"https:\/\/www.oidossucios.com\/site\/wp-json\/wp\/v2\/types\/post"}],"author":[{"embeddable":true,"href":"https:\/\/www.oidossucios.com\/site\/wp-json\/wp\/v2\/users\/4"}],"replies":[{"embeddable":true,"href":"https:\/\/www.oidossucios.com\/site\/wp-json\/wp\/v2\/comments?post=7631"}],"version-history":[{"count":0,"href":"https:\/\/www.oidossucios.com\/site\/wp-json\/wp\/v2\/posts\/7631\/revisions"}],"wp:attachment":[{"href":"https:\/\/www.oidossucios.com\/site\/wp-json\/wp\/v2\/media?parent=7631"}],"wp:term":[{"taxonomy":"category","embeddable":true,"href":"https:\/\/www.oidossucios.com\/site\/wp-json\/wp\/v2\/categories?post=7631"},{"taxonomy":"post_tag","embeddable":true,"href":"https:\/\/www.oidossucios.com\/site\/wp-json\/wp\/v2\/tags?post=7631"}],"curies":[{"name":"wp","href":"https:\/\/api.w.org\/{rel}","templated":true}]}}