{"id":7638,"date":"2013-08-01T16:45:00","date_gmt":"2013-08-01T16:45:00","guid":{"rendered":"https:\/\/www.oidossucios.com\/site\/2013\/08\/01\/se-revelan-datos-para-reedicion-de-in-utero-de-nirvana\/"},"modified":"2013-08-01T16:45:00","modified_gmt":"2013-08-01T16:45:00","slug":"se-revelan-datos-para-reedicion-de-in-utero-de-nirvana","status":"publish","type":"post","link":"https:\/\/www.oidossucios.com\/site\/se-revelan-datos-para-reedicion-de-in-utero-de-nirvana\/","title":{"rendered":"Se revelan datos para reedici\u00f3n de &#8220;In Utero&#8221; de Nirvana"},"content":{"rendered":"<p>Luego de que se entregara un aviso mediante un spot de la \u00e9poca, se han revelado m\u00e1s detalles de lo que ser\u00e1 la reedici\u00f3n de&nbsp;<i>In Utero<\/i>, \u00faltima producci\u00f3n de&nbsp;Nirvana.<\/p>\n<p>Este lanzamiento se har\u00e1 pensando en los veinte a\u00f1os que cumple el disco, que fue la \u00faltima colecci\u00f3n de canciones in\u00e9ditas que el tr\u00edo de Seattle public\u00f3 antes de la muerte de su l\u00edder, Kurt Cobain.<\/p>\n<p>Universal Records, casa discogr\u00e1fica encargada de la obra, informa que esta reedici\u00f3n tendr\u00e1 m\u00e1s de 70 extras, entre versiones remasterizadas, demos, tomas en vivo, rarezas y tracks in\u00e9ditos. Todo esto saldr\u00e1 a la venta en formato CD, DVD (<i>Live and Loud<\/i>) y vinilo el 24 de septiembre.<\/p>\n<p>Fuente: www.rockaxis.com<![endif]--><!--[if gte mso 10]> <\/style>\n\n <![endif]--><!--nextpage--><img decoding=\"async\" class=\"aligncenter size-medium wp-image-111117111\" src=\"https:\/\/www.oidossucios.com\/site\/wp-content\/uploads\/2020\/02\/7111.jpg\" alt=\"Se revelan datos para reedici\u00f3n de \"In Utero\" de Nirvana\"  \/><a href='https:\/\/www.oidossucios.com\/site\/se-revelan-datos-para-reedicion-de-in-utero-de-nirvana\/2\/'\n                        onclick='if (tpsInstance) { tpsInstance.setNext(); return false; }'\n                        rel='next'\n                        style=''\n                        class=''>Ver galer\u00eda<\/a>]]><\/p>\n","protected":false},"excerpt":{"rendered":"<p>Luego de que se entregara un aviso mediante un spot de la \u00e9poca, se han revelado m\u00e1s detalles de lo que ser\u00e1 la reedici\u00f3n de&nbsp;In Utero, \u00faltima producci\u00f3n de&nbsp;Nirvana. Este lanzamiento se har\u00e1 pensando en los veinte a\u00f1os que cumple el disco, que fue la \u00faltima colecci\u00f3n de canciones in\u00e9ditas que el tr\u00edo de Seattle [&hellip;]<\/p>\n","protected":false},"author":4,"featured_media":111117111,"comment_status":"open","ping_status":"open","sticky":false,"template":"","format":"standard","meta":{"_jetpack_memberships_contains_paid_content":false,"footnotes":""},"categories":[142],"tags":[],"class_list":["post-7638","post","type-post","status-publish","format-standard","has-post-thumbnail","hentry","category-buzznews"],"jetpack_featured_media_url":"","yoast_head":"<!-- This site is optimized with the Yoast SEO plugin v14.0.4 - https:\/\/yoast.com\/wordpress\/plugins\/seo\/ -->\n<title>Se revelan datos para reedici\u00f3n de &quot;In Utero&quot; de Nirvana - OidosSucios.Com<\/title>\n<meta name=\"robots\" content=\"index, follow\" \/>\n<meta name=\"googlebot\" content=\"index, follow, max-snippet:-1, max-image-preview:large, max-video-preview:-1\" \/>\n<meta name=\"bingbot\" content=\"index, follow, max-snippet:-1, max-image-preview:large, max-video-preview:-1\" \/>\n<link rel=\"canonical\" href=\"https:\/\/www.oidossucios.com\/site\/se-revelan-datos-para-reedicion-de-in-utero-de-nirvana\/\" \/>\n<link rel=\"next\" href=\"https:\/\/www.oidossucios.com\/site\/se-revelan-datos-para-reedicion-de-in-utero-de-nirvana\/2\/\" \/>\n<meta property=\"og:locale\" content=\"es_ES\" \/>\n<meta property=\"og:type\" content=\"article\" \/>\n<meta property=\"og:title\" content=\"Se revelan datos para reedici\u00f3n de &quot;In Utero&quot; de Nirvana - OidosSucios.Com\" \/>\n<meta property=\"og:description\" content=\"Luego de que se entregara un aviso mediante un spot de la \u00e9poca, se han revelado m\u00e1s detalles de lo que ser\u00e1 la reedici\u00f3n de&nbsp;In Utero, \u00faltima producci\u00f3n de&nbsp;Nirvana. Este lanzamiento se har\u00e1 pensando en los veinte a\u00f1os que cumple el disco, que fue la \u00faltima colecci\u00f3n de canciones in\u00e9ditas que el tr\u00edo de Seattle [&hellip;]\" \/>\n<meta property=\"og:url\" content=\"https:\/\/www.oidossucios.com\/site\/se-revelan-datos-para-reedicion-de-in-utero-de-nirvana\/\" \/>\n<meta property=\"og:site_name\" content=\"OidosSucios.Com\" \/>\n<meta property=\"article:published_time\" content=\"2013-08-01T16:45:00+00:00\" \/>\n<meta name=\"twitter:card\" content=\"summary_large_image\" \/>\n<meta name=\"twitter:creator\" content=\"@oidossucios\" \/>\n<script type=\"application\/ld+json\" class=\"yoast-schema-graph\">{\"@context\":\"https:\/\/schema.org\",\"@graph\":[{\"@type\":\"WebSite\",\"@id\":\"https:\/\/www.oidossucios.com\/site\/#website\",\"url\":\"https:\/\/www.oidossucios.com\/site\/\",\"name\":\"OidosSucios.Com\",\"description\":\"M\\u00fasica, conciertos, discos\",\"potentialAction\":[{\"@type\":\"SearchAction\",\"target\":\"https:\/\/www.oidossucios.com\/site\/?s={search_term_string}\",\"query-input\":\"required name=search_term_string\"}],\"inLanguage\":\"es\"},{\"@type\":\"ImageObject\",\"@id\":\"https:\/\/www.oidossucios.com\/site\/se-revelan-datos-para-reedicion-de-in-utero-de-nirvana\/#primaryimage\",\"inLanguage\":\"es\",\"url\":\"\"},{\"@type\":\"WebPage\",\"@id\":\"https:\/\/www.oidossucios.com\/site\/se-revelan-datos-para-reedicion-de-in-utero-de-nirvana\/#webpage\",\"url\":\"https:\/\/www.oidossucios.com\/site\/se-revelan-datos-para-reedicion-de-in-utero-de-nirvana\/\",\"name\":\"Se revelan datos para reedici\\u00f3n de \\\"In Utero\\\" de Nirvana - OidosSucios.Com\",\"isPartOf\":{\"@id\":\"https:\/\/www.oidossucios.com\/site\/#website\"},\"primaryImageOfPage\":{\"@id\":\"https:\/\/www.oidossucios.com\/site\/se-revelan-datos-para-reedicion-de-in-utero-de-nirvana\/#primaryimage\"},\"datePublished\":\"2013-08-01T16:45:00+00:00\",\"dateModified\":\"2013-08-01T16:45:00+00:00\",\"author\":{\"@id\":\"https:\/\/www.oidossucios.com\/site\/#\/schema\/person\/24559eeb76bf83a63296fb072393a688\"},\"inLanguage\":\"es\",\"potentialAction\":[{\"@type\":\"ReadAction\",\"target\":[\"https:\/\/www.oidossucios.com\/site\/se-revelan-datos-para-reedicion-de-in-utero-de-nirvana\/\"]}]},{\"@type\":[\"Person\"],\"@id\":\"https:\/\/www.oidossucios.com\/site\/#\/schema\/person\/24559eeb76bf83a63296fb072393a688\",\"name\":\"Oidossucios\",\"image\":{\"@type\":\"ImageObject\",\"@id\":\"https:\/\/www.oidossucios.com\/site\/#personlogo\",\"inLanguage\":\"es\",\"url\":\"https:\/\/secure.gravatar.com\/avatar\/74fcb480f42f1a33e50a0b6e6369a3f907be2e43dc84fa5f76c66e9c22b4a5ab?s=96&d=mm&r=g\",\"caption\":\"Oidossucios\"},\"sameAs\":[\"https:\/\/twitter.com\/oidossucios\"]}]}<\/script>\n<!-- \/ Yoast SEO plugin. -->","jetpack_sharing_enabled":true,"_links":{"self":[{"href":"https:\/\/www.oidossucios.com\/site\/wp-json\/wp\/v2\/posts\/7638","targetHints":{"allow":["GET"]}}],"collection":[{"href":"https:\/\/www.oidossucios.com\/site\/wp-json\/wp\/v2\/posts"}],"about":[{"href":"https:\/\/www.oidossucios.com\/site\/wp-json\/wp\/v2\/types\/post"}],"author":[{"embeddable":true,"href":"https:\/\/www.oidossucios.com\/site\/wp-json\/wp\/v2\/users\/4"}],"replies":[{"embeddable":true,"href":"https:\/\/www.oidossucios.com\/site\/wp-json\/wp\/v2\/comments?post=7638"}],"version-history":[{"count":0,"href":"https:\/\/www.oidossucios.com\/site\/wp-json\/wp\/v2\/posts\/7638\/revisions"}],"wp:featuredmedia":[{"embeddable":true,"href":"https:\/\/www.oidossucios.com\/site\/wp-json\/"}],"wp:attachment":[{"href":"https:\/\/www.oidossucios.com\/site\/wp-json\/wp\/v2\/media?parent=7638"}],"wp:term":[{"taxonomy":"category","embeddable":true,"href":"https:\/\/www.oidossucios.com\/site\/wp-json\/wp\/v2\/categories?post=7638"},{"taxonomy":"post_tag","embeddable":true,"href":"https:\/\/www.oidossucios.com\/site\/wp-json\/wp\/v2\/tags?post=7638"}],"curies":[{"name":"wp","href":"https:\/\/api.w.org\/{rel}","templated":true}]}}