{"id":7665,"date":"2013-08-07T05:56:00","date_gmt":"2013-08-07T05:56:00","guid":{"rendered":"https:\/\/www.oidossucios.com\/site\/2013\/08\/07\/vltravioleta-y-zumo-tocan-manana-en-discovery-bar\/"},"modified":"2013-08-07T05:56:00","modified_gmt":"2013-08-07T05:56:00","slug":"vltravioleta-y-zumo-tocan-manana-en-discovery-bar","status":"publish","type":"post","link":"https:\/\/www.oidossucios.com\/site\/vltravioleta-y-zumo-tocan-manana-en-discovery-bar\/","title":{"rendered":"Vltravioleta y Zumo tocan ma\u00f1ana en Discovery Bar"},"content":{"rendered":"<p>Esta semana, Discovery Bar trae buen rock con la agrupaci\u00f3n caraque\u00f1a Vltravioleta junto a los valencianos de Zumo, el pr\u00f3ximo jueves 8 de agosto.<\/p>\n<p>La banda local, que viene de participar en la final del Festival Nuevas Bandas, contin\u00faa con esta presentaci\u00f3n la promoci\u00f3n de su primer EP <i>Ecos de la l\u00ednea<\/i>, estrenado el pasado mes de marzo.<\/p>\n<p>Vltravioleta integrada por Jorge Montero (voz\/guitarra), Alejandro Zabala (guitarra), Arturo Banus (bajo), Alejandro S\u00e1nchez (teclados) y Tom\u00e1s Zabala (Bater\u00eda), desde 2011 trae una propuesta de rock muy influenciada por la d\u00e9cada de los noventa, que pone a vibrar con sus r\u00edtmicas y seduce con sus letras.<\/p>\n<p>Desde Valencia, Zumo adem\u00e1s de llenar el local con su rock alternativo, mostrar\u00e1n el videoclip de &#8220;Vivo&#8221;, el primer sencillo promocional de lo que ser\u00e1 su segundo disco para este a\u00f1o <i>#El2PuntoCero<\/i>.<\/p>\n<p>La cita es en Discovery Bar ubicado en El Rosal, el pr\u00f3ximo jueves 8 de agosto, a las 9:00pm y cover en la puerta. <![endif]--><!--[if gte mso 10]> <\/style>\n\n <![endif]--><\/p>\n","protected":false},"excerpt":{"rendered":"<p>Esta semana, Discovery Bar trae buen rock con la agrupaci\u00f3n caraque\u00f1a Vltravioleta junto a los valencianos de Zumo, el pr\u00f3ximo jueves 8 de agosto. La banda local, que viene de participar en la final del Festival Nuevas Bandas, contin\u00faa con esta presentaci\u00f3n la promoci\u00f3n de su primer EP Ecos de la l\u00ednea, estrenado el pasado [&hellip;]<\/p>\n","protected":false},"author":4,"featured_media":100007665,"comment_status":"open","ping_status":"open","sticky":false,"template":"","format":"standard","meta":{"_jetpack_memberships_contains_paid_content":false,"footnotes":""},"categories":[142],"tags":[],"class_list":["post-7665","post","type-post","status-publish","format-standard","has-post-thumbnail","hentry","category-buzznews"],"jetpack_featured_media_url":"https:\/\/www.oidossucios.com\/site\/wp-content\/uploads\/2013\/08\/7665.jpg","yoast_head":"<!-- This site is optimized with the Yoast SEO plugin v14.0.4 - https:\/\/yoast.com\/wordpress\/plugins\/seo\/ -->\n<title>Vltravioleta y Zumo tocan ma\u00f1ana en Discovery Bar - OidosSucios.Com<\/title>\n<meta name=\"robots\" content=\"index, follow\" \/>\n<meta name=\"googlebot\" content=\"index, follow, max-snippet:-1, max-image-preview:large, max-video-preview:-1\" \/>\n<meta name=\"bingbot\" content=\"index, follow, max-snippet:-1, max-image-preview:large, max-video-preview:-1\" \/>\n<link rel=\"canonical\" href=\"https:\/\/www.oidossucios.com\/site\/vltravioleta-y-zumo-tocan-manana-en-discovery-bar\/\" \/>\n<meta property=\"og:locale\" content=\"es_ES\" \/>\n<meta property=\"og:type\" content=\"article\" \/>\n<meta property=\"og:title\" content=\"Vltravioleta y Zumo tocan ma\u00f1ana en Discovery Bar - OidosSucios.Com\" \/>\n<meta property=\"og:description\" content=\"Esta semana, Discovery Bar trae buen rock con la agrupaci\u00f3n caraque\u00f1a Vltravioleta junto a los valencianos de Zumo, el pr\u00f3ximo jueves 8 de agosto. La banda local, que viene de participar en la final del Festival Nuevas Bandas, contin\u00faa con esta presentaci\u00f3n la promoci\u00f3n de su primer EP Ecos de la l\u00ednea, estrenado el pasado [&hellip;]\" \/>\n<meta property=\"og:url\" content=\"https:\/\/www.oidossucios.com\/site\/vltravioleta-y-zumo-tocan-manana-en-discovery-bar\/\" \/>\n<meta property=\"og:site_name\" content=\"OidosSucios.Com\" \/>\n<meta property=\"article:published_time\" content=\"2013-08-07T05:56:00+00:00\" \/>\n<meta property=\"og:image\" content=\"https:\/\/www.oidossucios.com\/site\/wp-content\/uploads\/2013\/08\/7665.jpg\" \/>\n\t<meta property=\"og:image:width\" content=\"350\" \/>\n\t<meta property=\"og:image:height\" content=\"300\" \/>\n<meta name=\"twitter:card\" content=\"summary_large_image\" \/>\n<meta name=\"twitter:creator\" content=\"@oidossucios\" \/>\n<script type=\"application\/ld+json\" class=\"yoast-schema-graph\">{\"@context\":\"https:\/\/schema.org\",\"@graph\":[{\"@type\":\"WebSite\",\"@id\":\"https:\/\/www.oidossucios.com\/site\/#website\",\"url\":\"https:\/\/www.oidossucios.com\/site\/\",\"name\":\"OidosSucios.Com\",\"description\":\"M\\u00fasica, conciertos, discos\",\"potentialAction\":[{\"@type\":\"SearchAction\",\"target\":\"https:\/\/www.oidossucios.com\/site\/?s={search_term_string}\",\"query-input\":\"required name=search_term_string\"}],\"inLanguage\":\"es\"},{\"@type\":\"ImageObject\",\"@id\":\"https:\/\/www.oidossucios.com\/site\/vltravioleta-y-zumo-tocan-manana-en-discovery-bar\/#primaryimage\",\"inLanguage\":\"es\",\"url\":\"https:\/\/www.oidossucios.com\/site\/wp-content\/uploads\/2013\/08\/7665.jpg\",\"width\":350,\"height\":300},{\"@type\":\"WebPage\",\"@id\":\"https:\/\/www.oidossucios.com\/site\/vltravioleta-y-zumo-tocan-manana-en-discovery-bar\/#webpage\",\"url\":\"https:\/\/www.oidossucios.com\/site\/vltravioleta-y-zumo-tocan-manana-en-discovery-bar\/\",\"name\":\"Vltravioleta y Zumo tocan ma\\u00f1ana en Discovery Bar - OidosSucios.Com\",\"isPartOf\":{\"@id\":\"https:\/\/www.oidossucios.com\/site\/#website\"},\"primaryImageOfPage\":{\"@id\":\"https:\/\/www.oidossucios.com\/site\/vltravioleta-y-zumo-tocan-manana-en-discovery-bar\/#primaryimage\"},\"datePublished\":\"2013-08-07T05:56:00+00:00\",\"dateModified\":\"2013-08-07T05:56:00+00:00\",\"author\":{\"@id\":\"https:\/\/www.oidossucios.com\/site\/#\/schema\/person\/24559eeb76bf83a63296fb072393a688\"},\"inLanguage\":\"es\",\"potentialAction\":[{\"@type\":\"ReadAction\",\"target\":[\"https:\/\/www.oidossucios.com\/site\/vltravioleta-y-zumo-tocan-manana-en-discovery-bar\/\"]}]},{\"@type\":[\"Person\"],\"@id\":\"https:\/\/www.oidossucios.com\/site\/#\/schema\/person\/24559eeb76bf83a63296fb072393a688\",\"name\":\"Oidossucios\",\"image\":{\"@type\":\"ImageObject\",\"@id\":\"https:\/\/www.oidossucios.com\/site\/#personlogo\",\"inLanguage\":\"es\",\"url\":\"https:\/\/secure.gravatar.com\/avatar\/74fcb480f42f1a33e50a0b6e6369a3f907be2e43dc84fa5f76c66e9c22b4a5ab?s=96&d=mm&r=g\",\"caption\":\"Oidossucios\"},\"sameAs\":[\"https:\/\/twitter.com\/oidossucios\"]}]}<\/script>\n<!-- \/ Yoast SEO plugin. -->","jetpack_sharing_enabled":true,"_links":{"self":[{"href":"https:\/\/www.oidossucios.com\/site\/wp-json\/wp\/v2\/posts\/7665","targetHints":{"allow":["GET"]}}],"collection":[{"href":"https:\/\/www.oidossucios.com\/site\/wp-json\/wp\/v2\/posts"}],"about":[{"href":"https:\/\/www.oidossucios.com\/site\/wp-json\/wp\/v2\/types\/post"}],"author":[{"embeddable":true,"href":"https:\/\/www.oidossucios.com\/site\/wp-json\/wp\/v2\/users\/4"}],"replies":[{"embeddable":true,"href":"https:\/\/www.oidossucios.com\/site\/wp-json\/wp\/v2\/comments?post=7665"}],"version-history":[{"count":0,"href":"https:\/\/www.oidossucios.com\/site\/wp-json\/wp\/v2\/posts\/7665\/revisions"}],"wp:featuredmedia":[{"embeddable":true,"href":"https:\/\/www.oidossucios.com\/site\/wp-json\/wp\/v2\/media\/100007665"}],"wp:attachment":[{"href":"https:\/\/www.oidossucios.com\/site\/wp-json\/wp\/v2\/media?parent=7665"}],"wp:term":[{"taxonomy":"category","embeddable":true,"href":"https:\/\/www.oidossucios.com\/site\/wp-json\/wp\/v2\/categories?post=7665"},{"taxonomy":"post_tag","embeddable":true,"href":"https:\/\/www.oidossucios.com\/site\/wp-json\/wp\/v2\/tags?post=7665"}],"curies":[{"name":"wp","href":"https:\/\/api.w.org\/{rel}","templated":true}]}}