{"id":767,"date":"2003-02-28T11:32:00","date_gmt":"2003-02-28T11:32:00","guid":{"rendered":"https:\/\/www.oidossucios.com\/site\/2003\/02\/28\/listas-las-fechas-para-el-intercolegial-y-alma-mater\/"},"modified":"2003-02-28T11:32:00","modified_gmt":"2003-02-28T11:32:00","slug":"listas-las-fechas-para-el-intercolegial-y-alma-mater","status":"publish","type":"post","link":"https:\/\/www.oidossucios.com\/site\/listas-las-fechas-para-el-intercolegial-y-alma-mater\/","title":{"rendered":"Listas las fechas para el Intercolegial y Alma Mater"},"content":{"rendered":"<p>La Fundaci\u00f3n Nuevas Bandas comenzar\u00e1 el pr\u00f3ximo 1 de abril las inscripciones para sus dos primeros eventos del a\u00f1o: El Festival Intercolegial de Rock y el Alma Mater Rock.<\/p>\n<p>El Festival Intercolegial de Rock se llevar\u00e1 a cabo durante el mes de mayo en las instalaciones del Celarg en Caracas, siendo el per\u00edodo de inscripciones de bandas entre el 1 y el 16 de abril.<\/p>\n<p>El Alma Mater Rock ser\u00e1 durante el mes de junio en el mismo sitio, abri\u00e9ndose el per\u00edodo de inscripci\u00f3n el 28 de abril y finalizando el 16 de mayo. <\/p>\n<p>La formalizaci\u00f3n de las inscripciones se realizar\u00e1n en la Fundaci\u00f3n Celarg, Piso 6, Av. Luis Roche, Altamira.<\/p>\n","protected":false},"excerpt":{"rendered":"<p>La Fundaci\u00f3n Nuevas Bandas comenzar\u00e1 el 1 de abril las inscripciones para sus dos primeros eventos del a\u00f1o.<\/p>\n","protected":false},"author":4,"featured_media":10000763,"comment_status":"open","ping_status":"open","sticky":false,"template":"","format":"standard","meta":{"_jetpack_memberships_contains_paid_content":false,"footnotes":""},"categories":[250],"tags":[206],"class_list":["post-767","post","type-post","status-publish","format-standard","has-post-thumbnail","hentry","category-noticias","tag-nuevas-bandas"],"jetpack_featured_media_url":"https:\/\/www.oidossucios.com\/site\/wp-content\/uploads\/2003\/02\/763.jpg","yoast_head":"<!-- This site is optimized with the Yoast SEO plugin v14.0.4 - https:\/\/yoast.com\/wordpress\/plugins\/seo\/ -->\n<title>Listas las fechas para el Intercolegial y Alma Mater - OidosSucios.Com<\/title>\n<meta name=\"description\" content=\"En una entrevista publicada en el diario El Universal, el rockero valenciano, adem\u00e1s de autoproclamarse como el Ali Primera del rock venezolano, expres\u00f3 su satisfacci\u00f3n por las quejas que ha recibido por su relaci\u00f3n con el presidente Ch\u00e1vez.\" \/>\n<meta name=\"robots\" content=\"index, follow\" \/>\n<meta name=\"googlebot\" content=\"index, follow, max-snippet:-1, max-image-preview:large, max-video-preview:-1\" \/>\n<meta name=\"bingbot\" content=\"index, follow, max-snippet:-1, max-image-preview:large, max-video-preview:-1\" \/>\n<link rel=\"canonical\" href=\"https:\/\/www.oidossucios.com\/site\/listas-las-fechas-para-el-intercolegial-y-alma-mater\/\" \/>\n<meta property=\"og:locale\" content=\"es_ES\" \/>\n<meta property=\"og:type\" content=\"article\" \/>\n<meta property=\"og:title\" content=\"Listas las fechas para el Intercolegial y Alma Mater - OidosSucios.Com\" \/>\n<meta property=\"og:description\" content=\"En una entrevista publicada en el diario El Universal, el rockero valenciano, adem\u00e1s de autoproclamarse como el Ali Primera del rock venezolano, expres\u00f3 su satisfacci\u00f3n por las quejas que ha recibido por su relaci\u00f3n con el presidente Ch\u00e1vez.\" \/>\n<meta property=\"og:url\" content=\"https:\/\/www.oidossucios.com\/site\/listas-las-fechas-para-el-intercolegial-y-alma-mater\/\" \/>\n<meta property=\"og:site_name\" content=\"OidosSucios.Com\" \/>\n<meta property=\"article:published_time\" content=\"2003-02-28T11:32:00+00:00\" \/>\n<meta property=\"og:image\" content=\"https:\/\/www.oidossucios.com\/site\/wp-content\/uploads\/2003\/02\/763.jpg\" \/>\n\t<meta property=\"og:image:width\" content=\"290\" \/>\n\t<meta property=\"og:image:height\" content=\"100\" \/>\n<meta name=\"twitter:card\" content=\"summary_large_image\" \/>\n<meta name=\"twitter:creator\" content=\"@oidossucios\" \/>\n<script type=\"application\/ld+json\" class=\"yoast-schema-graph\">{\"@context\":\"https:\/\/schema.org\",\"@graph\":[{\"@type\":\"WebSite\",\"@id\":\"https:\/\/www.oidossucios.com\/site\/#website\",\"url\":\"https:\/\/www.oidossucios.com\/site\/\",\"name\":\"OidosSucios.Com\",\"description\":\"M\\u00fasica, conciertos, discos\",\"potentialAction\":[{\"@type\":\"SearchAction\",\"target\":\"https:\/\/www.oidossucios.com\/site\/?s={search_term_string}\",\"query-input\":\"required name=search_term_string\"}],\"inLanguage\":\"es\"},{\"@type\":\"ImageObject\",\"@id\":\"https:\/\/www.oidossucios.com\/site\/listas-las-fechas-para-el-intercolegial-y-alma-mater\/#primaryimage\",\"inLanguage\":\"es\",\"url\":\"https:\/\/www.oidossucios.com\/site\/wp-content\/uploads\/2003\/02\/763.jpg\",\"width\":290,\"height\":100},{\"@type\":\"WebPage\",\"@id\":\"https:\/\/www.oidossucios.com\/site\/listas-las-fechas-para-el-intercolegial-y-alma-mater\/#webpage\",\"url\":\"https:\/\/www.oidossucios.com\/site\/listas-las-fechas-para-el-intercolegial-y-alma-mater\/\",\"name\":\"Listas las fechas para el Intercolegial y Alma Mater - OidosSucios.Com\",\"isPartOf\":{\"@id\":\"https:\/\/www.oidossucios.com\/site\/#website\"},\"primaryImageOfPage\":{\"@id\":\"https:\/\/www.oidossucios.com\/site\/listas-las-fechas-para-el-intercolegial-y-alma-mater\/#primaryimage\"},\"datePublished\":\"2003-02-28T11:32:00+00:00\",\"dateModified\":\"2003-02-28T11:32:00+00:00\",\"author\":{\"@id\":\"https:\/\/www.oidossucios.com\/site\/#\/schema\/person\/24559eeb76bf83a63296fb072393a688\"},\"description\":\"En una entrevista publicada en el diario El Universal, el rockero valenciano, adem\\u00e1s de autoproclamarse como el Ali Primera del rock venezolano, expres\\u00f3 su satisfacci\\u00f3n por las quejas que ha recibido por su relaci\\u00f3n con el presidente Ch\\u00e1vez.\",\"inLanguage\":\"es\",\"potentialAction\":[{\"@type\":\"ReadAction\",\"target\":[\"https:\/\/www.oidossucios.com\/site\/listas-las-fechas-para-el-intercolegial-y-alma-mater\/\"]}]},{\"@type\":[\"Person\"],\"@id\":\"https:\/\/www.oidossucios.com\/site\/#\/schema\/person\/24559eeb76bf83a63296fb072393a688\",\"name\":\"Oidossucios\",\"image\":{\"@type\":\"ImageObject\",\"@id\":\"https:\/\/www.oidossucios.com\/site\/#personlogo\",\"inLanguage\":\"es\",\"url\":\"https:\/\/secure.gravatar.com\/avatar\/74fcb480f42f1a33e50a0b6e6369a3f907be2e43dc84fa5f76c66e9c22b4a5ab?s=96&d=mm&r=g\",\"caption\":\"Oidossucios\"},\"sameAs\":[\"https:\/\/twitter.com\/oidossucios\"]}]}<\/script>\n<!-- \/ Yoast SEO plugin. -->","jetpack_sharing_enabled":true,"_links":{"self":[{"href":"https:\/\/www.oidossucios.com\/site\/wp-json\/wp\/v2\/posts\/767","targetHints":{"allow":["GET"]}}],"collection":[{"href":"https:\/\/www.oidossucios.com\/site\/wp-json\/wp\/v2\/posts"}],"about":[{"href":"https:\/\/www.oidossucios.com\/site\/wp-json\/wp\/v2\/types\/post"}],"author":[{"embeddable":true,"href":"https:\/\/www.oidossucios.com\/site\/wp-json\/wp\/v2\/users\/4"}],"replies":[{"embeddable":true,"href":"https:\/\/www.oidossucios.com\/site\/wp-json\/wp\/v2\/comments?post=767"}],"version-history":[{"count":0,"href":"https:\/\/www.oidossucios.com\/site\/wp-json\/wp\/v2\/posts\/767\/revisions"}],"wp:featuredmedia":[{"embeddable":true,"href":"https:\/\/www.oidossucios.com\/site\/wp-json\/wp\/v2\/media\/10000763"}],"wp:attachment":[{"href":"https:\/\/www.oidossucios.com\/site\/wp-json\/wp\/v2\/media?parent=767"}],"wp:term":[{"taxonomy":"category","embeddable":true,"href":"https:\/\/www.oidossucios.com\/site\/wp-json\/wp\/v2\/categories?post=767"},{"taxonomy":"post_tag","embeddable":true,"href":"https:\/\/www.oidossucios.com\/site\/wp-json\/wp\/v2\/tags?post=767"}],"curies":[{"name":"wp","href":"https:\/\/api.w.org\/{rel}","templated":true}]}}