{"id":768,"date":"2003-03-05T05:18:00","date_gmt":"2003-03-05T05:18:00","guid":{"rendered":"https:\/\/www.oidossucios.com\/site\/2003\/03\/05\/coldplay-pearl-jam-y-papa-roach-a-sudamerica\/"},"modified":"2003-03-05T05:18:00","modified_gmt":"2003-03-05T05:18:00","slug":"coldplay-pearl-jam-y-papa-roach-a-sudamerica","status":"publish","type":"post","link":"https:\/\/www.oidossucios.com\/site\/coldplay-pearl-jam-y-papa-roach-a-sudamerica\/","title":{"rendered":"Coldplay, Pearl Jam y Papa Roach a Sudam\u00e9rica"},"content":{"rendered":"<p>Seg\u00fan un cable de la agencia T\u00e9lam difundido por el diario argentino Clar\u00edn en su edici\u00f3n de hoy, el posible ataque de USA a Irak podr\u00eda tener un beneficio directo sobre Sudam\u00e9rica: muchas de las bandas que planeaban girar por Asia este a\u00f1o, cancelar\u00edan sus presentaciones para no visitar un territorio peligroso.<\/p>\n<p>Empresas productoras de conciertos en Argentina y Chile ya est\u00e1n tratando de pescar en r\u00edo revuelto. La empresa mexicana radicada en Chile, CIE, coment\u00f3 que &#8216;Las invitaciones est\u00e1n hechas y los presupuestos ya han sido enviados. S\u00f3lo estamos esperando la confirmaci\u00f3n&#8217;.<\/p>\n<p>Entre las previsiones de la noticia, est\u00e1n que en mayo podr\u00eda darse la visita de Papa Roach, mientras que Coldplay estar\u00eda arribando al continente entre agosto y septiembre (en la probable fecha de Rock in Rio). Noviembre ser\u00eda el mes para Christina Aguilera y Carlos Santana, mientras que R.E.M., Pearl Jam y The Cure a\u00fan no tendr\u00edan fecha definida.<\/p>\n","protected":false},"excerpt":{"rendered":"<p>Si finalmente se da el ataque de USA a Irak, muchas giras por Asia ser\u00edan suspendidas, lo que beneficiar\u00eda a nuestra parte del continente que ya ha enviado las invitaciones para recibir a los artistas que quedar\u00e1n sin tocar.<\/p>\n","protected":false},"author":4,"featured_media":10000764,"comment_status":"open","ping_status":"open","sticky":false,"template":"","format":"standard","meta":{"_jetpack_memberships_contains_paid_content":false,"footnotes":""},"categories":[250],"tags":[273],"class_list":["post-768","post","type-post","status-publish","format-standard","has-post-thumbnail","hentry","category-noticias","tag-gira"],"jetpack_featured_media_url":"https:\/\/www.oidossucios.com\/site\/wp-content\/uploads\/2003\/02\/764.jpg","yoast_head":"<!-- This site is optimized with the Yoast SEO plugin v14.0.4 - https:\/\/yoast.com\/wordpress\/plugins\/seo\/ -->\n<title>Coldplay, Pearl Jam y Papa Roach a Sudam\u00e9rica - OidosSucios.Com<\/title>\n<meta name=\"description\" content=\"El grupo mexicano se hizo acreedor del segundo Grammy en su carrera al Disco de Rock Latino del A\u00f1o por &#039;Revoluci\u00f3n de Amor&#039;.\" \/>\n<meta name=\"robots\" content=\"index, follow\" \/>\n<meta name=\"googlebot\" content=\"index, follow, max-snippet:-1, max-image-preview:large, max-video-preview:-1\" \/>\n<meta name=\"bingbot\" content=\"index, follow, max-snippet:-1, max-image-preview:large, max-video-preview:-1\" \/>\n<link rel=\"canonical\" href=\"https:\/\/www.oidossucios.com\/site\/coldplay-pearl-jam-y-papa-roach-a-sudamerica\/\" \/>\n<meta property=\"og:locale\" content=\"es_ES\" \/>\n<meta property=\"og:type\" content=\"article\" \/>\n<meta property=\"og:title\" content=\"Coldplay, Pearl Jam y Papa Roach a Sudam\u00e9rica - OidosSucios.Com\" \/>\n<meta property=\"og:description\" content=\"El grupo mexicano se hizo acreedor del segundo Grammy en su carrera al Disco de Rock Latino del A\u00f1o por &#039;Revoluci\u00f3n de Amor&#039;.\" \/>\n<meta property=\"og:url\" content=\"https:\/\/www.oidossucios.com\/site\/coldplay-pearl-jam-y-papa-roach-a-sudamerica\/\" \/>\n<meta property=\"og:site_name\" content=\"OidosSucios.Com\" \/>\n<meta property=\"article:published_time\" content=\"2003-03-05T05:18:00+00:00\" \/>\n<meta property=\"og:image\" content=\"https:\/\/www.oidossucios.com\/site\/wp-content\/uploads\/2003\/02\/764.jpg\" \/>\n\t<meta property=\"og:image:width\" content=\"290\" \/>\n\t<meta property=\"og:image:height\" content=\"100\" \/>\n<meta name=\"twitter:card\" content=\"summary_large_image\" \/>\n<meta name=\"twitter:creator\" content=\"@oidossucios\" \/>\n<script type=\"application\/ld+json\" class=\"yoast-schema-graph\">{\"@context\":\"https:\/\/schema.org\",\"@graph\":[{\"@type\":\"WebSite\",\"@id\":\"https:\/\/www.oidossucios.com\/site\/#website\",\"url\":\"https:\/\/www.oidossucios.com\/site\/\",\"name\":\"OidosSucios.Com\",\"description\":\"M\\u00fasica, conciertos, discos\",\"potentialAction\":[{\"@type\":\"SearchAction\",\"target\":\"https:\/\/www.oidossucios.com\/site\/?s={search_term_string}\",\"query-input\":\"required name=search_term_string\"}],\"inLanguage\":\"es\"},{\"@type\":\"ImageObject\",\"@id\":\"https:\/\/www.oidossucios.com\/site\/coldplay-pearl-jam-y-papa-roach-a-sudamerica\/#primaryimage\",\"inLanguage\":\"es\",\"url\":\"https:\/\/www.oidossucios.com\/site\/wp-content\/uploads\/2003\/02\/764.jpg\",\"width\":290,\"height\":100},{\"@type\":\"WebPage\",\"@id\":\"https:\/\/www.oidossucios.com\/site\/coldplay-pearl-jam-y-papa-roach-a-sudamerica\/#webpage\",\"url\":\"https:\/\/www.oidossucios.com\/site\/coldplay-pearl-jam-y-papa-roach-a-sudamerica\/\",\"name\":\"Coldplay, Pearl Jam y Papa Roach a Sudam\\u00e9rica - OidosSucios.Com\",\"isPartOf\":{\"@id\":\"https:\/\/www.oidossucios.com\/site\/#website\"},\"primaryImageOfPage\":{\"@id\":\"https:\/\/www.oidossucios.com\/site\/coldplay-pearl-jam-y-papa-roach-a-sudamerica\/#primaryimage\"},\"datePublished\":\"2003-03-05T05:18:00+00:00\",\"dateModified\":\"2003-03-05T05:18:00+00:00\",\"author\":{\"@id\":\"https:\/\/www.oidossucios.com\/site\/#\/schema\/person\/24559eeb76bf83a63296fb072393a688\"},\"description\":\"El grupo mexicano se hizo acreedor del segundo Grammy en su carrera al Disco de Rock Latino del A\\u00f1o por 'Revoluci\\u00f3n de Amor'.\",\"inLanguage\":\"es\",\"potentialAction\":[{\"@type\":\"ReadAction\",\"target\":[\"https:\/\/www.oidossucios.com\/site\/coldplay-pearl-jam-y-papa-roach-a-sudamerica\/\"]}]},{\"@type\":[\"Person\"],\"@id\":\"https:\/\/www.oidossucios.com\/site\/#\/schema\/person\/24559eeb76bf83a63296fb072393a688\",\"name\":\"Oidossucios\",\"image\":{\"@type\":\"ImageObject\",\"@id\":\"https:\/\/www.oidossucios.com\/site\/#personlogo\",\"inLanguage\":\"es\",\"url\":\"https:\/\/secure.gravatar.com\/avatar\/74fcb480f42f1a33e50a0b6e6369a3f907be2e43dc84fa5f76c66e9c22b4a5ab?s=96&d=mm&r=g\",\"caption\":\"Oidossucios\"},\"sameAs\":[\"https:\/\/twitter.com\/oidossucios\"]}]}<\/script>\n<!-- \/ Yoast SEO plugin. -->","jetpack_sharing_enabled":true,"_links":{"self":[{"href":"https:\/\/www.oidossucios.com\/site\/wp-json\/wp\/v2\/posts\/768","targetHints":{"allow":["GET"]}}],"collection":[{"href":"https:\/\/www.oidossucios.com\/site\/wp-json\/wp\/v2\/posts"}],"about":[{"href":"https:\/\/www.oidossucios.com\/site\/wp-json\/wp\/v2\/types\/post"}],"author":[{"embeddable":true,"href":"https:\/\/www.oidossucios.com\/site\/wp-json\/wp\/v2\/users\/4"}],"replies":[{"embeddable":true,"href":"https:\/\/www.oidossucios.com\/site\/wp-json\/wp\/v2\/comments?post=768"}],"version-history":[{"count":0,"href":"https:\/\/www.oidossucios.com\/site\/wp-json\/wp\/v2\/posts\/768\/revisions"}],"wp:featuredmedia":[{"embeddable":true,"href":"https:\/\/www.oidossucios.com\/site\/wp-json\/wp\/v2\/media\/10000764"}],"wp:attachment":[{"href":"https:\/\/www.oidossucios.com\/site\/wp-json\/wp\/v2\/media?parent=768"}],"wp:term":[{"taxonomy":"category","embeddable":true,"href":"https:\/\/www.oidossucios.com\/site\/wp-json\/wp\/v2\/categories?post=768"},{"taxonomy":"post_tag","embeddable":true,"href":"https:\/\/www.oidossucios.com\/site\/wp-json\/wp\/v2\/tags?post=768"}],"curies":[{"name":"wp","href":"https:\/\/api.w.org\/{rel}","templated":true}]}}