{"id":769,"date":"2003-03-06T22:19:00","date_gmt":"2003-03-06T22:19:00","guid":{"rendered":"https:\/\/www.oidossucios.com\/site\/2003\/03\/06\/antonio-rojas-deja-desorden-publico\/"},"modified":"2003-03-06T22:19:00","modified_gmt":"2003-03-06T22:19:00","slug":"antonio-rojas-deja-desorden-publico","status":"publish","type":"post","link":"https:\/\/www.oidossucios.com\/site\/antonio-rojas-deja-desorden-publico\/","title":{"rendered":"Antonio Rojas deja Desorden P\u00fablico"},"content":{"rendered":"<p>En una entrevista publicada por el diario El Nacional en su edici\u00f3n de hoy, la banda de ska venezolana Desorden P\u00fablico, anuncia algunos cambios en la agrupaci\u00f3n: el guitarrista de la banda, Antonio Rojas, deja la formaci\u00f3n principal para radicarse fuera del pa\u00eds, mientras que su l\u00edder, Horacio Blanco, estar\u00e1 viviendo entre Venezuela y USA, como lo ha venido haciendo desde hace algunos meses.<\/p>\n<p>En la entrevista, Capl\u00eds Chacin, comenta la frustaci\u00f3n del plan de Desorden P\u00fablico para este a\u00f1o: la edici\u00f3n de un EP. &#8216;Antes de diciembre, ten\u00edamos el ya modesto plan de editar un EP, es decir, un disco compacto de bajo costo con cuatro o cinco canciones nuevas; hoy hasta eso es pr\u00e1cticamente imposible&#8217;, declar\u00f3 el bajista de la agrupaci\u00f3n.<\/p>\n<p>La banda tambi\u00e9n coment\u00f3 la experiencia negativa que experimentaron con la salida de su \u00faltimo disco, &#8216;Diablo&#8217;, tanto a nivel de fans \u0096&#8217;Algunos de nuestros seguidores no quedaron contentos con los experimentos de Diablo, dec\u00edan que parec\u00eda bolero-ska&#8217;,- como a nivel de disquera, pues si bien se vendieron 60 mil copias del LP, la banda no recibi\u00f3 la contraprestaci\u00f3n acordada con Manuel Guerra, propietario del sello Guerra Records con el cual sali\u00f3 el cd y del que se separaron meses despu\u00e9s.<\/p>\n","protected":false},"excerpt":{"rendered":"<p>En una entrevista publicada por el diario El Nacional el d\u00eda de hoy, la banda de ska venezolana confirma algunos cambios en su formaci\u00f3n: El guitarrista Antonio Rojas deja la agrupaci\u00f3n y Horacio Blanco vivir\u00e1 entre Venezuela y USA.<\/p>\n","protected":false},"author":4,"featured_media":10000765,"comment_status":"open","ping_status":"open","sticky":false,"template":"","format":"standard","meta":{"_jetpack_memberships_contains_paid_content":false,"footnotes":""},"categories":[250],"tags":[274],"class_list":["post-769","post","type-post","status-publish","format-standard","has-post-thumbnail","hentry","category-noticias","tag-desorden"],"jetpack_featured_media_url":"https:\/\/www.oidossucios.com\/site\/wp-content\/uploads\/2003\/02\/765.jpg","yoast_head":"<!-- This site is optimized with the Yoast SEO plugin v14.0.4 - https:\/\/yoast.com\/wordpress\/plugins\/seo\/ -->\n<title>Antonio Rojas deja Desorden P\u00fablico - OidosSucios.Com<\/title>\n<meta name=\"description\" content=\"Al igual que en 2002, una debutante arras\u00f3 en la 45\u00aa entrega de los premios Grammy. Bruce Springteen le sigui\u00f3 en n\u00famero de premios y Avril Lavigne se regres\u00f3 sin nada a casa.\" \/>\n<meta name=\"robots\" content=\"index, follow\" \/>\n<meta name=\"googlebot\" content=\"index, follow, max-snippet:-1, max-image-preview:large, max-video-preview:-1\" \/>\n<meta name=\"bingbot\" content=\"index, follow, max-snippet:-1, max-image-preview:large, max-video-preview:-1\" \/>\n<link rel=\"canonical\" href=\"https:\/\/www.oidossucios.com\/site\/antonio-rojas-deja-desorden-publico\/\" \/>\n<meta property=\"og:locale\" content=\"es_ES\" \/>\n<meta property=\"og:type\" content=\"article\" \/>\n<meta property=\"og:title\" content=\"Antonio Rojas deja Desorden P\u00fablico - OidosSucios.Com\" \/>\n<meta property=\"og:description\" content=\"Al igual que en 2002, una debutante arras\u00f3 en la 45\u00aa entrega de los premios Grammy. Bruce Springteen le sigui\u00f3 en n\u00famero de premios y Avril Lavigne se regres\u00f3 sin nada a casa.\" \/>\n<meta property=\"og:url\" content=\"https:\/\/www.oidossucios.com\/site\/antonio-rojas-deja-desorden-publico\/\" \/>\n<meta property=\"og:site_name\" content=\"OidosSucios.Com\" \/>\n<meta property=\"article:published_time\" content=\"2003-03-06T22:19:00+00:00\" \/>\n<meta property=\"og:image\" content=\"https:\/\/www.oidossucios.com\/site\/wp-content\/uploads\/2003\/02\/765.jpg\" \/>\n\t<meta property=\"og:image:width\" content=\"290\" \/>\n\t<meta property=\"og:image:height\" content=\"100\" \/>\n<meta name=\"twitter:card\" content=\"summary_large_image\" \/>\n<meta name=\"twitter:creator\" content=\"@oidossucios\" \/>\n<script type=\"application\/ld+json\" class=\"yoast-schema-graph\">{\"@context\":\"https:\/\/schema.org\",\"@graph\":[{\"@type\":\"WebSite\",\"@id\":\"https:\/\/www.oidossucios.com\/site\/#website\",\"url\":\"https:\/\/www.oidossucios.com\/site\/\",\"name\":\"OidosSucios.Com\",\"description\":\"M\\u00fasica, conciertos, discos\",\"potentialAction\":[{\"@type\":\"SearchAction\",\"target\":\"https:\/\/www.oidossucios.com\/site\/?s={search_term_string}\",\"query-input\":\"required name=search_term_string\"}],\"inLanguage\":\"es\"},{\"@type\":\"ImageObject\",\"@id\":\"https:\/\/www.oidossucios.com\/site\/antonio-rojas-deja-desorden-publico\/#primaryimage\",\"inLanguage\":\"es\",\"url\":\"https:\/\/www.oidossucios.com\/site\/wp-content\/uploads\/2003\/02\/765.jpg\",\"width\":290,\"height\":100},{\"@type\":\"WebPage\",\"@id\":\"https:\/\/www.oidossucios.com\/site\/antonio-rojas-deja-desorden-publico\/#webpage\",\"url\":\"https:\/\/www.oidossucios.com\/site\/antonio-rojas-deja-desorden-publico\/\",\"name\":\"Antonio Rojas deja Desorden P\\u00fablico - OidosSucios.Com\",\"isPartOf\":{\"@id\":\"https:\/\/www.oidossucios.com\/site\/#website\"},\"primaryImageOfPage\":{\"@id\":\"https:\/\/www.oidossucios.com\/site\/antonio-rojas-deja-desorden-publico\/#primaryimage\"},\"datePublished\":\"2003-03-06T22:19:00+00:00\",\"dateModified\":\"2003-03-06T22:19:00+00:00\",\"author\":{\"@id\":\"https:\/\/www.oidossucios.com\/site\/#\/schema\/person\/24559eeb76bf83a63296fb072393a688\"},\"description\":\"Al igual que en 2002, una debutante arras\\u00f3 en la 45\\u00aa entrega de los premios Grammy. Bruce Springteen le sigui\\u00f3 en n\\u00famero de premios y Avril Lavigne se regres\\u00f3 sin nada a casa.\",\"inLanguage\":\"es\",\"potentialAction\":[{\"@type\":\"ReadAction\",\"target\":[\"https:\/\/www.oidossucios.com\/site\/antonio-rojas-deja-desorden-publico\/\"]}]},{\"@type\":[\"Person\"],\"@id\":\"https:\/\/www.oidossucios.com\/site\/#\/schema\/person\/24559eeb76bf83a63296fb072393a688\",\"name\":\"Oidossucios\",\"image\":{\"@type\":\"ImageObject\",\"@id\":\"https:\/\/www.oidossucios.com\/site\/#personlogo\",\"inLanguage\":\"es\",\"url\":\"https:\/\/secure.gravatar.com\/avatar\/74fcb480f42f1a33e50a0b6e6369a3f907be2e43dc84fa5f76c66e9c22b4a5ab?s=96&d=mm&r=g\",\"caption\":\"Oidossucios\"},\"sameAs\":[\"https:\/\/twitter.com\/oidossucios\"]}]}<\/script>\n<!-- \/ Yoast SEO plugin. -->","jetpack_sharing_enabled":true,"_links":{"self":[{"href":"https:\/\/www.oidossucios.com\/site\/wp-json\/wp\/v2\/posts\/769","targetHints":{"allow":["GET"]}}],"collection":[{"href":"https:\/\/www.oidossucios.com\/site\/wp-json\/wp\/v2\/posts"}],"about":[{"href":"https:\/\/www.oidossucios.com\/site\/wp-json\/wp\/v2\/types\/post"}],"author":[{"embeddable":true,"href":"https:\/\/www.oidossucios.com\/site\/wp-json\/wp\/v2\/users\/4"}],"replies":[{"embeddable":true,"href":"https:\/\/www.oidossucios.com\/site\/wp-json\/wp\/v2\/comments?post=769"}],"version-history":[{"count":0,"href":"https:\/\/www.oidossucios.com\/site\/wp-json\/wp\/v2\/posts\/769\/revisions"}],"wp:featuredmedia":[{"embeddable":true,"href":"https:\/\/www.oidossucios.com\/site\/wp-json\/wp\/v2\/media\/10000765"}],"wp:attachment":[{"href":"https:\/\/www.oidossucios.com\/site\/wp-json\/wp\/v2\/media?parent=769"}],"wp:term":[{"taxonomy":"category","embeddable":true,"href":"https:\/\/www.oidossucios.com\/site\/wp-json\/wp\/v2\/categories?post=769"},{"taxonomy":"post_tag","embeddable":true,"href":"https:\/\/www.oidossucios.com\/site\/wp-json\/wp\/v2\/tags?post=769"}],"curies":[{"name":"wp","href":"https:\/\/api.w.org\/{rel}","templated":true}]}}