{"id":7692,"date":"2013-08-13T05:36:00","date_gmt":"2013-08-13T05:36:00","guid":{"rendered":"https:\/\/www.oidossucios.com\/site\/2013\/08\/13\/my-inner-noise-lanza-el-video-de-re-evolution\/"},"modified":"2013-08-13T05:36:00","modified_gmt":"2013-08-13T05:36:00","slug":"my-inner-noise-lanza-el-video-de-re-evolution","status":"publish","type":"post","link":"https:\/\/www.oidossucios.com\/site\/my-inner-noise-lanza-el-video-de-re-evolution\/","title":{"rendered":"My Inner Noise lanza el video de &#8220;Re-Evolution&#8221;"},"content":{"rendered":"<p><![endif]--> <\/p>\n<p>Bajo la direcci\u00f3n de&nbsp;Antonio Amin&nbsp; y&nbsp;Angel Burgos,&nbsp;My Inner Noise&nbsp;lanza su primer video clip oficial del tema &#8220;Re-Evolution&#8221;, primer sencillo promocional de la banda.<\/p>\n<p>Pensado como movimiento art\u00edstico,&nbsp;To\u00f1o Amin&nbsp;(EA) y&nbsp;Rodrigo N\u00fa\u00f1ez&nbsp;(Rebeli\u00f3n Andina,&nbsp;El Sombrero del abuelo), artistas, productores compositores&nbsp; y amigos se juntaron en la ciudad de Madrid, Espa\u00f1a, para iniciar lo que llaman un viaje al centro del ser con la finalidad de explotar el ruido interno de cada uno.<\/p>\n<p>El disco hom\u00f3nimo debut de&nbsp;My Inner Noise&nbsp;contiene 11 temas con tendencia al&nbsp;world rock sound, letras de profundo contenido y conciencia abierta a un despertar. <\/p>\n<p>Su primer sencillo promocional se titula &#8220;Re-Evolution&#8221; y se puede descargar gratuitamente en su site oficial&nbsp;<a target=\"_blank\" href=\"http:\/\/www.myinnernoise.com\/\" rel=\"noopener noreferrer\">www.myinnernoise.com<\/a>.<\/p>\n<p>El proceso de composici\u00f3n, creaci\u00f3n y grabaci\u00f3n de esta placa fue llevado a cabo en una semana, To\u00f1o&nbsp;y&nbsp;Rodrigo&nbsp; se internaron en los estudios de&nbsp;Radio L\u00f3gica&nbsp;de la Sierra de Madrid, junto los m\u00fasicos espa\u00f1oles&nbsp;Antonio&nbsp;y&nbsp;Ra\u00fal del Amo&nbsp;(Sombrero del Abuelo&nbsp;)&nbsp;Jes\u00fas&nbsp;Castillo&nbsp;(Rebeli\u00f3n Andina) y el prodigioso baterista&nbsp;Jorge Santana.<\/p>\n<p>Sin par\u00e1metros,&nbsp; ni prejuicios, ni reglas musicales, escribieron esta oncena de canciones con letras en ingl\u00e9s y m\u00fasica que,&nbsp; seg\u00fan ellos relatan,&nbsp; fue dictada por el subconsciente de cada participante en el proyecto al que llaman&nbsp;MIN&nbsp;(My Inner Noise).<\/p>\n<p>Durante la gestaci\u00f3n del proyecto se sumaron&nbsp; artistas visuales, los fot\u00f3grafos&nbsp;Sojaila Bueno&nbsp;y&nbsp;Jes\u00fas Roldan, el pintor&nbsp;Adri\u00e1n Sierra, el cineasta&nbsp;Angel Burgos&nbsp; y la dise\u00f1adora gr\u00e1fica&nbsp;Andrea Mouzo, solo por mencionar algunos de los muchos que han aportado su ruido interno a este proyecto.<\/p>\n<p>My Inner Noise&nbsp;no es una banda sino una propuesta art\u00edstica donde todos pueden participar visitando <a target=\"_blank\" href=\"http:\/\/www.myinnernoise.com\/\" rel=\"noopener noreferrer\">www.myinnernoise.com<\/a>&nbsp;o escribiendo a twitter&nbsp;@myinnernoise, ah\u00ed pueden hacerles llegar sus ruidos internos y ellos se encargaran de esparcirlos por el mundo.<\/p>\n<p>En su canal de videos&nbsp;<a target=\"_blank\" href=\"http:\/\/www.youtube.com\/myinnernoise\" rel=\"noopener noreferrer\">www.youtube.com\/myinnernoise<\/a>&nbsp;pueden disfrutar de las sesiones de grabaci\u00f3n, historias y an\u00e9cdota,&nbsp; videos en vivo, clips y otros trabajos de personas que se han sentido identificadas con el movimiento MIN.<\/p>\n<p>El \u00e1lbum se encuentra disponible desde su site oficial&nbsp;<a target=\"_blank\" href=\"http:\/\/www.myinnernoise.com\/\" rel=\"noopener noreferrer\">www.myinnernoise.com<\/a><\/p>\n<p><!--[if gte mso 10]> <\/style>\n\n <![endif]--><\/p>\n","protected":false},"excerpt":{"rendered":"<p>Bajo la direcci\u00f3n de Antonio Amin  y Angel Burgos, My Inner Noise lanza su primer video clip oficial del tema &#8220;Re-Evolution&#8221;, primer sencillo promocional de la banda.<\/p>\n","protected":false},"author":4,"featured_media":100007692,"comment_status":"open","ping_status":"open","sticky":false,"template":"","format":"standard","meta":{"_jetpack_memberships_contains_paid_content":false,"footnotes":""},"categories":[250],"tags":[],"class_list":["post-7692","post","type-post","status-publish","format-standard","has-post-thumbnail","hentry","category-noticias"],"jetpack_featured_media_url":"https:\/\/www.oidossucios.com\/site\/wp-content\/uploads\/2013\/08\/7692.jpg","yoast_head":"<!-- This site is optimized with the Yoast SEO plugin v14.0.4 - https:\/\/yoast.com\/wordpress\/plugins\/seo\/ -->\n<title>My Inner Noise lanza el video de &quot;Re-Evolution&quot; - OidosSucios.Com<\/title>\n<meta name=\"description\" content=\"Bajo la direcci\u00f3n de Antonio Amin y Angel Burgos, My Inner Noise lanza su primer video clip oficial del tema &quot;Re-Evolution&quot;, primer sencillo promocional de la banda.\" \/>\n<meta name=\"robots\" content=\"index, follow\" \/>\n<meta name=\"googlebot\" content=\"index, follow, max-snippet:-1, max-image-preview:large, max-video-preview:-1\" \/>\n<meta name=\"bingbot\" content=\"index, follow, max-snippet:-1, max-image-preview:large, max-video-preview:-1\" \/>\n<link rel=\"canonical\" href=\"https:\/\/www.oidossucios.com\/site\/my-inner-noise-lanza-el-video-de-re-evolution\/\" \/>\n<meta property=\"og:locale\" content=\"es_ES\" \/>\n<meta property=\"og:type\" content=\"article\" \/>\n<meta property=\"og:title\" content=\"My Inner Noise lanza el video de &quot;Re-Evolution&quot; - OidosSucios.Com\" \/>\n<meta property=\"og:description\" content=\"Bajo la direcci\u00f3n de Antonio Amin y Angel Burgos, My Inner Noise lanza su primer video clip oficial del tema &quot;Re-Evolution&quot;, primer sencillo promocional de la banda.\" \/>\n<meta property=\"og:url\" content=\"https:\/\/www.oidossucios.com\/site\/my-inner-noise-lanza-el-video-de-re-evolution\/\" \/>\n<meta property=\"og:site_name\" content=\"OidosSucios.Com\" \/>\n<meta property=\"article:published_time\" content=\"2013-08-13T05:36:00+00:00\" \/>\n<meta property=\"og:image\" content=\"https:\/\/www.oidossucios.com\/site\/wp-content\/uploads\/2013\/08\/7692.jpg\" \/>\n\t<meta property=\"og:image:width\" content=\"350\" \/>\n\t<meta property=\"og:image:height\" content=\"300\" \/>\n<meta name=\"twitter:card\" content=\"summary_large_image\" \/>\n<meta name=\"twitter:creator\" content=\"@oidossucios\" \/>\n<script type=\"application\/ld+json\" class=\"yoast-schema-graph\">{\"@context\":\"https:\/\/schema.org\",\"@graph\":[{\"@type\":\"WebSite\",\"@id\":\"https:\/\/www.oidossucios.com\/site\/#website\",\"url\":\"https:\/\/www.oidossucios.com\/site\/\",\"name\":\"OidosSucios.Com\",\"description\":\"M\\u00fasica, conciertos, discos\",\"potentialAction\":[{\"@type\":\"SearchAction\",\"target\":\"https:\/\/www.oidossucios.com\/site\/?s={search_term_string}\",\"query-input\":\"required name=search_term_string\"}],\"inLanguage\":\"es\"},{\"@type\":\"ImageObject\",\"@id\":\"https:\/\/www.oidossucios.com\/site\/my-inner-noise-lanza-el-video-de-re-evolution\/#primaryimage\",\"inLanguage\":\"es\",\"url\":\"https:\/\/www.oidossucios.com\/site\/wp-content\/uploads\/2013\/08\/7692.jpg\",\"width\":350,\"height\":300},{\"@type\":\"WebPage\",\"@id\":\"https:\/\/www.oidossucios.com\/site\/my-inner-noise-lanza-el-video-de-re-evolution\/#webpage\",\"url\":\"https:\/\/www.oidossucios.com\/site\/my-inner-noise-lanza-el-video-de-re-evolution\/\",\"name\":\"My Inner Noise lanza el video de \\\"Re-Evolution\\\" - OidosSucios.Com\",\"isPartOf\":{\"@id\":\"https:\/\/www.oidossucios.com\/site\/#website\"},\"primaryImageOfPage\":{\"@id\":\"https:\/\/www.oidossucios.com\/site\/my-inner-noise-lanza-el-video-de-re-evolution\/#primaryimage\"},\"datePublished\":\"2013-08-13T05:36:00+00:00\",\"dateModified\":\"2013-08-13T05:36:00+00:00\",\"author\":{\"@id\":\"https:\/\/www.oidossucios.com\/site\/#\/schema\/person\/24559eeb76bf83a63296fb072393a688\"},\"description\":\"Bajo la direcci\\u00f3n de Antonio Amin y Angel Burgos, My Inner Noise lanza su primer video clip oficial del tema \\\"Re-Evolution\\\", primer sencillo promocional de la banda.\",\"inLanguage\":\"es\",\"potentialAction\":[{\"@type\":\"ReadAction\",\"target\":[\"https:\/\/www.oidossucios.com\/site\/my-inner-noise-lanza-el-video-de-re-evolution\/\"]}]},{\"@type\":[\"Person\"],\"@id\":\"https:\/\/www.oidossucios.com\/site\/#\/schema\/person\/24559eeb76bf83a63296fb072393a688\",\"name\":\"Oidossucios\",\"image\":{\"@type\":\"ImageObject\",\"@id\":\"https:\/\/www.oidossucios.com\/site\/#personlogo\",\"inLanguage\":\"es\",\"url\":\"https:\/\/secure.gravatar.com\/avatar\/74fcb480f42f1a33e50a0b6e6369a3f907be2e43dc84fa5f76c66e9c22b4a5ab?s=96&d=mm&r=g\",\"caption\":\"Oidossucios\"},\"sameAs\":[\"https:\/\/twitter.com\/oidossucios\"]}]}<\/script>\n<!-- \/ Yoast SEO plugin. -->","jetpack_sharing_enabled":true,"_links":{"self":[{"href":"https:\/\/www.oidossucios.com\/site\/wp-json\/wp\/v2\/posts\/7692","targetHints":{"allow":["GET"]}}],"collection":[{"href":"https:\/\/www.oidossucios.com\/site\/wp-json\/wp\/v2\/posts"}],"about":[{"href":"https:\/\/www.oidossucios.com\/site\/wp-json\/wp\/v2\/types\/post"}],"author":[{"embeddable":true,"href":"https:\/\/www.oidossucios.com\/site\/wp-json\/wp\/v2\/users\/4"}],"replies":[{"embeddable":true,"href":"https:\/\/www.oidossucios.com\/site\/wp-json\/wp\/v2\/comments?post=7692"}],"version-history":[{"count":0,"href":"https:\/\/www.oidossucios.com\/site\/wp-json\/wp\/v2\/posts\/7692\/revisions"}],"wp:featuredmedia":[{"embeddable":true,"href":"https:\/\/www.oidossucios.com\/site\/wp-json\/wp\/v2\/media\/100007692"}],"wp:attachment":[{"href":"https:\/\/www.oidossucios.com\/site\/wp-json\/wp\/v2\/media?parent=7692"}],"wp:term":[{"taxonomy":"category","embeddable":true,"href":"https:\/\/www.oidossucios.com\/site\/wp-json\/wp\/v2\/categories?post=7692"},{"taxonomy":"post_tag","embeddable":true,"href":"https:\/\/www.oidossucios.com\/site\/wp-json\/wp\/v2\/tags?post=7692"}],"curies":[{"name":"wp","href":"https:\/\/api.w.org\/{rel}","templated":true}]}}