{"id":7718,"date":"2013-08-19T07:30:00","date_gmt":"2013-08-19T07:30:00","guid":{"rendered":"https:\/\/www.oidossucios.com\/site\/2013\/08\/19\/interpol-regresa-al-estudio\/"},"modified":"2013-08-19T07:30:00","modified_gmt":"2013-08-19T07:30:00","slug":"interpol-regresa-al-estudio","status":"publish","type":"post","link":"https:\/\/www.oidossucios.com\/site\/interpol-regresa-al-estudio\/","title":{"rendered":"Interpol regresa al estudio"},"content":{"rendered":"<p>Luego de cerca de tres a\u00f1os surgen las primeras luces de nuevo material de Interpol, ya que la banda ha confirmado su ingreso al estudio.<\/p>\n<p>Como ya es costumbre en esta \u00e9poca, las redes sociales fueron el medio para entregar la informaci\u00f3n de que el conjunto de Nueva York se encuentra trabajando en un pr\u00f3ximo disco. El guitarrista Daniel Kessler fue claro al respecto en Twitter: &#8220;Y ustedes no lo saben&#8230; Ayer comenzamos a trabajar en otra nueva canci\u00f3n. Agosto est\u00e1 siendo un campo de cultivo&#8221;.<\/p>\n<p>Estaremos atentos a m\u00e1s detalles de lo que ser\u00e1 el sucesor del \u00e1lbum hom\u00f3nimo aparecido el 2010, lo m\u00e1s reciente de Interpol.<\/p>\n<p>Fuente: www.rockaxis.com<![endif]--><!--[if gte mso 10]> <\/style>\n\n <![endif]--><\/p>\n","protected":false},"excerpt":{"rendered":"<p>Luego de cerca de tres a\u00f1os surgen las primeras luces de nuevo material de Interpol, ya que la banda ha confirmado su ingreso al estudio. Como ya es costumbre en esta \u00e9poca, las redes sociales fueron el medio para entregar la informaci\u00f3n de que el conjunto de Nueva York se encuentra trabajando en un pr\u00f3ximo [&hellip;]<\/p>\n","protected":false},"author":4,"featured_media":100007718,"comment_status":"open","ping_status":"open","sticky":false,"template":"","format":"standard","meta":{"_jetpack_memberships_contains_paid_content":false,"footnotes":""},"categories":[142],"tags":[],"class_list":["post-7718","post","type-post","status-publish","format-standard","has-post-thumbnail","hentry","category-buzznews"],"jetpack_featured_media_url":"https:\/\/www.oidossucios.com\/site\/wp-content\/uploads\/2013\/08\/7718.jpg","yoast_head":"<!-- This site is optimized with the Yoast SEO plugin v14.0.4 - https:\/\/yoast.com\/wordpress\/plugins\/seo\/ -->\n<title>Interpol regresa al estudio - OidosSucios.Com<\/title>\n<meta name=\"robots\" content=\"index, follow\" \/>\n<meta name=\"googlebot\" content=\"index, follow, max-snippet:-1, max-image-preview:large, max-video-preview:-1\" \/>\n<meta name=\"bingbot\" content=\"index, follow, max-snippet:-1, max-image-preview:large, max-video-preview:-1\" \/>\n<link rel=\"canonical\" href=\"https:\/\/www.oidossucios.com\/site\/interpol-regresa-al-estudio\/\" \/>\n<meta property=\"og:locale\" content=\"es_ES\" \/>\n<meta property=\"og:type\" content=\"article\" \/>\n<meta property=\"og:title\" content=\"Interpol regresa al estudio - OidosSucios.Com\" \/>\n<meta property=\"og:description\" content=\"Luego de cerca de tres a\u00f1os surgen las primeras luces de nuevo material de Interpol, ya que la banda ha confirmado su ingreso al estudio. Como ya es costumbre en esta \u00e9poca, las redes sociales fueron el medio para entregar la informaci\u00f3n de que el conjunto de Nueva York se encuentra trabajando en un pr\u00f3ximo [&hellip;]\" \/>\n<meta property=\"og:url\" content=\"https:\/\/www.oidossucios.com\/site\/interpol-regresa-al-estudio\/\" \/>\n<meta property=\"og:site_name\" content=\"OidosSucios.Com\" \/>\n<meta property=\"article:published_time\" content=\"2013-08-19T07:30:00+00:00\" \/>\n<meta property=\"og:image\" content=\"https:\/\/www.oidossucios.com\/site\/wp-content\/uploads\/2013\/08\/7718.jpg\" \/>\n\t<meta property=\"og:image:width\" content=\"350\" \/>\n\t<meta property=\"og:image:height\" content=\"300\" \/>\n<meta name=\"twitter:card\" content=\"summary_large_image\" \/>\n<meta name=\"twitter:creator\" content=\"@oidossucios\" \/>\n<script type=\"application\/ld+json\" class=\"yoast-schema-graph\">{\"@context\":\"https:\/\/schema.org\",\"@graph\":[{\"@type\":\"WebSite\",\"@id\":\"https:\/\/www.oidossucios.com\/site\/#website\",\"url\":\"https:\/\/www.oidossucios.com\/site\/\",\"name\":\"OidosSucios.Com\",\"description\":\"M\\u00fasica, conciertos, discos\",\"potentialAction\":[{\"@type\":\"SearchAction\",\"target\":\"https:\/\/www.oidossucios.com\/site\/?s={search_term_string}\",\"query-input\":\"required name=search_term_string\"}],\"inLanguage\":\"es\"},{\"@type\":\"ImageObject\",\"@id\":\"https:\/\/www.oidossucios.com\/site\/interpol-regresa-al-estudio\/#primaryimage\",\"inLanguage\":\"es\",\"url\":\"https:\/\/www.oidossucios.com\/site\/wp-content\/uploads\/2013\/08\/7718.jpg\",\"width\":350,\"height\":300},{\"@type\":\"WebPage\",\"@id\":\"https:\/\/www.oidossucios.com\/site\/interpol-regresa-al-estudio\/#webpage\",\"url\":\"https:\/\/www.oidossucios.com\/site\/interpol-regresa-al-estudio\/\",\"name\":\"Interpol regresa al estudio - OidosSucios.Com\",\"isPartOf\":{\"@id\":\"https:\/\/www.oidossucios.com\/site\/#website\"},\"primaryImageOfPage\":{\"@id\":\"https:\/\/www.oidossucios.com\/site\/interpol-regresa-al-estudio\/#primaryimage\"},\"datePublished\":\"2013-08-19T07:30:00+00:00\",\"dateModified\":\"2013-08-19T07:30:00+00:00\",\"author\":{\"@id\":\"https:\/\/www.oidossucios.com\/site\/#\/schema\/person\/24559eeb76bf83a63296fb072393a688\"},\"inLanguage\":\"es\",\"potentialAction\":[{\"@type\":\"ReadAction\",\"target\":[\"https:\/\/www.oidossucios.com\/site\/interpol-regresa-al-estudio\/\"]}]},{\"@type\":[\"Person\"],\"@id\":\"https:\/\/www.oidossucios.com\/site\/#\/schema\/person\/24559eeb76bf83a63296fb072393a688\",\"name\":\"Oidossucios\",\"image\":{\"@type\":\"ImageObject\",\"@id\":\"https:\/\/www.oidossucios.com\/site\/#personlogo\",\"inLanguage\":\"es\",\"url\":\"https:\/\/secure.gravatar.com\/avatar\/74fcb480f42f1a33e50a0b6e6369a3f907be2e43dc84fa5f76c66e9c22b4a5ab?s=96&d=mm&r=g\",\"caption\":\"Oidossucios\"},\"sameAs\":[\"https:\/\/twitter.com\/oidossucios\"]}]}<\/script>\n<!-- \/ Yoast SEO plugin. -->","jetpack_sharing_enabled":true,"_links":{"self":[{"href":"https:\/\/www.oidossucios.com\/site\/wp-json\/wp\/v2\/posts\/7718","targetHints":{"allow":["GET"]}}],"collection":[{"href":"https:\/\/www.oidossucios.com\/site\/wp-json\/wp\/v2\/posts"}],"about":[{"href":"https:\/\/www.oidossucios.com\/site\/wp-json\/wp\/v2\/types\/post"}],"author":[{"embeddable":true,"href":"https:\/\/www.oidossucios.com\/site\/wp-json\/wp\/v2\/users\/4"}],"replies":[{"embeddable":true,"href":"https:\/\/www.oidossucios.com\/site\/wp-json\/wp\/v2\/comments?post=7718"}],"version-history":[{"count":0,"href":"https:\/\/www.oidossucios.com\/site\/wp-json\/wp\/v2\/posts\/7718\/revisions"}],"wp:featuredmedia":[{"embeddable":true,"href":"https:\/\/www.oidossucios.com\/site\/wp-json\/wp\/v2\/media\/100007718"}],"wp:attachment":[{"href":"https:\/\/www.oidossucios.com\/site\/wp-json\/wp\/v2\/media?parent=7718"}],"wp:term":[{"taxonomy":"category","embeddable":true,"href":"https:\/\/www.oidossucios.com\/site\/wp-json\/wp\/v2\/categories?post=7718"},{"taxonomy":"post_tag","embeddable":true,"href":"https:\/\/www.oidossucios.com\/site\/wp-json\/wp\/v2\/tags?post=7718"}],"curies":[{"name":"wp","href":"https:\/\/api.w.org\/{rel}","templated":true}]}}