{"id":773,"date":"2003-03-18T06:05:00","date_gmt":"2003-03-18T06:05:00","guid":{"rendered":"https:\/\/www.oidossucios.com\/site\/2003\/03\/18\/cambio-de-barajitas-jason-newsted-es-el-nuevo-bajista-de-ozzy-osbourne\/"},"modified":"2003-03-18T06:05:00","modified_gmt":"2003-03-18T06:05:00","slug":"cambio-de-barajitas-jason-newsted-es-el-nuevo-bajista-de-ozzy-osbourne","status":"publish","type":"post","link":"https:\/\/www.oidossucios.com\/site\/cambio-de-barajitas-jason-newsted-es-el-nuevo-bajista-de-ozzy-osbourne\/","title":{"rendered":"Cambio de barajitas: Jason Newsted es el nuevo bajista de Ozzy Osbourne"},"content":{"rendered":"<p>El rumor que corri\u00f3 las ultimas semanas en diferentes p\u00e1ginas webs ha sido confirmado por Ozzy Osbourne en su concierto del domingo en Las Vegas: Jason Newsted ser\u00e1 el nuevo bajista de su agrupaci\u00f3n en sustituci\u00f3n de Robert Trujillo, que recientemente fue nombrado como reemplazo de Newsted en Metallica.<\/p>\n<p>Jason abandon\u00f3 Metallica hace dos a\u00f1os buscando &#8216;nuevos caminos en el mundo musical&#8217; no teniendo mucha suerte en Voivod, el proyecto que lo recibi\u00f3 durante este tiempo.<\/p>\n<p>Por su parte, Trujillo culmin\u00f3 su etapa con Ozzy en la presentaci\u00f3n del domingo, donde el astro ingl\u00e9s anunci\u00f3 el nombre del nuevo integrante de su agrupaci\u00f3n.<\/p>\n","protected":false},"excerpt":{"rendered":"<p>El rumor que corri\u00f3 las ultima semanas fue confirmado por el propio Ozzy Osbourne en Las Vegas: Jason Newsted ser\u00e1 su nuevo bajista en reemplazo de Robert Trujillo, quien ocupar\u00e1 la plaza de Newsted en Metallica.<\/p>\n","protected":false},"author":4,"featured_media":10000769,"comment_status":"open","ping_status":"open","sticky":false,"template":"","format":"standard","meta":{"_jetpack_memberships_contains_paid_content":false,"footnotes":""},"categories":[250],"tags":[149],"class_list":["post-773","post","type-post","status-publish","format-standard","has-post-thumbnail","hentry","category-noticias","tag-metallica"],"jetpack_featured_media_url":"https:\/\/www.oidossucios.com\/site\/wp-content\/uploads\/2003\/03\/769.jpg","yoast_head":"<!-- This site is optimized with the Yoast SEO plugin v14.0.4 - https:\/\/yoast.com\/wordpress\/plugins\/seo\/ -->\n<title>Cambio de barajitas: Jason Newsted es el nuevo bajista de Ozzy Osbourne - OidosSucios.Com<\/title>\n<meta name=\"description\" content=\"En una entrevista publicada por el diario El Nacional el d\u00eda de hoy, la banda de ska venezolana confirma algunos cambios en su formaci\u00f3n: El guitarrista Antonio Rojas deja la agrupaci\u00f3n y Horacio Blanco vivir\u00e1 entre Venezuela y USA.\" \/>\n<meta name=\"robots\" content=\"index, follow\" \/>\n<meta name=\"googlebot\" content=\"index, follow, max-snippet:-1, max-image-preview:large, max-video-preview:-1\" \/>\n<meta name=\"bingbot\" content=\"index, follow, max-snippet:-1, max-image-preview:large, max-video-preview:-1\" \/>\n<link rel=\"canonical\" href=\"https:\/\/www.oidossucios.com\/site\/cambio-de-barajitas-jason-newsted-es-el-nuevo-bajista-de-ozzy-osbourne\/\" \/>\n<meta property=\"og:locale\" content=\"es_ES\" \/>\n<meta property=\"og:type\" content=\"article\" \/>\n<meta property=\"og:title\" content=\"Cambio de barajitas: Jason Newsted es el nuevo bajista de Ozzy Osbourne - OidosSucios.Com\" \/>\n<meta property=\"og:description\" content=\"En una entrevista publicada por el diario El Nacional el d\u00eda de hoy, la banda de ska venezolana confirma algunos cambios en su formaci\u00f3n: El guitarrista Antonio Rojas deja la agrupaci\u00f3n y Horacio Blanco vivir\u00e1 entre Venezuela y USA.\" \/>\n<meta property=\"og:url\" content=\"https:\/\/www.oidossucios.com\/site\/cambio-de-barajitas-jason-newsted-es-el-nuevo-bajista-de-ozzy-osbourne\/\" \/>\n<meta property=\"og:site_name\" content=\"OidosSucios.Com\" \/>\n<meta property=\"article:published_time\" content=\"2003-03-18T06:05:00+00:00\" \/>\n<meta property=\"og:image\" content=\"https:\/\/www.oidossucios.com\/site\/wp-content\/uploads\/2003\/03\/769.jpg\" \/>\n\t<meta property=\"og:image:width\" content=\"290\" \/>\n\t<meta property=\"og:image:height\" content=\"100\" \/>\n<meta name=\"twitter:card\" content=\"summary_large_image\" \/>\n<meta name=\"twitter:creator\" content=\"@oidossucios\" \/>\n<script type=\"application\/ld+json\" class=\"yoast-schema-graph\">{\"@context\":\"https:\/\/schema.org\",\"@graph\":[{\"@type\":\"WebSite\",\"@id\":\"https:\/\/www.oidossucios.com\/site\/#website\",\"url\":\"https:\/\/www.oidossucios.com\/site\/\",\"name\":\"OidosSucios.Com\",\"description\":\"M\\u00fasica, conciertos, discos\",\"potentialAction\":[{\"@type\":\"SearchAction\",\"target\":\"https:\/\/www.oidossucios.com\/site\/?s={search_term_string}\",\"query-input\":\"required name=search_term_string\"}],\"inLanguage\":\"es\"},{\"@type\":\"ImageObject\",\"@id\":\"https:\/\/www.oidossucios.com\/site\/cambio-de-barajitas-jason-newsted-es-el-nuevo-bajista-de-ozzy-osbourne\/#primaryimage\",\"inLanguage\":\"es\",\"url\":\"https:\/\/www.oidossucios.com\/site\/wp-content\/uploads\/2003\/03\/769.jpg\",\"width\":290,\"height\":100},{\"@type\":\"WebPage\",\"@id\":\"https:\/\/www.oidossucios.com\/site\/cambio-de-barajitas-jason-newsted-es-el-nuevo-bajista-de-ozzy-osbourne\/#webpage\",\"url\":\"https:\/\/www.oidossucios.com\/site\/cambio-de-barajitas-jason-newsted-es-el-nuevo-bajista-de-ozzy-osbourne\/\",\"name\":\"Cambio de barajitas: Jason Newsted es el nuevo bajista de Ozzy Osbourne - OidosSucios.Com\",\"isPartOf\":{\"@id\":\"https:\/\/www.oidossucios.com\/site\/#website\"},\"primaryImageOfPage\":{\"@id\":\"https:\/\/www.oidossucios.com\/site\/cambio-de-barajitas-jason-newsted-es-el-nuevo-bajista-de-ozzy-osbourne\/#primaryimage\"},\"datePublished\":\"2003-03-18T06:05:00+00:00\",\"dateModified\":\"2003-03-18T06:05:00+00:00\",\"author\":{\"@id\":\"https:\/\/www.oidossucios.com\/site\/#\/schema\/person\/24559eeb76bf83a63296fb072393a688\"},\"description\":\"En una entrevista publicada por el diario El Nacional el d\\u00eda de hoy, la banda de ska venezolana confirma algunos cambios en su formaci\\u00f3n: El guitarrista Antonio Rojas deja la agrupaci\\u00f3n y Horacio Blanco vivir\\u00e1 entre Venezuela y USA.\",\"inLanguage\":\"es\",\"potentialAction\":[{\"@type\":\"ReadAction\",\"target\":[\"https:\/\/www.oidossucios.com\/site\/cambio-de-barajitas-jason-newsted-es-el-nuevo-bajista-de-ozzy-osbourne\/\"]}]},{\"@type\":[\"Person\"],\"@id\":\"https:\/\/www.oidossucios.com\/site\/#\/schema\/person\/24559eeb76bf83a63296fb072393a688\",\"name\":\"Oidossucios\",\"image\":{\"@type\":\"ImageObject\",\"@id\":\"https:\/\/www.oidossucios.com\/site\/#personlogo\",\"inLanguage\":\"es\",\"url\":\"https:\/\/secure.gravatar.com\/avatar\/74fcb480f42f1a33e50a0b6e6369a3f907be2e43dc84fa5f76c66e9c22b4a5ab?s=96&d=mm&r=g\",\"caption\":\"Oidossucios\"},\"sameAs\":[\"https:\/\/twitter.com\/oidossucios\"]}]}<\/script>\n<!-- \/ Yoast SEO plugin. -->","jetpack_sharing_enabled":true,"_links":{"self":[{"href":"https:\/\/www.oidossucios.com\/site\/wp-json\/wp\/v2\/posts\/773","targetHints":{"allow":["GET"]}}],"collection":[{"href":"https:\/\/www.oidossucios.com\/site\/wp-json\/wp\/v2\/posts"}],"about":[{"href":"https:\/\/www.oidossucios.com\/site\/wp-json\/wp\/v2\/types\/post"}],"author":[{"embeddable":true,"href":"https:\/\/www.oidossucios.com\/site\/wp-json\/wp\/v2\/users\/4"}],"replies":[{"embeddable":true,"href":"https:\/\/www.oidossucios.com\/site\/wp-json\/wp\/v2\/comments?post=773"}],"version-history":[{"count":0,"href":"https:\/\/www.oidossucios.com\/site\/wp-json\/wp\/v2\/posts\/773\/revisions"}],"wp:featuredmedia":[{"embeddable":true,"href":"https:\/\/www.oidossucios.com\/site\/wp-json\/wp\/v2\/media\/10000769"}],"wp:attachment":[{"href":"https:\/\/www.oidossucios.com\/site\/wp-json\/wp\/v2\/media?parent=773"}],"wp:term":[{"taxonomy":"category","embeddable":true,"href":"https:\/\/www.oidossucios.com\/site\/wp-json\/wp\/v2\/categories?post=773"},{"taxonomy":"post_tag","embeddable":true,"href":"https:\/\/www.oidossucios.com\/site\/wp-json\/wp\/v2\/tags?post=773"}],"curies":[{"name":"wp","href":"https:\/\/api.w.org\/{rel}","templated":true}]}}