{"id":7731,"date":"2013-08-21T15:42:00","date_gmt":"2013-08-21T15:42:00","guid":{"rendered":"https:\/\/www.oidossucios.com\/site\/2013\/08\/21\/se-reunen-los-miembros-sobrevivientes-de-the-clash\/"},"modified":"2013-08-21T15:42:00","modified_gmt":"2013-08-21T15:42:00","slug":"se-reunen-los-miembros-sobrevivientes-de-the-clash","status":"publish","type":"post","link":"https:\/\/www.oidossucios.com\/site\/se-reunen-los-miembros-sobrevivientes-de-the-clash\/","title":{"rendered":"Se re\u00fanen los miembros sobrevivientes de The Clash"},"content":{"rendered":"<p>Paul Simonon, Topper Headon y Mick Jones, los miembros sobrevivientes de The Clash se juntar\u00e1n una vez m\u00e1s el pr\u00f3ximo 6 de septiembre para dar un show \u00edntimo en la BBC Radio. Este recital exclusivo servir\u00e1 como puntapi\u00e9 inicial para promocionar el aluvi\u00f3n de lanzamientos que realizar\u00e1 la banda del recordado Joe Strummer.<\/p>\n<p>Se trata de <i>The Clash Hits Back<\/i>, un \u00e1lbum doble que traer\u00e1 el setlist original del legendario show que dieron en Brixton Fair Deal y que incluir\u00e1 algunas versiones de estudio y ocho bonus tracks. Otro lanzamiento ser\u00e1 <i>Sound System<\/i>, un box set compuesto por 12 CDs con la discograf\u00eda completa y remasterizada de The Clash, 3 demos, simples lados B y un DVD con material in\u00e9dito, adem\u00e1s de revistas, posters y stickers. Por \u00faltimo, <i>The Clash 5-Studio Album Set<\/i> es un box set en el que se recopilan los 5 \u00e1lbumes de estudio de la banda en una sola caja de lujo.<\/p>\n<p>Se vienen varios lanzamientos de The Clash y los m\u00fasicos le ponen el pecho a la difusi\u00f3n de los mismos. Seguramente despu\u00e9s del 6 de septiembre podremos escuchar y disfrutar del recital que dar\u00e1n para la radio brit\u00e1nica.<\/p>\n<p>Fuente: www.fmrockandpop.com<![endif]--><!--[if gte mso 10]> <\/style>\n\n <![endif]--><\/p>\n","protected":false},"excerpt":{"rendered":"<p>Paul Simonon, Topper Headon y Mick Jones, los miembros sobrevivientes de The Clash se juntar\u00e1n una vez m\u00e1s el pr\u00f3ximo 6 de septiembre para dar un show \u00edntimo en la BBC Radio. Este recital exclusivo servir\u00e1 como puntapi\u00e9 inicial para promocionar el aluvi\u00f3n de lanzamientos que realizar\u00e1 la banda del recordado Joe Strummer. Se trata [&hellip;]<\/p>\n","protected":false},"author":4,"featured_media":100007731,"comment_status":"open","ping_status":"open","sticky":false,"template":"","format":"standard","meta":{"_jetpack_memberships_contains_paid_content":false,"footnotes":""},"categories":[142],"tags":[],"class_list":["post-7731","post","type-post","status-publish","format-standard","has-post-thumbnail","hentry","category-buzznews"],"jetpack_featured_media_url":"https:\/\/www.oidossucios.com\/site\/wp-content\/uploads\/2013\/08\/7731.jpg","yoast_head":"<!-- This site is optimized with the Yoast SEO plugin v14.0.4 - https:\/\/yoast.com\/wordpress\/plugins\/seo\/ -->\n<title>Se re\u00fanen los miembros sobrevivientes de The Clash - OidosSucios.Com<\/title>\n<meta name=\"robots\" content=\"index, follow\" \/>\n<meta name=\"googlebot\" content=\"index, follow, max-snippet:-1, max-image-preview:large, max-video-preview:-1\" \/>\n<meta name=\"bingbot\" content=\"index, follow, max-snippet:-1, max-image-preview:large, max-video-preview:-1\" \/>\n<link rel=\"canonical\" href=\"https:\/\/www.oidossucios.com\/site\/se-reunen-los-miembros-sobrevivientes-de-the-clash\/\" \/>\n<meta property=\"og:locale\" content=\"es_ES\" \/>\n<meta property=\"og:type\" content=\"article\" \/>\n<meta property=\"og:title\" content=\"Se re\u00fanen los miembros sobrevivientes de The Clash - OidosSucios.Com\" \/>\n<meta property=\"og:description\" content=\"Paul Simonon, Topper Headon y Mick Jones, los miembros sobrevivientes de The Clash se juntar\u00e1n una vez m\u00e1s el pr\u00f3ximo 6 de septiembre para dar un show \u00edntimo en la BBC Radio. Este recital exclusivo servir\u00e1 como puntapi\u00e9 inicial para promocionar el aluvi\u00f3n de lanzamientos que realizar\u00e1 la banda del recordado Joe Strummer. Se trata [&hellip;]\" \/>\n<meta property=\"og:url\" content=\"https:\/\/www.oidossucios.com\/site\/se-reunen-los-miembros-sobrevivientes-de-the-clash\/\" \/>\n<meta property=\"og:site_name\" content=\"OidosSucios.Com\" \/>\n<meta property=\"article:published_time\" content=\"2013-08-21T15:42:00+00:00\" \/>\n<meta property=\"og:image\" content=\"https:\/\/www.oidossucios.com\/site\/wp-content\/uploads\/2013\/08\/7731.jpg\" \/>\n\t<meta property=\"og:image:width\" content=\"350\" \/>\n\t<meta property=\"og:image:height\" content=\"300\" \/>\n<meta name=\"twitter:card\" content=\"summary_large_image\" \/>\n<meta name=\"twitter:creator\" content=\"@oidossucios\" \/>\n<script type=\"application\/ld+json\" class=\"yoast-schema-graph\">{\"@context\":\"https:\/\/schema.org\",\"@graph\":[{\"@type\":\"WebSite\",\"@id\":\"https:\/\/www.oidossucios.com\/site\/#website\",\"url\":\"https:\/\/www.oidossucios.com\/site\/\",\"name\":\"OidosSucios.Com\",\"description\":\"M\\u00fasica, conciertos, discos\",\"potentialAction\":[{\"@type\":\"SearchAction\",\"target\":\"https:\/\/www.oidossucios.com\/site\/?s={search_term_string}\",\"query-input\":\"required name=search_term_string\"}],\"inLanguage\":\"es\"},{\"@type\":\"ImageObject\",\"@id\":\"https:\/\/www.oidossucios.com\/site\/se-reunen-los-miembros-sobrevivientes-de-the-clash\/#primaryimage\",\"inLanguage\":\"es\",\"url\":\"https:\/\/www.oidossucios.com\/site\/wp-content\/uploads\/2013\/08\/7731.jpg\",\"width\":350,\"height\":300},{\"@type\":\"WebPage\",\"@id\":\"https:\/\/www.oidossucios.com\/site\/se-reunen-los-miembros-sobrevivientes-de-the-clash\/#webpage\",\"url\":\"https:\/\/www.oidossucios.com\/site\/se-reunen-los-miembros-sobrevivientes-de-the-clash\/\",\"name\":\"Se re\\u00fanen los miembros sobrevivientes de The Clash - OidosSucios.Com\",\"isPartOf\":{\"@id\":\"https:\/\/www.oidossucios.com\/site\/#website\"},\"primaryImageOfPage\":{\"@id\":\"https:\/\/www.oidossucios.com\/site\/se-reunen-los-miembros-sobrevivientes-de-the-clash\/#primaryimage\"},\"datePublished\":\"2013-08-21T15:42:00+00:00\",\"dateModified\":\"2013-08-21T15:42:00+00:00\",\"author\":{\"@id\":\"https:\/\/www.oidossucios.com\/site\/#\/schema\/person\/24559eeb76bf83a63296fb072393a688\"},\"inLanguage\":\"es\",\"potentialAction\":[{\"@type\":\"ReadAction\",\"target\":[\"https:\/\/www.oidossucios.com\/site\/se-reunen-los-miembros-sobrevivientes-de-the-clash\/\"]}]},{\"@type\":[\"Person\"],\"@id\":\"https:\/\/www.oidossucios.com\/site\/#\/schema\/person\/24559eeb76bf83a63296fb072393a688\",\"name\":\"Oidossucios\",\"image\":{\"@type\":\"ImageObject\",\"@id\":\"https:\/\/www.oidossucios.com\/site\/#personlogo\",\"inLanguage\":\"es\",\"url\":\"https:\/\/secure.gravatar.com\/avatar\/74fcb480f42f1a33e50a0b6e6369a3f907be2e43dc84fa5f76c66e9c22b4a5ab?s=96&d=mm&r=g\",\"caption\":\"Oidossucios\"},\"sameAs\":[\"https:\/\/twitter.com\/oidossucios\"]}]}<\/script>\n<!-- \/ Yoast SEO plugin. -->","jetpack_sharing_enabled":true,"_links":{"self":[{"href":"https:\/\/www.oidossucios.com\/site\/wp-json\/wp\/v2\/posts\/7731","targetHints":{"allow":["GET"]}}],"collection":[{"href":"https:\/\/www.oidossucios.com\/site\/wp-json\/wp\/v2\/posts"}],"about":[{"href":"https:\/\/www.oidossucios.com\/site\/wp-json\/wp\/v2\/types\/post"}],"author":[{"embeddable":true,"href":"https:\/\/www.oidossucios.com\/site\/wp-json\/wp\/v2\/users\/4"}],"replies":[{"embeddable":true,"href":"https:\/\/www.oidossucios.com\/site\/wp-json\/wp\/v2\/comments?post=7731"}],"version-history":[{"count":0,"href":"https:\/\/www.oidossucios.com\/site\/wp-json\/wp\/v2\/posts\/7731\/revisions"}],"wp:featuredmedia":[{"embeddable":true,"href":"https:\/\/www.oidossucios.com\/site\/wp-json\/wp\/v2\/media\/100007731"}],"wp:attachment":[{"href":"https:\/\/www.oidossucios.com\/site\/wp-json\/wp\/v2\/media?parent=7731"}],"wp:term":[{"taxonomy":"category","embeddable":true,"href":"https:\/\/www.oidossucios.com\/site\/wp-json\/wp\/v2\/categories?post=7731"},{"taxonomy":"post_tag","embeddable":true,"href":"https:\/\/www.oidossucios.com\/site\/wp-json\/wp\/v2\/tags?post=7731"}],"curies":[{"name":"wp","href":"https:\/\/api.w.org\/{rel}","templated":true}]}}