{"id":7759,"date":"2013-08-26T06:15:00","date_gmt":"2013-08-26T06:15:00","guid":{"rendered":"https:\/\/www.oidossucios.com\/site\/2013\/08\/26\/eminem-anuncia-nuevo-disco-the-marshall-mathers-lp-2\/"},"modified":"2013-08-26T06:15:00","modified_gmt":"2013-08-26T06:15:00","slug":"eminem-anuncia-nuevo-disco-the-marshall-mathers-lp-2","status":"publish","type":"post","link":"https:\/\/www.oidossucios.com\/site\/eminem-anuncia-nuevo-disco-the-marshall-mathers-lp-2\/","title":{"rendered":"Eminem anuncia nuevo disco: &#8220;The Marshall Mathers LP 2&#8221;"},"content":{"rendered":"<p>A trav\u00e9s de un comercial de la marca de aud\u00edfonos Beats, Eminem anunci\u00f3 su nuevo \u00e1lbum de estudio. No ser\u00e1 un disco cualquiera, ser\u00e1 la segunda parte de sus aclamado <i>The Marshall Mathers LP<\/i> y llegar\u00e1 a las tiendas el 5 de noviembre.<\/p>\n<p>\u00bfQuieren m\u00e1s? El disco ser\u00e1 producido por Dr. Dre y Rick Rubin. Todav\u00eda no hay m\u00e1s detalles pero seguramente en los pr\u00f3ximos d\u00edas se revelar\u00e1 toda la informaci\u00f3n.<\/p>\n<p>Arriba puedes ver el tr\u00e1iler.<\/p>\n<p>Fuente: www. lifeboxset.com <![endif]--><!--[if gte mso 10]> <\/style>\n\n <![endif]--><\/p>\n","protected":false},"excerpt":{"rendered":"<p>A trav\u00e9s de un comercial de la marca de aud\u00edfonos Beats, Eminem anunci\u00f3 su nuevo \u00e1lbum de estudio. No ser\u00e1 un disco cualquiera, ser\u00e1 la segunda parte de sus aclamado The Marshall Mathers LP y llegar\u00e1 a las tiendas el 5 de noviembre. \u00bfQuieren m\u00e1s? El disco ser\u00e1 producido por Dr. Dre y Rick Rubin. [&hellip;]<\/p>\n","protected":false},"author":4,"featured_media":0,"comment_status":"open","ping_status":"open","sticky":false,"template":"","format":"standard","meta":{"_jetpack_memberships_contains_paid_content":false,"footnotes":""},"categories":[142],"tags":[],"class_list":["post-7759","post","type-post","status-publish","format-standard","hentry","category-buzznews"],"jetpack_featured_media_url":"","yoast_head":"<!-- This site is optimized with the Yoast SEO plugin v14.0.4 - https:\/\/yoast.com\/wordpress\/plugins\/seo\/ -->\n<title>Eminem anuncia nuevo disco: &quot;The Marshall Mathers LP 2&quot; - OidosSucios.Com<\/title>\n<meta name=\"robots\" content=\"index, follow\" \/>\n<meta name=\"googlebot\" content=\"index, follow, max-snippet:-1, max-image-preview:large, max-video-preview:-1\" \/>\n<meta name=\"bingbot\" content=\"index, follow, max-snippet:-1, max-image-preview:large, max-video-preview:-1\" \/>\n<link rel=\"canonical\" href=\"https:\/\/www.oidossucios.com\/site\/eminem-anuncia-nuevo-disco-the-marshall-mathers-lp-2\/\" \/>\n<meta property=\"og:locale\" content=\"es_ES\" \/>\n<meta property=\"og:type\" content=\"article\" \/>\n<meta property=\"og:title\" content=\"Eminem anuncia nuevo disco: &quot;The Marshall Mathers LP 2&quot; - OidosSucios.Com\" \/>\n<meta property=\"og:description\" content=\"A trav\u00e9s de un comercial de la marca de aud\u00edfonos Beats, Eminem anunci\u00f3 su nuevo \u00e1lbum de estudio. No ser\u00e1 un disco cualquiera, ser\u00e1 la segunda parte de sus aclamado The Marshall Mathers LP y llegar\u00e1 a las tiendas el 5 de noviembre. \u00bfQuieren m\u00e1s? El disco ser\u00e1 producido por Dr. Dre y Rick Rubin. [&hellip;]\" \/>\n<meta property=\"og:url\" content=\"https:\/\/www.oidossucios.com\/site\/eminem-anuncia-nuevo-disco-the-marshall-mathers-lp-2\/\" \/>\n<meta property=\"og:site_name\" content=\"OidosSucios.Com\" \/>\n<meta property=\"article:published_time\" content=\"2013-08-26T06:15:00+00:00\" \/>\n<meta name=\"twitter:card\" content=\"summary_large_image\" \/>\n<meta name=\"twitter:creator\" content=\"@oidossucios\" \/>\n<script type=\"application\/ld+json\" class=\"yoast-schema-graph\">{\"@context\":\"https:\/\/schema.org\",\"@graph\":[{\"@type\":\"WebSite\",\"@id\":\"https:\/\/www.oidossucios.com\/site\/#website\",\"url\":\"https:\/\/www.oidossucios.com\/site\/\",\"name\":\"OidosSucios.Com\",\"description\":\"M\\u00fasica, conciertos, discos\",\"potentialAction\":[{\"@type\":\"SearchAction\",\"target\":\"https:\/\/www.oidossucios.com\/site\/?s={search_term_string}\",\"query-input\":\"required name=search_term_string\"}],\"inLanguage\":\"es\"},{\"@type\":\"WebPage\",\"@id\":\"https:\/\/www.oidossucios.com\/site\/eminem-anuncia-nuevo-disco-the-marshall-mathers-lp-2\/#webpage\",\"url\":\"https:\/\/www.oidossucios.com\/site\/eminem-anuncia-nuevo-disco-the-marshall-mathers-lp-2\/\",\"name\":\"Eminem anuncia nuevo disco: \\\"The Marshall Mathers LP 2\\\" - OidosSucios.Com\",\"isPartOf\":{\"@id\":\"https:\/\/www.oidossucios.com\/site\/#website\"},\"datePublished\":\"2013-08-26T06:15:00+00:00\",\"dateModified\":\"2013-08-26T06:15:00+00:00\",\"author\":{\"@id\":\"https:\/\/www.oidossucios.com\/site\/#\/schema\/person\/24559eeb76bf83a63296fb072393a688\"},\"inLanguage\":\"es\",\"potentialAction\":[{\"@type\":\"ReadAction\",\"target\":[\"https:\/\/www.oidossucios.com\/site\/eminem-anuncia-nuevo-disco-the-marshall-mathers-lp-2\/\"]}]},{\"@type\":[\"Person\"],\"@id\":\"https:\/\/www.oidossucios.com\/site\/#\/schema\/person\/24559eeb76bf83a63296fb072393a688\",\"name\":\"Oidossucios\",\"image\":{\"@type\":\"ImageObject\",\"@id\":\"https:\/\/www.oidossucios.com\/site\/#personlogo\",\"inLanguage\":\"es\",\"url\":\"https:\/\/secure.gravatar.com\/avatar\/74fcb480f42f1a33e50a0b6e6369a3f907be2e43dc84fa5f76c66e9c22b4a5ab?s=96&d=mm&r=g\",\"caption\":\"Oidossucios\"},\"sameAs\":[\"https:\/\/twitter.com\/oidossucios\"]}]}<\/script>\n<!-- \/ Yoast SEO plugin. -->","jetpack_sharing_enabled":true,"_links":{"self":[{"href":"https:\/\/www.oidossucios.com\/site\/wp-json\/wp\/v2\/posts\/7759","targetHints":{"allow":["GET"]}}],"collection":[{"href":"https:\/\/www.oidossucios.com\/site\/wp-json\/wp\/v2\/posts"}],"about":[{"href":"https:\/\/www.oidossucios.com\/site\/wp-json\/wp\/v2\/types\/post"}],"author":[{"embeddable":true,"href":"https:\/\/www.oidossucios.com\/site\/wp-json\/wp\/v2\/users\/4"}],"replies":[{"embeddable":true,"href":"https:\/\/www.oidossucios.com\/site\/wp-json\/wp\/v2\/comments?post=7759"}],"version-history":[{"count":0,"href":"https:\/\/www.oidossucios.com\/site\/wp-json\/wp\/v2\/posts\/7759\/revisions"}],"wp:attachment":[{"href":"https:\/\/www.oidossucios.com\/site\/wp-json\/wp\/v2\/media?parent=7759"}],"wp:term":[{"taxonomy":"category","embeddable":true,"href":"https:\/\/www.oidossucios.com\/site\/wp-json\/wp\/v2\/categories?post=7759"},{"taxonomy":"post_tag","embeddable":true,"href":"https:\/\/www.oidossucios.com\/site\/wp-json\/wp\/v2\/tags?post=7759"}],"curies":[{"name":"wp","href":"https:\/\/api.w.org\/{rel}","templated":true}]}}