{"id":7765,"date":"2013-08-28T15:42:00","date_gmt":"2013-08-28T15:42:00","guid":{"rendered":"https:\/\/www.oidossucios.com\/site\/2013\/08\/28\/para-llevar-cierra-el-primer-ciclo-de-su-gira-hoy-somos-mas-este-viernes-en-punto-fijo\/"},"modified":"2013-08-28T15:42:00","modified_gmt":"2013-08-28T15:42:00","slug":"para-llevar-cierra-el-primer-ciclo-de-su-gira-hoy-somos-mas-este-viernes-en-punto-fijo","status":"publish","type":"post","link":"https:\/\/www.oidossucios.com\/site\/para-llevar-cierra-el-primer-ciclo-de-su-gira-hoy-somos-mas-este-viernes-en-punto-fijo\/","title":{"rendered":"Para Llevar cierra el primer ciclo de su gira &#8220;Hoy Somos M\u00e1s&#8221; este viernes en Punto Fijo"},"content":{"rendered":"<p>La agrupaci\u00f3n marabina de Indie Rock, Para Llevar culminar\u00e1 este viernes la primera parte de su gira nacional denominada &#8220;Hoy Somos M\u00e1s&#8221; en la ciudad de Punto Fijo, estado Falc\u00f3n.<\/p>\n<p>Para Llevar estar\u00e1 por partida doble en Punto Fijo este viernes 30 de agosto ofreciendo primero un show gratuito para todas las edades en PDVSA La Estancia en su sede de Paraguan\u00e1 a las 6:00pm y luego un show totalmente exclusivo y solo para mayores de edad en Binghi Bar Restaurant &amp; Caf\u00e9 a las 10pm. Este \u00faltimo tiene un cover de Bs.50.<\/p>\n<p>Este primer ciclo de la Gira Hoy Somos M\u00e1s 2013 abarc\u00f3 un total de 9 fechas donde Para Llevar se pase\u00f3 por 5 ciudades de Venezuela. Para la segunda y \u00faltima parte de esta gira que estar\u00e1 comprendida de Septiembre a Diciembre 2013, Para Llevar se dispone a visitar nuevos lugares enfoc\u00e1ndose en la regi\u00f3n centro y oriente del pa\u00eds. Con varias fechas confirmadas, los detalles de esta segunda parte ser\u00e1n brindados pronto.<\/p>\n<p>Para m\u00e1s informaci\u00f3n:<br \/>@Parallevar<br \/>@McboAlt<![endif]--><!--[if gte mso 10]> <\/style>\n\n <![endif]--><\/p>\n","protected":false},"excerpt":{"rendered":"<p>La agrupaci\u00f3n marabina de Indie Rock, Para Llevar culminar\u00e1 este viernes la primera parte de su gira nacional denominada &#8220;Hoy Somos M\u00e1s&#8221; en la ciudad de Punto Fijo, estado Falc\u00f3n. Para Llevar estar\u00e1 por partida doble en Punto Fijo este viernes 30 de agosto ofreciendo primero un show gratuito para todas las edades en PDVSA [&hellip;]<\/p>\n","protected":false},"author":4,"featured_media":100007765,"comment_status":"open","ping_status":"open","sticky":false,"template":"","format":"standard","meta":{"_jetpack_memberships_contains_paid_content":false,"footnotes":""},"categories":[142],"tags":[],"class_list":["post-7765","post","type-post","status-publish","format-standard","has-post-thumbnail","hentry","category-buzznews"],"jetpack_featured_media_url":"https:\/\/www.oidossucios.com\/site\/wp-content\/uploads\/2013\/08\/7765.jpg","yoast_head":"<!-- This site is optimized with the Yoast SEO plugin v14.0.4 - https:\/\/yoast.com\/wordpress\/plugins\/seo\/ -->\n<title>Para Llevar cierra el primer ciclo de su gira &quot;Hoy Somos M\u00e1s&quot; este viernes en Punto Fijo - OidosSucios.Com<\/title>\n<meta name=\"robots\" content=\"index, follow\" \/>\n<meta name=\"googlebot\" content=\"index, follow, max-snippet:-1, max-image-preview:large, max-video-preview:-1\" \/>\n<meta name=\"bingbot\" content=\"index, follow, max-snippet:-1, max-image-preview:large, max-video-preview:-1\" \/>\n<link rel=\"canonical\" href=\"https:\/\/www.oidossucios.com\/site\/para-llevar-cierra-el-primer-ciclo-de-su-gira-hoy-somos-mas-este-viernes-en-punto-fijo\/\" \/>\n<meta property=\"og:locale\" content=\"es_ES\" \/>\n<meta property=\"og:type\" content=\"article\" \/>\n<meta property=\"og:title\" content=\"Para Llevar cierra el primer ciclo de su gira &quot;Hoy Somos M\u00e1s&quot; este viernes en Punto Fijo - OidosSucios.Com\" \/>\n<meta property=\"og:description\" content=\"La agrupaci\u00f3n marabina de Indie Rock, Para Llevar culminar\u00e1 este viernes la primera parte de su gira nacional denominada &#8220;Hoy Somos M\u00e1s&#8221; en la ciudad de Punto Fijo, estado Falc\u00f3n. Para Llevar estar\u00e1 por partida doble en Punto Fijo este viernes 30 de agosto ofreciendo primero un show gratuito para todas las edades en PDVSA [&hellip;]\" \/>\n<meta property=\"og:url\" content=\"https:\/\/www.oidossucios.com\/site\/para-llevar-cierra-el-primer-ciclo-de-su-gira-hoy-somos-mas-este-viernes-en-punto-fijo\/\" \/>\n<meta property=\"og:site_name\" content=\"OidosSucios.Com\" \/>\n<meta property=\"article:published_time\" content=\"2013-08-28T15:42:00+00:00\" \/>\n<meta property=\"og:image\" content=\"https:\/\/www.oidossucios.com\/site\/wp-content\/uploads\/2013\/08\/7765.jpg\" \/>\n\t<meta property=\"og:image:width\" content=\"350\" \/>\n\t<meta property=\"og:image:height\" content=\"300\" \/>\n<meta name=\"twitter:card\" content=\"summary_large_image\" \/>\n<meta name=\"twitter:creator\" content=\"@oidossucios\" \/>\n<script type=\"application\/ld+json\" class=\"yoast-schema-graph\">{\"@context\":\"https:\/\/schema.org\",\"@graph\":[{\"@type\":\"WebSite\",\"@id\":\"https:\/\/www.oidossucios.com\/site\/#website\",\"url\":\"https:\/\/www.oidossucios.com\/site\/\",\"name\":\"OidosSucios.Com\",\"description\":\"M\\u00fasica, conciertos, discos\",\"potentialAction\":[{\"@type\":\"SearchAction\",\"target\":\"https:\/\/www.oidossucios.com\/site\/?s={search_term_string}\",\"query-input\":\"required name=search_term_string\"}],\"inLanguage\":\"es\"},{\"@type\":\"ImageObject\",\"@id\":\"https:\/\/www.oidossucios.com\/site\/para-llevar-cierra-el-primer-ciclo-de-su-gira-hoy-somos-mas-este-viernes-en-punto-fijo\/#primaryimage\",\"inLanguage\":\"es\",\"url\":\"https:\/\/www.oidossucios.com\/site\/wp-content\/uploads\/2013\/08\/7765.jpg\",\"width\":350,\"height\":300},{\"@type\":\"WebPage\",\"@id\":\"https:\/\/www.oidossucios.com\/site\/para-llevar-cierra-el-primer-ciclo-de-su-gira-hoy-somos-mas-este-viernes-en-punto-fijo\/#webpage\",\"url\":\"https:\/\/www.oidossucios.com\/site\/para-llevar-cierra-el-primer-ciclo-de-su-gira-hoy-somos-mas-este-viernes-en-punto-fijo\/\",\"name\":\"Para Llevar cierra el primer ciclo de su gira \\\"Hoy Somos M\\u00e1s\\\" este viernes en Punto Fijo - OidosSucios.Com\",\"isPartOf\":{\"@id\":\"https:\/\/www.oidossucios.com\/site\/#website\"},\"primaryImageOfPage\":{\"@id\":\"https:\/\/www.oidossucios.com\/site\/para-llevar-cierra-el-primer-ciclo-de-su-gira-hoy-somos-mas-este-viernes-en-punto-fijo\/#primaryimage\"},\"datePublished\":\"2013-08-28T15:42:00+00:00\",\"dateModified\":\"2013-08-28T15:42:00+00:00\",\"author\":{\"@id\":\"https:\/\/www.oidossucios.com\/site\/#\/schema\/person\/24559eeb76bf83a63296fb072393a688\"},\"inLanguage\":\"es\",\"potentialAction\":[{\"@type\":\"ReadAction\",\"target\":[\"https:\/\/www.oidossucios.com\/site\/para-llevar-cierra-el-primer-ciclo-de-su-gira-hoy-somos-mas-este-viernes-en-punto-fijo\/\"]}]},{\"@type\":[\"Person\"],\"@id\":\"https:\/\/www.oidossucios.com\/site\/#\/schema\/person\/24559eeb76bf83a63296fb072393a688\",\"name\":\"Oidossucios\",\"image\":{\"@type\":\"ImageObject\",\"@id\":\"https:\/\/www.oidossucios.com\/site\/#personlogo\",\"inLanguage\":\"es\",\"url\":\"https:\/\/secure.gravatar.com\/avatar\/74fcb480f42f1a33e50a0b6e6369a3f907be2e43dc84fa5f76c66e9c22b4a5ab?s=96&d=mm&r=g\",\"caption\":\"Oidossucios\"},\"sameAs\":[\"https:\/\/twitter.com\/oidossucios\"]}]}<\/script>\n<!-- \/ Yoast SEO plugin. -->","jetpack_sharing_enabled":true,"_links":{"self":[{"href":"https:\/\/www.oidossucios.com\/site\/wp-json\/wp\/v2\/posts\/7765","targetHints":{"allow":["GET"]}}],"collection":[{"href":"https:\/\/www.oidossucios.com\/site\/wp-json\/wp\/v2\/posts"}],"about":[{"href":"https:\/\/www.oidossucios.com\/site\/wp-json\/wp\/v2\/types\/post"}],"author":[{"embeddable":true,"href":"https:\/\/www.oidossucios.com\/site\/wp-json\/wp\/v2\/users\/4"}],"replies":[{"embeddable":true,"href":"https:\/\/www.oidossucios.com\/site\/wp-json\/wp\/v2\/comments?post=7765"}],"version-history":[{"count":0,"href":"https:\/\/www.oidossucios.com\/site\/wp-json\/wp\/v2\/posts\/7765\/revisions"}],"wp:featuredmedia":[{"embeddable":true,"href":"https:\/\/www.oidossucios.com\/site\/wp-json\/wp\/v2\/media\/100007765"}],"wp:attachment":[{"href":"https:\/\/www.oidossucios.com\/site\/wp-json\/wp\/v2\/media?parent=7765"}],"wp:term":[{"taxonomy":"category","embeddable":true,"href":"https:\/\/www.oidossucios.com\/site\/wp-json\/wp\/v2\/categories?post=7765"},{"taxonomy":"post_tag","embeddable":true,"href":"https:\/\/www.oidossucios.com\/site\/wp-json\/wp\/v2\/tags?post=7765"}],"curies":[{"name":"wp","href":"https:\/\/api.w.org\/{rel}","templated":true}]}}