{"id":7767,"date":"2013-08-28T15:53:00","date_gmt":"2013-08-28T15:53:00","guid":{"rendered":"https:\/\/www.oidossucios.com\/site\/2013\/08\/28\/cultura-tres-lidera-el-primer-rockolla-fest-en-valera\/"},"modified":"2013-08-28T15:53:00","modified_gmt":"2013-08-28T15:53:00","slug":"cultura-tres-lidera-el-primer-rockolla-fest-en-valera","status":"publish","type":"post","link":"https:\/\/www.oidossucios.com\/site\/cultura-tres-lidera-el-primer-rockolla-fest-en-valera\/","title":{"rendered":"Cultura Tres lidera el primer Rock\u00b4olla Fest en Valera"},"content":{"rendered":"<p>Rockolla Producciones y el colectivo Movida Valera organizan uno de los eventos m\u00e1s atractivos y ambiciosos del a\u00f1o en la ciudad de Valera, estado Trujillo. El viernes 13 de septiembre la ciudad de las 7 colinas ser\u00e1 sede del primer Rock\u00b4lla Fest; evento que contar\u00e1 con un distinguido n\u00famero de bandas trujillanas y nacionales siendo la agrupaci\u00f3n Cultura Tres quien dar\u00e1 cierre a la velada. La banda integrada por venezolanos radicados en Europa, y que visitan nuestro pa\u00eds, promocionar\u00e1n su tercer \u00e1lbum titulado <i>Rezando al Miedo<\/i>.<\/p>\n<p>El evento contar\u00e1 con la participaci\u00f3n de distinguidas bandas trujillanas. Entre ellas se encuentran Shila Barony, agrupaci\u00f3n de Betijoque que conjuga una fusi\u00f3n de Hard-Rock y Rock Alternativo. Tambi\u00e9n estar\u00e1n presentes El Urfal que impondr\u00e1 su Rock Alternativo que incluye elementos del Blues, el Jazz y la Psicodelia. El Metal estar\u00e1 representado por Masiva Energy, agrupaci\u00f3n de Escuque que suma una notable trayectoria en la regi\u00f3n y Morfina, banda de Death-Metal proveniente de Carvajal que bautizar\u00e1n ese d\u00eda su EP <i>Cr\u00f3nicas I: Mentes Desenfrenadas<\/i>.<\/p>\n<p>Otras propuestas musicales, provenientes de distintas regiones del pa\u00eds, se har\u00e1n notar en el festival. De Maracaibo asistir\u00e1n dos agrupaciones: Para Llevar, banda de Rock Indie y en representaci\u00f3n del Metal, la banda de hard-core Frente de Ira. Los caraque\u00f1os Bioshaft con su propuesta Grunge\/Hard Rock y Vallium, Grunge provenientes de Maracay, completan el Line Up del concierto.<\/p>\n<p>El lugar del evento ser\u00e1 el Club del Colegio de Periodistas, ubicado en la Av. 10 detr\u00e1s de la bomba Las Acacias, Valera estado Trujillo. Las puertas estar\u00e1n abiertas a partir de las 4:00 pm.&nbsp; La preventa de las entradas tiene un costo de 80BsF y pueden ser adquiridas en la Tienda Indiani; ubicada en el Centro Comercial Plaza, 2do piso, Mall 2; El Rinc\u00f3n del Rock en el C.C. Galer\u00edas Del Centro Local 2-15 con Calle 10 y AV. 11, e Inversiones Piano Piano, Residencias Nona Palma, &nbsp;Av. Bol\u00edvar, frente a la CANTV. El Festival &nbsp;contar\u00e1 con puestos de comida, bebidas y otras sorpresas.<\/p>\n<p>Twitter: @Rock_olla @MovidaValera<br \/>Facebook: Rock\u00b4olla<br \/>Facebook: Movida Valera<![endif]--><!--[if gte mso 10]> <\/style>\n\n <![endif]--><\/p>\n","protected":false},"excerpt":{"rendered":"<p>Rockolla Producciones y el colectivo Movida Valera organizan uno de los eventos m\u00e1s atractivos y ambiciosos del a\u00f1o en la ciudad de Valera, estado Trujillo. El viernes 13 de septiembre la ciudad de las 7 colinas ser\u00e1 sede del primer Rock\u00b4lla Fest; evento que contar\u00e1 con un distinguido n\u00famero de bandas trujillanas y nacionales siendo [&hellip;]<\/p>\n","protected":false},"author":4,"featured_media":100007767,"comment_status":"open","ping_status":"open","sticky":false,"template":"","format":"standard","meta":{"_jetpack_memberships_contains_paid_content":false,"footnotes":""},"categories":[142],"tags":[],"class_list":["post-7767","post","type-post","status-publish","format-standard","has-post-thumbnail","hentry","category-buzznews"],"jetpack_featured_media_url":"https:\/\/www.oidossucios.com\/site\/wp-content\/uploads\/2013\/08\/7767.jpg","yoast_head":"<!-- This site is optimized with the Yoast SEO plugin v14.0.4 - https:\/\/yoast.com\/wordpress\/plugins\/seo\/ -->\n<title>Cultura Tres lidera el primer Rock\u00b4olla Fest en Valera - OidosSucios.Com<\/title>\n<meta name=\"robots\" content=\"index, follow\" \/>\n<meta name=\"googlebot\" content=\"index, follow, max-snippet:-1, max-image-preview:large, max-video-preview:-1\" \/>\n<meta name=\"bingbot\" content=\"index, follow, max-snippet:-1, max-image-preview:large, max-video-preview:-1\" \/>\n<link rel=\"canonical\" href=\"https:\/\/www.oidossucios.com\/site\/cultura-tres-lidera-el-primer-rockolla-fest-en-valera\/\" \/>\n<meta property=\"og:locale\" content=\"es_ES\" \/>\n<meta property=\"og:type\" content=\"article\" \/>\n<meta property=\"og:title\" content=\"Cultura Tres lidera el primer Rock\u00b4olla Fest en Valera - OidosSucios.Com\" \/>\n<meta property=\"og:description\" content=\"Rockolla Producciones y el colectivo Movida Valera organizan uno de los eventos m\u00e1s atractivos y ambiciosos del a\u00f1o en la ciudad de Valera, estado Trujillo. El viernes 13 de septiembre la ciudad de las 7 colinas ser\u00e1 sede del primer Rock\u00b4lla Fest; evento que contar\u00e1 con un distinguido n\u00famero de bandas trujillanas y nacionales siendo [&hellip;]\" \/>\n<meta property=\"og:url\" content=\"https:\/\/www.oidossucios.com\/site\/cultura-tres-lidera-el-primer-rockolla-fest-en-valera\/\" \/>\n<meta property=\"og:site_name\" content=\"OidosSucios.Com\" \/>\n<meta property=\"article:published_time\" content=\"2013-08-28T15:53:00+00:00\" \/>\n<meta property=\"og:image\" content=\"https:\/\/www.oidossucios.com\/site\/wp-content\/uploads\/2013\/08\/7767.jpg\" \/>\n\t<meta property=\"og:image:width\" content=\"350\" \/>\n\t<meta property=\"og:image:height\" content=\"300\" \/>\n<meta name=\"twitter:card\" content=\"summary_large_image\" \/>\n<meta name=\"twitter:creator\" content=\"@oidossucios\" \/>\n<script type=\"application\/ld+json\" class=\"yoast-schema-graph\">{\"@context\":\"https:\/\/schema.org\",\"@graph\":[{\"@type\":\"WebSite\",\"@id\":\"https:\/\/www.oidossucios.com\/site\/#website\",\"url\":\"https:\/\/www.oidossucios.com\/site\/\",\"name\":\"OidosSucios.Com\",\"description\":\"M\\u00fasica, conciertos, discos\",\"potentialAction\":[{\"@type\":\"SearchAction\",\"target\":\"https:\/\/www.oidossucios.com\/site\/?s={search_term_string}\",\"query-input\":\"required name=search_term_string\"}],\"inLanguage\":\"es\"},{\"@type\":\"ImageObject\",\"@id\":\"https:\/\/www.oidossucios.com\/site\/cultura-tres-lidera-el-primer-rockolla-fest-en-valera\/#primaryimage\",\"inLanguage\":\"es\",\"url\":\"https:\/\/www.oidossucios.com\/site\/wp-content\/uploads\/2013\/08\/7767.jpg\",\"width\":350,\"height\":300},{\"@type\":\"WebPage\",\"@id\":\"https:\/\/www.oidossucios.com\/site\/cultura-tres-lidera-el-primer-rockolla-fest-en-valera\/#webpage\",\"url\":\"https:\/\/www.oidossucios.com\/site\/cultura-tres-lidera-el-primer-rockolla-fest-en-valera\/\",\"name\":\"Cultura Tres lidera el primer Rock\\u00b4olla Fest en Valera - OidosSucios.Com\",\"isPartOf\":{\"@id\":\"https:\/\/www.oidossucios.com\/site\/#website\"},\"primaryImageOfPage\":{\"@id\":\"https:\/\/www.oidossucios.com\/site\/cultura-tres-lidera-el-primer-rockolla-fest-en-valera\/#primaryimage\"},\"datePublished\":\"2013-08-28T15:53:00+00:00\",\"dateModified\":\"2013-08-28T15:53:00+00:00\",\"author\":{\"@id\":\"https:\/\/www.oidossucios.com\/site\/#\/schema\/person\/24559eeb76bf83a63296fb072393a688\"},\"inLanguage\":\"es\",\"potentialAction\":[{\"@type\":\"ReadAction\",\"target\":[\"https:\/\/www.oidossucios.com\/site\/cultura-tres-lidera-el-primer-rockolla-fest-en-valera\/\"]}]},{\"@type\":[\"Person\"],\"@id\":\"https:\/\/www.oidossucios.com\/site\/#\/schema\/person\/24559eeb76bf83a63296fb072393a688\",\"name\":\"Oidossucios\",\"image\":{\"@type\":\"ImageObject\",\"@id\":\"https:\/\/www.oidossucios.com\/site\/#personlogo\",\"inLanguage\":\"es\",\"url\":\"https:\/\/secure.gravatar.com\/avatar\/74fcb480f42f1a33e50a0b6e6369a3f907be2e43dc84fa5f76c66e9c22b4a5ab?s=96&d=mm&r=g\",\"caption\":\"Oidossucios\"},\"sameAs\":[\"https:\/\/twitter.com\/oidossucios\"]}]}<\/script>\n<!-- \/ Yoast SEO plugin. -->","jetpack_sharing_enabled":true,"_links":{"self":[{"href":"https:\/\/www.oidossucios.com\/site\/wp-json\/wp\/v2\/posts\/7767","targetHints":{"allow":["GET"]}}],"collection":[{"href":"https:\/\/www.oidossucios.com\/site\/wp-json\/wp\/v2\/posts"}],"about":[{"href":"https:\/\/www.oidossucios.com\/site\/wp-json\/wp\/v2\/types\/post"}],"author":[{"embeddable":true,"href":"https:\/\/www.oidossucios.com\/site\/wp-json\/wp\/v2\/users\/4"}],"replies":[{"embeddable":true,"href":"https:\/\/www.oidossucios.com\/site\/wp-json\/wp\/v2\/comments?post=7767"}],"version-history":[{"count":0,"href":"https:\/\/www.oidossucios.com\/site\/wp-json\/wp\/v2\/posts\/7767\/revisions"}],"wp:featuredmedia":[{"embeddable":true,"href":"https:\/\/www.oidossucios.com\/site\/wp-json\/wp\/v2\/media\/100007767"}],"wp:attachment":[{"href":"https:\/\/www.oidossucios.com\/site\/wp-json\/wp\/v2\/media?parent=7767"}],"wp:term":[{"taxonomy":"category","embeddable":true,"href":"https:\/\/www.oidossucios.com\/site\/wp-json\/wp\/v2\/categories?post=7767"},{"taxonomy":"post_tag","embeddable":true,"href":"https:\/\/www.oidossucios.com\/site\/wp-json\/wp\/v2\/tags?post=7767"}],"curies":[{"name":"wp","href":"https:\/\/api.w.org\/{rel}","templated":true}]}}