{"id":7769,"date":"2013-08-28T23:26:00","date_gmt":"2013-08-28T23:26:00","guid":{"rendered":"https:\/\/www.oidossucios.com\/site\/2013\/08\/28\/se-separa-viniloversus-la-banda-tomaria-un-receso\/"},"modified":"2013-08-28T23:26:00","modified_gmt":"2013-08-28T23:26:00","slug":"se-separa-viniloversus-la-banda-tomaria-un-receso","status":"publish","type":"post","link":"https:\/\/www.oidossucios.com\/site\/se-separa-viniloversus-la-banda-tomaria-un-receso\/","title":{"rendered":"\u00bfSe separa VINILOVERSUS?  La banda tomar\u00eda un receso"},"content":{"rendered":"<p>Por <\/p>\n<p>La banda caraque\u00f1a VINILOVERSUS paralizar\u00e1 de manera indefinida su carrera debido a los compromisos personales de sus integrantes, seg\u00fan ha sabido <b>OidosSucios.Com<\/b>.<\/p>\n<p><\/p>\n<p>El hecho vendr\u00eda dado debido a que Rodrigo Gonsalves, su vocalista, <b>se centrar\u00e1 a grabar un disco solista<\/b>(probablemente en ingl\u00e9s con su banda &#8220;The Venezuelans&#8221; \u0096en la cual tambi\u00e9n toca la bater\u00eda Orlando &#8220;Mangan&#8221; Mart\u00ednez-) y <b>Adri\u00e1n Salas realizar\u00e1 un postgrado en el extranjero<\/b>. La noticia estar\u00eda por hacerse oficial en los pr\u00f3ximos d\u00edas (despu\u00e9s del 29 de septiembre, cuando la banda d\u00e9 su \u00faltimo concierto), aunque dieron un adelanto en su Twitter en d\u00edas pasados.<\/p>\n<p><\/p>\n<blockquote class=\"twitter-tweet\">\n<p>En las pr\u00f3ximas semanas haremos un anuncio muy importante&#8230;<\/p>\n<p>\u0097 VINILOVERSUS (@VINILOVERSUS) <a href=\"https:\/\/twitter.com\/VINILOVERSUS\/statuses\/371058309736185857\">August 23, 2013<\/a><\/p><\/blockquote>\n<p>  <script charset=\"utf-8\" async=\"\" src=\"http:\/\/platform.twitter.com\/widgets.js\"> <\/script>  <\/p>\n<p><\/p>\n<p>OidosSucios.Com se comunic\u00f3 con Gonsalves, quien neg\u00f3 toda esta informaci\u00f3n. Sin embargo, allegados a los integrantes del grupo nos confirman toda la historia que hemos contado.<\/p>\n<p>La agrupaci\u00f3n se form\u00f3 en 2004 y ha editado 3 d\u00edscos hasta la fecha (El d\u00eda es hoy, Si no nos mata y Cambi\u00e9 de nombre). Fueron los ganadores del Festival Nuevas Bandas 2006.<\/p>\n","protected":false},"excerpt":{"rendered":"<p>La banda caraque\u00f1a realizar\u00eda una pausa indefinida mientras sus integrantes atienden sus compromisos personales.<\/p>\n","protected":false},"author":4,"featured_media":100007769,"comment_status":"open","ping_status":"open","sticky":false,"template":"","format":"standard","meta":{"_jetpack_memberships_contains_paid_content":false,"footnotes":""},"categories":[640],"tags":[],"class_list":["post-7769","post","type-post","status-publish","format-standard","has-post-thumbnail","hentry","category-rumores"],"jetpack_featured_media_url":"https:\/\/www.oidossucios.com\/site\/wp-content\/uploads\/2013\/08\/7769.jpg","yoast_head":"<!-- This site is optimized with the Yoast SEO plugin v14.0.4 - https:\/\/yoast.com\/wordpress\/plugins\/seo\/ -->\n<title>\u00bfSe separa VINILOVERSUS? La banda tomar\u00eda un receso - OidosSucios.Com<\/title>\n<meta name=\"description\" content=\"La banda caraque\u00f1a realizar\u00eda una pausa indefinida mientras sus integrantes atienden sus compromisos personales.\" \/>\n<meta name=\"robots\" content=\"index, follow\" \/>\n<meta name=\"googlebot\" content=\"index, follow, max-snippet:-1, max-image-preview:large, max-video-preview:-1\" \/>\n<meta name=\"bingbot\" content=\"index, follow, max-snippet:-1, max-image-preview:large, max-video-preview:-1\" \/>\n<link rel=\"canonical\" href=\"https:\/\/www.oidossucios.com\/site\/se-separa-viniloversus-la-banda-tomaria-un-receso\/\" \/>\n<meta property=\"og:locale\" content=\"es_ES\" \/>\n<meta property=\"og:type\" content=\"article\" \/>\n<meta property=\"og:title\" content=\"\u00bfSe separa VINILOVERSUS? La banda tomar\u00eda un receso - OidosSucios.Com\" \/>\n<meta property=\"og:description\" content=\"La banda caraque\u00f1a realizar\u00eda una pausa indefinida mientras sus integrantes atienden sus compromisos personales.\" \/>\n<meta property=\"og:url\" content=\"https:\/\/www.oidossucios.com\/site\/se-separa-viniloversus-la-banda-tomaria-un-receso\/\" \/>\n<meta property=\"og:site_name\" content=\"OidosSucios.Com\" \/>\n<meta property=\"article:published_time\" content=\"2013-08-28T23:26:00+00:00\" \/>\n<meta property=\"og:image\" content=\"https:\/\/www.oidossucios.com\/site\/wp-content\/uploads\/2013\/08\/7769.jpg\" \/>\n\t<meta property=\"og:image:width\" content=\"350\" \/>\n\t<meta property=\"og:image:height\" content=\"300\" \/>\n<meta name=\"twitter:card\" content=\"summary_large_image\" \/>\n<meta name=\"twitter:creator\" content=\"@oidossucios\" \/>\n<script type=\"application\/ld+json\" class=\"yoast-schema-graph\">{\"@context\":\"https:\/\/schema.org\",\"@graph\":[{\"@type\":\"WebSite\",\"@id\":\"https:\/\/www.oidossucios.com\/site\/#website\",\"url\":\"https:\/\/www.oidossucios.com\/site\/\",\"name\":\"OidosSucios.Com\",\"description\":\"M\\u00fasica, conciertos, discos\",\"potentialAction\":[{\"@type\":\"SearchAction\",\"target\":\"https:\/\/www.oidossucios.com\/site\/?s={search_term_string}\",\"query-input\":\"required name=search_term_string\"}],\"inLanguage\":\"es\"},{\"@type\":\"ImageObject\",\"@id\":\"https:\/\/www.oidossucios.com\/site\/se-separa-viniloversus-la-banda-tomaria-un-receso\/#primaryimage\",\"inLanguage\":\"es\",\"url\":\"https:\/\/www.oidossucios.com\/site\/wp-content\/uploads\/2013\/08\/7769.jpg\",\"width\":350,\"height\":300},{\"@type\":\"WebPage\",\"@id\":\"https:\/\/www.oidossucios.com\/site\/se-separa-viniloversus-la-banda-tomaria-un-receso\/#webpage\",\"url\":\"https:\/\/www.oidossucios.com\/site\/se-separa-viniloversus-la-banda-tomaria-un-receso\/\",\"name\":\"\\u00bfSe separa VINILOVERSUS? La banda tomar\\u00eda un receso - OidosSucios.Com\",\"isPartOf\":{\"@id\":\"https:\/\/www.oidossucios.com\/site\/#website\"},\"primaryImageOfPage\":{\"@id\":\"https:\/\/www.oidossucios.com\/site\/se-separa-viniloversus-la-banda-tomaria-un-receso\/#primaryimage\"},\"datePublished\":\"2013-08-28T23:26:00+00:00\",\"dateModified\":\"2013-08-28T23:26:00+00:00\",\"author\":{\"@id\":\"https:\/\/www.oidossucios.com\/site\/#\/schema\/person\/24559eeb76bf83a63296fb072393a688\"},\"description\":\"La banda caraque\\u00f1a realizar\\u00eda una pausa indefinida mientras sus integrantes atienden sus compromisos personales.\",\"inLanguage\":\"es\",\"potentialAction\":[{\"@type\":\"ReadAction\",\"target\":[\"https:\/\/www.oidossucios.com\/site\/se-separa-viniloversus-la-banda-tomaria-un-receso\/\"]}]},{\"@type\":[\"Person\"],\"@id\":\"https:\/\/www.oidossucios.com\/site\/#\/schema\/person\/24559eeb76bf83a63296fb072393a688\",\"name\":\"Oidossucios\",\"image\":{\"@type\":\"ImageObject\",\"@id\":\"https:\/\/www.oidossucios.com\/site\/#personlogo\",\"inLanguage\":\"es\",\"url\":\"https:\/\/secure.gravatar.com\/avatar\/74fcb480f42f1a33e50a0b6e6369a3f907be2e43dc84fa5f76c66e9c22b4a5ab?s=96&d=mm&r=g\",\"caption\":\"Oidossucios\"},\"sameAs\":[\"https:\/\/twitter.com\/oidossucios\"]}]}<\/script>\n<!-- \/ Yoast SEO plugin. -->","jetpack_sharing_enabled":true,"_links":{"self":[{"href":"https:\/\/www.oidossucios.com\/site\/wp-json\/wp\/v2\/posts\/7769","targetHints":{"allow":["GET"]}}],"collection":[{"href":"https:\/\/www.oidossucios.com\/site\/wp-json\/wp\/v2\/posts"}],"about":[{"href":"https:\/\/www.oidossucios.com\/site\/wp-json\/wp\/v2\/types\/post"}],"author":[{"embeddable":true,"href":"https:\/\/www.oidossucios.com\/site\/wp-json\/wp\/v2\/users\/4"}],"replies":[{"embeddable":true,"href":"https:\/\/www.oidossucios.com\/site\/wp-json\/wp\/v2\/comments?post=7769"}],"version-history":[{"count":0,"href":"https:\/\/www.oidossucios.com\/site\/wp-json\/wp\/v2\/posts\/7769\/revisions"}],"wp:featuredmedia":[{"embeddable":true,"href":"https:\/\/www.oidossucios.com\/site\/wp-json\/wp\/v2\/media\/100007769"}],"wp:attachment":[{"href":"https:\/\/www.oidossucios.com\/site\/wp-json\/wp\/v2\/media?parent=7769"}],"wp:term":[{"taxonomy":"category","embeddable":true,"href":"https:\/\/www.oidossucios.com\/site\/wp-json\/wp\/v2\/categories?post=7769"},{"taxonomy":"post_tag","embeddable":true,"href":"https:\/\/www.oidossucios.com\/site\/wp-json\/wp\/v2\/tags?post=7769"}],"curies":[{"name":"wp","href":"https:\/\/api.w.org\/{rel}","templated":true}]}}