{"id":7786,"date":"2013-09-03T05:35:00","date_gmt":"2013-09-03T05:35:00","guid":{"rendered":"https:\/\/www.oidossucios.com\/site\/2013\/09\/03\/serj-tankian-system-of-a-down-habla-del-conflicto-en-siria\/"},"modified":"2013-09-03T05:35:00","modified_gmt":"2013-09-03T05:35:00","slug":"serj-tankian-system-of-a-down-habla-del-conflicto-en-siria","status":"publish","type":"post","link":"https:\/\/www.oidossucios.com\/site\/serj-tankian-system-of-a-down-habla-del-conflicto-en-siria\/","title":{"rendered":"Serj Tankian (System Of A Down) habla del conflicto en Siria"},"content":{"rendered":"<p>Por <\/p>\n<p>Serj Tankian est\u00e1 mostr\u00f3 preocupaci\u00f3n por la decisi\u00f3n del Presidente de Estados Unidos, Barak Obama, de atacar Siria. Obama anunci\u00f3 que espera la autorizaci\u00f3n del Parlamento estadounidense para realizar una intervenci\u00f3n militar en el pa\u00eds de Medio Oriente como respuesta a un ataque con gas pimienta en Damasco que, el mes pasado, ocasion\u00f3 cerca de 1500 muertes.<\/p>\n<p>&#8220;Estoy realmente preocupado porque la evidencia de utilizaci\u00f3n de armas qu\u00edmicas por parte del r\u00e9gimen Sirio en realidad sea una excusa para una intervenci\u00f3n. \u00bfSe acuerdan de las evidencias contra Irak? \u00bfPor qu\u00e9 Assad usar\u00eda armas qu\u00edmicas cuando tiene el poder y por qu\u00e9 las utilizar\u00eda en su propio territorio? No le encuentro sentido. \u00bfSer\u00eda muy raro pensar que Al Qaeda o Al Nusra hacen esto para involucrar a occidente?<\/p>\n<p>&#8220;Esta vez dejen que la gente en todo el mundo pueda ver la evidencia y deje en la Asamblea General de Naciones Unidas tome la decisi\u00f3n de involucrarse, no una pocas naciones del Consejo de Seguridad.&#8221;<\/p>\n<p>&#8220;Adem\u00e1s de la utilizaci\u00f3n de armas qu\u00edmicas y otras atrocidades, la guerra civil en Siria cost\u00f3 100.000 vidas y el n\u00famero de desplazados en todav\u00eda mayor. Si realmente queremos ayudar, en vez de dirigir ataques a\u00e9reos, que no van a producir el cambio de poder en Siria, deber\u00edamos proponer que una fuerza de paz de Naciones Unidas termine con la guerra, que se lleve a cabo un alto el fuego inmediato y que as\u00ed puedan comenzar las negociaciones entre el gobierno y los rebeldes&#8221;.<\/p>\n<p>Fuente: www.fmrockandpop.com<![endif]--><!--[if gte mso 10]> <\/style>\n\n <![endif]--><\/p>\n","protected":false},"excerpt":{"rendered":"<p>Serj Tankian est\u00e1 mostr\u00f3 preocupaci\u00f3n por la decisi\u00f3n del Presidente de Estados Unidos, Barak Obama, de atacar Siria. <\/p>\n","protected":false},"author":4,"featured_media":100007786,"comment_status":"open","ping_status":"open","sticky":false,"template":"","format":"standard","meta":{"_jetpack_memberships_contains_paid_content":false,"footnotes":""},"categories":[685],"tags":[],"class_list":["post-7786","post","type-post","status-publish","format-standard","has-post-thumbnail","hentry","category-ultima"],"jetpack_featured_media_url":"https:\/\/www.oidossucios.com\/site\/wp-content\/uploads\/2013\/09\/7786.jpg","yoast_head":"<!-- This site is optimized with the Yoast SEO plugin v14.0.4 - https:\/\/yoast.com\/wordpress\/plugins\/seo\/ -->\n<title>Serj Tankian (System Of A Down) habla del conflicto en Siria - OidosSucios.Com<\/title>\n<meta name=\"description\" content=\"Serj Tankian est\u00e1 mostr\u00f3 preocupaci\u00f3n por la decisi\u00f3n del Presidente de Estados Unidos, Barak Obama, de atacar Siria.\" \/>\n<meta name=\"robots\" content=\"index, follow\" \/>\n<meta name=\"googlebot\" content=\"index, follow, max-snippet:-1, max-image-preview:large, max-video-preview:-1\" \/>\n<meta name=\"bingbot\" content=\"index, follow, max-snippet:-1, max-image-preview:large, max-video-preview:-1\" \/>\n<link rel=\"canonical\" href=\"https:\/\/www.oidossucios.com\/site\/serj-tankian-system-of-a-down-habla-del-conflicto-en-siria\/\" \/>\n<meta property=\"og:locale\" content=\"es_ES\" \/>\n<meta property=\"og:type\" content=\"article\" \/>\n<meta property=\"og:title\" content=\"Serj Tankian (System Of A Down) habla del conflicto en Siria - OidosSucios.Com\" \/>\n<meta property=\"og:description\" content=\"Serj Tankian est\u00e1 mostr\u00f3 preocupaci\u00f3n por la decisi\u00f3n del Presidente de Estados Unidos, Barak Obama, de atacar Siria.\" \/>\n<meta property=\"og:url\" content=\"https:\/\/www.oidossucios.com\/site\/serj-tankian-system-of-a-down-habla-del-conflicto-en-siria\/\" \/>\n<meta property=\"og:site_name\" content=\"OidosSucios.Com\" \/>\n<meta property=\"article:published_time\" content=\"2013-09-03T05:35:00+00:00\" \/>\n<meta property=\"og:image\" content=\"https:\/\/www.oidossucios.com\/site\/wp-content\/uploads\/2013\/09\/7786.jpg\" \/>\n\t<meta property=\"og:image:width\" content=\"350\" \/>\n\t<meta property=\"og:image:height\" content=\"300\" \/>\n<meta name=\"twitter:card\" content=\"summary_large_image\" \/>\n<meta name=\"twitter:creator\" content=\"@oidossucios\" \/>\n<script type=\"application\/ld+json\" class=\"yoast-schema-graph\">{\"@context\":\"https:\/\/schema.org\",\"@graph\":[{\"@type\":\"WebSite\",\"@id\":\"https:\/\/www.oidossucios.com\/site\/#website\",\"url\":\"https:\/\/www.oidossucios.com\/site\/\",\"name\":\"OidosSucios.Com\",\"description\":\"M\\u00fasica, conciertos, discos\",\"potentialAction\":[{\"@type\":\"SearchAction\",\"target\":\"https:\/\/www.oidossucios.com\/site\/?s={search_term_string}\",\"query-input\":\"required name=search_term_string\"}],\"inLanguage\":\"es\"},{\"@type\":\"ImageObject\",\"@id\":\"https:\/\/www.oidossucios.com\/site\/serj-tankian-system-of-a-down-habla-del-conflicto-en-siria\/#primaryimage\",\"inLanguage\":\"es\",\"url\":\"https:\/\/www.oidossucios.com\/site\/wp-content\/uploads\/2013\/09\/7786.jpg\",\"width\":350,\"height\":300},{\"@type\":\"WebPage\",\"@id\":\"https:\/\/www.oidossucios.com\/site\/serj-tankian-system-of-a-down-habla-del-conflicto-en-siria\/#webpage\",\"url\":\"https:\/\/www.oidossucios.com\/site\/serj-tankian-system-of-a-down-habla-del-conflicto-en-siria\/\",\"name\":\"Serj Tankian (System Of A Down) habla del conflicto en Siria - OidosSucios.Com\",\"isPartOf\":{\"@id\":\"https:\/\/www.oidossucios.com\/site\/#website\"},\"primaryImageOfPage\":{\"@id\":\"https:\/\/www.oidossucios.com\/site\/serj-tankian-system-of-a-down-habla-del-conflicto-en-siria\/#primaryimage\"},\"datePublished\":\"2013-09-03T05:35:00+00:00\",\"dateModified\":\"2013-09-03T05:35:00+00:00\",\"author\":{\"@id\":\"https:\/\/www.oidossucios.com\/site\/#\/schema\/person\/24559eeb76bf83a63296fb072393a688\"},\"description\":\"Serj Tankian est\\u00e1 mostr\\u00f3 preocupaci\\u00f3n por la decisi\\u00f3n del Presidente de Estados Unidos, Barak Obama, de atacar Siria.\",\"inLanguage\":\"es\",\"potentialAction\":[{\"@type\":\"ReadAction\",\"target\":[\"https:\/\/www.oidossucios.com\/site\/serj-tankian-system-of-a-down-habla-del-conflicto-en-siria\/\"]}]},{\"@type\":[\"Person\"],\"@id\":\"https:\/\/www.oidossucios.com\/site\/#\/schema\/person\/24559eeb76bf83a63296fb072393a688\",\"name\":\"Oidossucios\",\"image\":{\"@type\":\"ImageObject\",\"@id\":\"https:\/\/www.oidossucios.com\/site\/#personlogo\",\"inLanguage\":\"es\",\"url\":\"https:\/\/secure.gravatar.com\/avatar\/74fcb480f42f1a33e50a0b6e6369a3f907be2e43dc84fa5f76c66e9c22b4a5ab?s=96&d=mm&r=g\",\"caption\":\"Oidossucios\"},\"sameAs\":[\"https:\/\/twitter.com\/oidossucios\"]}]}<\/script>\n<!-- \/ Yoast SEO plugin. -->","jetpack_sharing_enabled":true,"_links":{"self":[{"href":"https:\/\/www.oidossucios.com\/site\/wp-json\/wp\/v2\/posts\/7786","targetHints":{"allow":["GET"]}}],"collection":[{"href":"https:\/\/www.oidossucios.com\/site\/wp-json\/wp\/v2\/posts"}],"about":[{"href":"https:\/\/www.oidossucios.com\/site\/wp-json\/wp\/v2\/types\/post"}],"author":[{"embeddable":true,"href":"https:\/\/www.oidossucios.com\/site\/wp-json\/wp\/v2\/users\/4"}],"replies":[{"embeddable":true,"href":"https:\/\/www.oidossucios.com\/site\/wp-json\/wp\/v2\/comments?post=7786"}],"version-history":[{"count":0,"href":"https:\/\/www.oidossucios.com\/site\/wp-json\/wp\/v2\/posts\/7786\/revisions"}],"wp:featuredmedia":[{"embeddable":true,"href":"https:\/\/www.oidossucios.com\/site\/wp-json\/wp\/v2\/media\/100007786"}],"wp:attachment":[{"href":"https:\/\/www.oidossucios.com\/site\/wp-json\/wp\/v2\/media?parent=7786"}],"wp:term":[{"taxonomy":"category","embeddable":true,"href":"https:\/\/www.oidossucios.com\/site\/wp-json\/wp\/v2\/categories?post=7786"},{"taxonomy":"post_tag","embeddable":true,"href":"https:\/\/www.oidossucios.com\/site\/wp-json\/wp\/v2\/tags?post=7786"}],"curies":[{"name":"wp","href":"https:\/\/api.w.org\/{rel}","templated":true}]}}