{"id":7791,"date":"2013-09-04T14:15:00","date_gmt":"2013-09-04T14:15:00","guid":{"rendered":"https:\/\/www.oidossucios.com\/site\/2013\/09\/04\/cazadores-de-sombras-iluminara-cines-y-librerias-del-pais\/"},"modified":"2013-09-04T14:15:00","modified_gmt":"2013-09-04T14:15:00","slug":"cazadores-de-sombras-iluminara-cines-y-librerias-del-pais","status":"publish","type":"post","link":"https:\/\/www.oidossucios.com\/site\/cazadores-de-sombras-iluminara-cines-y-librerias-del-pais\/","title":{"rendered":"&#8220;Cazadores de sombras&#8221; iluminar\u00e1 cines y librer\u00edas del pa\u00eds"},"content":{"rendered":"<p>Por <\/p>\n<p>Muchos demonios andan sueltos en Venezuela, pero no hay de qu\u00e9 preocuparse: los Cazadores de Sombras llegaron al pa\u00eds para protegernos y, al mismo tiempo, emocionarnos.<\/p>\n<p>Aunque los libros ya tienen buen tiempo en el pa\u00eds, el estreno de la adaptaci\u00f3n al cine de la afamada saga literaria de Cassandra Clare&nbsp;tendr\u00e1 lugar este pr\u00f3ximo 13 de septiembre, d\u00eda en el que los mundanos disfrutar\u00e1n de unas de las pel\u00edculas m\u00e1s esperadas del a\u00f1o. Sin embargo, los seres m\u00e1gicos podr\u00e1n apreciarla dos d\u00edas antes.<\/p>\n<p>\u00bfC\u00f3mo es eso posible? Gracias a una alianza entre Editorial Planeta Venezuela, Tecni-Ciencia Libros y Cines Unidos, la comunidad Nefilim criolla podr\u00e1 ver en la gran pantalla a Clary, Jace, Izzy, Alec, Simon y a Magnus el d\u00eda martes 10 de septiembre, en una funci\u00f3n exclusiva para fan\u00e1ticos.<\/p>\n<p>Lo \u00fanico que tienen que hacer es comprar en cualquier Tecni-Ciencia Libros de Caracas la nueva edici\u00f3n del libro <i>Cazadores de sombras: Ciudad de hueso<\/i>, cuya portada muestra a los actores protagonistas del filme. Dentro de sus p\u00e1ginas encontrar\u00e1n una entrada v\u00e1lida para dos personas con las coordenadas secretas que le indicar\u00e1n fecha, hora y lugar de la gran premier, adem\u00e1s de los premios que se podr\u00e1n ganar ese d\u00eda.<\/p>\n<p>Adem\u00e1s de eso, a trav\u00e9s de la cuenta de Twitter @Planeta_Vzla se estar\u00e1n pases cortes\u00eda de Cines Unidos para los fan\u00e1ticos que ya se leyeron todos los libros.<i><\/p>\n<p>Cazadores de sombras<\/i> (<i>The Mortal Instruments<\/i>, en ingl\u00e9s), es una serie de libros compuesta por cinco t\u00edtulos publicados y uno anunciado para el primer trimestre de 2014. En las librer\u00edas de todo el pa\u00eds se pueden conseguir las primeras cuatro entregas (en reposici\u00f3n, pues se agotaron r\u00e1pidamente), mientras que el quinto, <i>Cazadores de sombras: Ciudad de las almas perdidas<\/i>, es la novedad de este mes de septiembre de Editorial Planeta Venezuela.<\/p>\n<p>En 2007, el libro debut, hom\u00f3nimo a la pel\u00edcula que est\u00e1 por estrenarse, se ubic\u00f3 entre los primeros lugares en lista de superventas del New York Times.<\/p>\n<p>Su autora, la joven Judith Rumelt, era una reconocida usuaria de fanfiction que escrib\u00eda historias fant\u00e1sticas (basadas en personajes de Harry Potter o El se\u00f1or de los anillos)&nbsp; con el seud\u00f3nimo de&nbsp; Cassandra Clare antes de que le llegara la fama mundial como escritora de bestsellers y decidiera adoptar definitivamente el nombre de su alterego digital.<\/p>\n<p>La trama de <i>Cazadores de Sombras<\/i> se desarrolla en Nueva York, donde una quincea\u00f1era, aparentemente mundana (sin poderes) de nombre Clary Fray (interpretada en el cine por Lily Collins, la Blancanieves de <i>Mirror Mirror<\/i>) descubre gracias a Jace Wayland (Jamie Campbell Bower, <i>Crep\u00fasculo, Sweeney Tood, Camelot<\/i>) que es parte de una orden milenaria llamada Cazadores de sombras que se encarga de limpiar el mundo de demonios y dem\u00e1s seres malignos.<\/p>\n<p>En su aventura, Clary conocer\u00e1 a Simon (Robert Sheehan), su mejor amigo; Izzy Lightwood (Jemina West), a quien no le cae muy bien; Alec Lightwood (Kevin Zegers), hermano de Izzy y pareja de Magnus Bane (Godfrey Gao), el gran brujo de Brooklyn de 800 a\u00f1os de edad.<\/p>\n<p>De ah\u00ed en adelante, su vida cambiar\u00e1 para siempre. Ha sido escogida.<![endif]--><!--[if gte mso 10]> <\/style>\n\n <![endif]--><\/p>\n","protected":false},"excerpt":{"rendered":"<p>La primera pel\u00edcula de la afamada saga literaria se estrenar\u00e1 este 13 de septiembre.<\/p>\n","protected":false},"author":4,"featured_media":100007791,"comment_status":"open","ping_status":"open","sticky":false,"template":"","format":"standard","meta":{"_jetpack_memberships_contains_paid_content":false,"footnotes":""},"categories":[672],"tags":[],"class_list":["post-7791","post","type-post","status-publish","format-standard","has-post-thumbnail","hentry","category-tv"],"jetpack_featured_media_url":"https:\/\/www.oidossucios.com\/site\/wp-content\/uploads\/2013\/09\/7791.jpg","yoast_head":"<!-- This site is optimized with the Yoast SEO plugin v14.0.4 - https:\/\/yoast.com\/wordpress\/plugins\/seo\/ -->\n<title>&quot;Cazadores de sombras&quot; iluminar\u00e1 cines y librer\u00edas del pa\u00eds - OidosSucios.Com<\/title>\n<meta name=\"description\" content=\"La primera pel\u00edcula de la afamada saga literaria se estrenar\u00e1 este 13 de septiembre.\" \/>\n<meta name=\"robots\" content=\"index, follow\" \/>\n<meta name=\"googlebot\" content=\"index, follow, max-snippet:-1, max-image-preview:large, max-video-preview:-1\" \/>\n<meta name=\"bingbot\" content=\"index, follow, max-snippet:-1, max-image-preview:large, max-video-preview:-1\" \/>\n<link rel=\"canonical\" href=\"https:\/\/www.oidossucios.com\/site\/cazadores-de-sombras-iluminara-cines-y-librerias-del-pais\/\" \/>\n<meta property=\"og:locale\" content=\"es_ES\" \/>\n<meta property=\"og:type\" content=\"article\" \/>\n<meta property=\"og:title\" content=\"&quot;Cazadores de sombras&quot; iluminar\u00e1 cines y librer\u00edas del pa\u00eds - OidosSucios.Com\" \/>\n<meta property=\"og:description\" content=\"La primera pel\u00edcula de la afamada saga literaria se estrenar\u00e1 este 13 de septiembre.\" \/>\n<meta property=\"og:url\" content=\"https:\/\/www.oidossucios.com\/site\/cazadores-de-sombras-iluminara-cines-y-librerias-del-pais\/\" \/>\n<meta property=\"og:site_name\" content=\"OidosSucios.Com\" \/>\n<meta property=\"article:published_time\" content=\"2013-09-04T14:15:00+00:00\" \/>\n<meta property=\"og:image\" content=\"https:\/\/www.oidossucios.com\/site\/wp-content\/uploads\/2013\/09\/7791.jpg\" \/>\n\t<meta property=\"og:image:width\" content=\"350\" \/>\n\t<meta property=\"og:image:height\" content=\"300\" \/>\n<meta name=\"twitter:card\" content=\"summary_large_image\" \/>\n<meta name=\"twitter:creator\" content=\"@oidossucios\" \/>\n<script type=\"application\/ld+json\" class=\"yoast-schema-graph\">{\"@context\":\"https:\/\/schema.org\",\"@graph\":[{\"@type\":\"WebSite\",\"@id\":\"https:\/\/www.oidossucios.com\/site\/#website\",\"url\":\"https:\/\/www.oidossucios.com\/site\/\",\"name\":\"OidosSucios.Com\",\"description\":\"M\\u00fasica, conciertos, discos\",\"potentialAction\":[{\"@type\":\"SearchAction\",\"target\":\"https:\/\/www.oidossucios.com\/site\/?s={search_term_string}\",\"query-input\":\"required name=search_term_string\"}],\"inLanguage\":\"es\"},{\"@type\":\"ImageObject\",\"@id\":\"https:\/\/www.oidossucios.com\/site\/cazadores-de-sombras-iluminara-cines-y-librerias-del-pais\/#primaryimage\",\"inLanguage\":\"es\",\"url\":\"https:\/\/www.oidossucios.com\/site\/wp-content\/uploads\/2013\/09\/7791.jpg\",\"width\":350,\"height\":300},{\"@type\":\"WebPage\",\"@id\":\"https:\/\/www.oidossucios.com\/site\/cazadores-de-sombras-iluminara-cines-y-librerias-del-pais\/#webpage\",\"url\":\"https:\/\/www.oidossucios.com\/site\/cazadores-de-sombras-iluminara-cines-y-librerias-del-pais\/\",\"name\":\"\\\"Cazadores de sombras\\\" iluminar\\u00e1 cines y librer\\u00edas del pa\\u00eds - OidosSucios.Com\",\"isPartOf\":{\"@id\":\"https:\/\/www.oidossucios.com\/site\/#website\"},\"primaryImageOfPage\":{\"@id\":\"https:\/\/www.oidossucios.com\/site\/cazadores-de-sombras-iluminara-cines-y-librerias-del-pais\/#primaryimage\"},\"datePublished\":\"2013-09-04T14:15:00+00:00\",\"dateModified\":\"2013-09-04T14:15:00+00:00\",\"author\":{\"@id\":\"https:\/\/www.oidossucios.com\/site\/#\/schema\/person\/24559eeb76bf83a63296fb072393a688\"},\"description\":\"La primera pel\\u00edcula de la afamada saga literaria se estrenar\\u00e1 este 13 de septiembre.\",\"inLanguage\":\"es\",\"potentialAction\":[{\"@type\":\"ReadAction\",\"target\":[\"https:\/\/www.oidossucios.com\/site\/cazadores-de-sombras-iluminara-cines-y-librerias-del-pais\/\"]}]},{\"@type\":[\"Person\"],\"@id\":\"https:\/\/www.oidossucios.com\/site\/#\/schema\/person\/24559eeb76bf83a63296fb072393a688\",\"name\":\"Oidossucios\",\"image\":{\"@type\":\"ImageObject\",\"@id\":\"https:\/\/www.oidossucios.com\/site\/#personlogo\",\"inLanguage\":\"es\",\"url\":\"https:\/\/secure.gravatar.com\/avatar\/74fcb480f42f1a33e50a0b6e6369a3f907be2e43dc84fa5f76c66e9c22b4a5ab?s=96&d=mm&r=g\",\"caption\":\"Oidossucios\"},\"sameAs\":[\"https:\/\/twitter.com\/oidossucios\"]}]}<\/script>\n<!-- \/ Yoast SEO plugin. -->","jetpack_sharing_enabled":true,"_links":{"self":[{"href":"https:\/\/www.oidossucios.com\/site\/wp-json\/wp\/v2\/posts\/7791","targetHints":{"allow":["GET"]}}],"collection":[{"href":"https:\/\/www.oidossucios.com\/site\/wp-json\/wp\/v2\/posts"}],"about":[{"href":"https:\/\/www.oidossucios.com\/site\/wp-json\/wp\/v2\/types\/post"}],"author":[{"embeddable":true,"href":"https:\/\/www.oidossucios.com\/site\/wp-json\/wp\/v2\/users\/4"}],"replies":[{"embeddable":true,"href":"https:\/\/www.oidossucios.com\/site\/wp-json\/wp\/v2\/comments?post=7791"}],"version-history":[{"count":0,"href":"https:\/\/www.oidossucios.com\/site\/wp-json\/wp\/v2\/posts\/7791\/revisions"}],"wp:featuredmedia":[{"embeddable":true,"href":"https:\/\/www.oidossucios.com\/site\/wp-json\/wp\/v2\/media\/100007791"}],"wp:attachment":[{"href":"https:\/\/www.oidossucios.com\/site\/wp-json\/wp\/v2\/media?parent=7791"}],"wp:term":[{"taxonomy":"category","embeddable":true,"href":"https:\/\/www.oidossucios.com\/site\/wp-json\/wp\/v2\/categories?post=7791"},{"taxonomy":"post_tag","embeddable":true,"href":"https:\/\/www.oidossucios.com\/site\/wp-json\/wp\/v2\/tags?post=7791"}],"curies":[{"name":"wp","href":"https:\/\/api.w.org\/{rel}","templated":true}]}}