{"id":7795,"date":"2013-09-04T15:05:00","date_gmt":"2013-09-04T15:05:00","guid":{"rendered":"https:\/\/www.oidossucios.com\/site\/2013\/09\/04\/para-llevar-arranca-la-segunda-parte-de-su-gira-en-valencia-y-revela-el-titulo-de-su-nuevo-album\/"},"modified":"2013-09-04T15:05:00","modified_gmt":"2013-09-04T15:05:00","slug":"para-llevar-arranca-la-segunda-parte-de-su-gira-en-valencia-y-revela-el-titulo-de-su-nuevo-album","status":"publish","type":"post","link":"https:\/\/www.oidossucios.com\/site\/para-llevar-arranca-la-segunda-parte-de-su-gira-en-valencia-y-revela-el-titulo-de-su-nuevo-album\/","title":{"rendered":"Para Llevar arranca la segunda parte de su gira en Valencia y revela el t\u00edtulo de su nuevo \u00e1lbum"},"content":{"rendered":"<p>Los marabinos Para Llevar finalmente han revelado el t\u00edtulo de su nueva producci\u00f3n discogr\u00e1fica e indican adem\u00e1s, todos los detalles de la segunda parte de su gira &#8220;Hoy Somos M\u00e1s&#8221; 2013 la cual dar\u00e1 inicio este 7 de septiembre en Valencia.<i><\/p>\n<p>Lo que nos toc\u00f3 vivir<\/i>, es el nombre que llevar\u00e1 el nuevo \u00e1lbum de Para Llevar el cual se convierte de forma oficial en el sucesor de <i>Solo esc\u00fachame<\/i>lanzado en 2009. Esta nueva producci\u00f3n constar\u00e1 de 10 temas y su lanzamiento est\u00e1 pautado para el \u00faltimo trimestre de este 2013.<\/p>\n<p>Por otro lado, la Gira &#8220;Hoy Somos M\u00e1s&#8221; 2013 de Para Llevar arranca con su segunda parte este s\u00e1bado 07 de septiembre a las 10pm en el Teatro Bar de la ciudad de Valencia. En este show, la banda estar\u00e1 compartiendo escenario con la agrupaci\u00f3n de Stoner Rock, Fighting Buffalo. El cover para este show ser\u00e1 solo de Bs.40.<\/p>\n<p>Para m\u00e1s informaci\u00f3n:<\/p>\n<p>@Parallevar<br \/>@McboAlt<![endif]--><!--[if gte mso 10]> <\/style>\n\n <![endif]--><\/p>\n","protected":false},"excerpt":{"rendered":"<p>Los marabinos Para Llevar finalmente han revelado el t\u00edtulo de su nueva producci\u00f3n discogr\u00e1fica e indican adem\u00e1s, todos los detalles de la segunda parte de su gira &#8220;Hoy Somos M\u00e1s&#8221; 2013 la cual dar\u00e1 inicio este 7 de septiembre en Valencia. Lo que nos toc\u00f3 vivir, es el nombre que llevar\u00e1 el nuevo \u00e1lbum de [&hellip;]<\/p>\n","protected":false},"author":4,"featured_media":100007795,"comment_status":"open","ping_status":"open","sticky":false,"template":"","format":"standard","meta":{"_jetpack_memberships_contains_paid_content":false,"footnotes":""},"categories":[142],"tags":[],"class_list":["post-7795","post","type-post","status-publish","format-standard","has-post-thumbnail","hentry","category-buzznews"],"jetpack_featured_media_url":"https:\/\/www.oidossucios.com\/site\/wp-content\/uploads\/2013\/09\/7795.jpg","yoast_head":"<!-- This site is optimized with the Yoast SEO plugin v14.0.4 - https:\/\/yoast.com\/wordpress\/plugins\/seo\/ -->\n<title>Para Llevar arranca la segunda parte de su gira en Valencia y revela el t\u00edtulo de su nuevo \u00e1lbum - OidosSucios.Com<\/title>\n<meta name=\"robots\" content=\"index, follow\" \/>\n<meta name=\"googlebot\" content=\"index, follow, max-snippet:-1, max-image-preview:large, max-video-preview:-1\" \/>\n<meta name=\"bingbot\" content=\"index, follow, max-snippet:-1, max-image-preview:large, max-video-preview:-1\" \/>\n<link rel=\"canonical\" href=\"https:\/\/www.oidossucios.com\/site\/para-llevar-arranca-la-segunda-parte-de-su-gira-en-valencia-y-revela-el-titulo-de-su-nuevo-album\/\" \/>\n<meta property=\"og:locale\" content=\"es_ES\" \/>\n<meta property=\"og:type\" content=\"article\" \/>\n<meta property=\"og:title\" content=\"Para Llevar arranca la segunda parte de su gira en Valencia y revela el t\u00edtulo de su nuevo \u00e1lbum - OidosSucios.Com\" \/>\n<meta property=\"og:description\" content=\"Los marabinos Para Llevar finalmente han revelado el t\u00edtulo de su nueva producci\u00f3n discogr\u00e1fica e indican adem\u00e1s, todos los detalles de la segunda parte de su gira &#8220;Hoy Somos M\u00e1s&#8221; 2013 la cual dar\u00e1 inicio este 7 de septiembre en Valencia. Lo que nos toc\u00f3 vivir, es el nombre que llevar\u00e1 el nuevo \u00e1lbum de [&hellip;]\" \/>\n<meta property=\"og:url\" content=\"https:\/\/www.oidossucios.com\/site\/para-llevar-arranca-la-segunda-parte-de-su-gira-en-valencia-y-revela-el-titulo-de-su-nuevo-album\/\" \/>\n<meta property=\"og:site_name\" content=\"OidosSucios.Com\" \/>\n<meta property=\"article:published_time\" content=\"2013-09-04T15:05:00+00:00\" \/>\n<meta property=\"og:image\" content=\"https:\/\/www.oidossucios.com\/site\/wp-content\/uploads\/2013\/09\/7795.jpg\" \/>\n\t<meta property=\"og:image:width\" content=\"350\" \/>\n\t<meta property=\"og:image:height\" content=\"300\" \/>\n<meta name=\"twitter:card\" content=\"summary_large_image\" \/>\n<meta name=\"twitter:creator\" content=\"@oidossucios\" \/>\n<script type=\"application\/ld+json\" class=\"yoast-schema-graph\">{\"@context\":\"https:\/\/schema.org\",\"@graph\":[{\"@type\":\"WebSite\",\"@id\":\"https:\/\/www.oidossucios.com\/site\/#website\",\"url\":\"https:\/\/www.oidossucios.com\/site\/\",\"name\":\"OidosSucios.Com\",\"description\":\"M\\u00fasica, conciertos, discos\",\"potentialAction\":[{\"@type\":\"SearchAction\",\"target\":\"https:\/\/www.oidossucios.com\/site\/?s={search_term_string}\",\"query-input\":\"required name=search_term_string\"}],\"inLanguage\":\"es\"},{\"@type\":\"ImageObject\",\"@id\":\"https:\/\/www.oidossucios.com\/site\/para-llevar-arranca-la-segunda-parte-de-su-gira-en-valencia-y-revela-el-titulo-de-su-nuevo-album\/#primaryimage\",\"inLanguage\":\"es\",\"url\":\"https:\/\/www.oidossucios.com\/site\/wp-content\/uploads\/2013\/09\/7795.jpg\",\"width\":350,\"height\":300},{\"@type\":\"WebPage\",\"@id\":\"https:\/\/www.oidossucios.com\/site\/para-llevar-arranca-la-segunda-parte-de-su-gira-en-valencia-y-revela-el-titulo-de-su-nuevo-album\/#webpage\",\"url\":\"https:\/\/www.oidossucios.com\/site\/para-llevar-arranca-la-segunda-parte-de-su-gira-en-valencia-y-revela-el-titulo-de-su-nuevo-album\/\",\"name\":\"Para Llevar arranca la segunda parte de su gira en Valencia y revela el t\\u00edtulo de su nuevo \\u00e1lbum - OidosSucios.Com\",\"isPartOf\":{\"@id\":\"https:\/\/www.oidossucios.com\/site\/#website\"},\"primaryImageOfPage\":{\"@id\":\"https:\/\/www.oidossucios.com\/site\/para-llevar-arranca-la-segunda-parte-de-su-gira-en-valencia-y-revela-el-titulo-de-su-nuevo-album\/#primaryimage\"},\"datePublished\":\"2013-09-04T15:05:00+00:00\",\"dateModified\":\"2013-09-04T15:05:00+00:00\",\"author\":{\"@id\":\"https:\/\/www.oidossucios.com\/site\/#\/schema\/person\/24559eeb76bf83a63296fb072393a688\"},\"inLanguage\":\"es\",\"potentialAction\":[{\"@type\":\"ReadAction\",\"target\":[\"https:\/\/www.oidossucios.com\/site\/para-llevar-arranca-la-segunda-parte-de-su-gira-en-valencia-y-revela-el-titulo-de-su-nuevo-album\/\"]}]},{\"@type\":[\"Person\"],\"@id\":\"https:\/\/www.oidossucios.com\/site\/#\/schema\/person\/24559eeb76bf83a63296fb072393a688\",\"name\":\"Oidossucios\",\"image\":{\"@type\":\"ImageObject\",\"@id\":\"https:\/\/www.oidossucios.com\/site\/#personlogo\",\"inLanguage\":\"es\",\"url\":\"https:\/\/secure.gravatar.com\/avatar\/74fcb480f42f1a33e50a0b6e6369a3f907be2e43dc84fa5f76c66e9c22b4a5ab?s=96&d=mm&r=g\",\"caption\":\"Oidossucios\"},\"sameAs\":[\"https:\/\/twitter.com\/oidossucios\"]}]}<\/script>\n<!-- \/ Yoast SEO plugin. -->","jetpack_sharing_enabled":true,"_links":{"self":[{"href":"https:\/\/www.oidossucios.com\/site\/wp-json\/wp\/v2\/posts\/7795","targetHints":{"allow":["GET"]}}],"collection":[{"href":"https:\/\/www.oidossucios.com\/site\/wp-json\/wp\/v2\/posts"}],"about":[{"href":"https:\/\/www.oidossucios.com\/site\/wp-json\/wp\/v2\/types\/post"}],"author":[{"embeddable":true,"href":"https:\/\/www.oidossucios.com\/site\/wp-json\/wp\/v2\/users\/4"}],"replies":[{"embeddable":true,"href":"https:\/\/www.oidossucios.com\/site\/wp-json\/wp\/v2\/comments?post=7795"}],"version-history":[{"count":0,"href":"https:\/\/www.oidossucios.com\/site\/wp-json\/wp\/v2\/posts\/7795\/revisions"}],"wp:featuredmedia":[{"embeddable":true,"href":"https:\/\/www.oidossucios.com\/site\/wp-json\/wp\/v2\/media\/100007795"}],"wp:attachment":[{"href":"https:\/\/www.oidossucios.com\/site\/wp-json\/wp\/v2\/media?parent=7795"}],"wp:term":[{"taxonomy":"category","embeddable":true,"href":"https:\/\/www.oidossucios.com\/site\/wp-json\/wp\/v2\/categories?post=7795"},{"taxonomy":"post_tag","embeddable":true,"href":"https:\/\/www.oidossucios.com\/site\/wp-json\/wp\/v2\/tags?post=7795"}],"curies":[{"name":"wp","href":"https:\/\/api.w.org\/{rel}","templated":true}]}}