{"id":7796,"date":"2013-09-04T15:08:00","date_gmt":"2013-09-04T15:08:00","guid":{"rendered":"https:\/\/www.oidossucios.com\/site\/2013\/09\/04\/wannamaker-se-presentara-este-viernes-en-la-2da-edicion-de-la-expo-lado-b\/"},"modified":"2013-09-04T15:08:00","modified_gmt":"2013-09-04T15:08:00","slug":"wannamaker-se-presentara-este-viernes-en-la-2da-edicion-de-la-expo-lado-b","status":"publish","type":"post","link":"https:\/\/www.oidossucios.com\/site\/wannamaker-se-presentara-este-viernes-en-la-2da-edicion-de-la-expo-lado-b\/","title":{"rendered":"Wannamaker se presentar\u00e1 este viernes en la 2da edici\u00f3n de la Expo Lado B"},"content":{"rendered":"<p><![endif]--> <\/p>\n<p>Wannamaker se presentar\u00e1 este viernes 6 de septiembre en la 2da edici\u00f3n de la Expo Lado B, exposici\u00f3n que reconoce y destaca el talento de j\u00f3venes y profesionales interesados en el \u00e1mbito de la publicidad.<\/p>\n<p>La exposici\u00f3n tendr\u00e1 lugar en el Centro Cultural Chacao a partir del lunes 2 de septiembre hasta el s\u00e1bado 8. La presentaci\u00f3n de la banda est\u00e1 pautada para el final de la tarde de este viernes 6, en la cual aprovechar\u00e1n para mostrar al p\u00fablico algunos de los temas que componen su reciente \u00e1lbum debut digital denominado: <i>Ojos del mundo (la pelea es arriba)<\/i> estrenado el pasado 17 de septiembre.<\/p>\n<p>La entrada es gratuita y el llamado es para disfrutar de la exposici\u00f3n y de la buena m\u00fasica, ya que este a\u00f1o se ha invitado a participar a interesantes agrupaciones venezolanas que pondr\u00e1n cada una de ellas su propio sello personal al ambiente del lugar.<\/p>\n<p>M\u00e1s info:<a href=\"http:\/\/www.wannamaker.com.ve\/\"><\/p>\n<p>www.wannamaker.com.ve<\/a><\/p>\n<p><a href=\"https:\/\/twitter.com\/Bandawannamaker\">@Bandawannamaker<\/a><\/p>\n<p><!--[if gte mso 10]> <\/style>\n\n <![endif]--><\/p>\n","protected":false},"excerpt":{"rendered":"<p>Wannamaker se presentar\u00e1 este viernes 6 de septiembre en la 2da edici\u00f3n de la Expo Lado B, exposici\u00f3n que reconoce y destaca el talento de j\u00f3venes y profesionales interesados en el \u00e1mbito de la publicidad. La exposici\u00f3n tendr\u00e1 lugar en el Centro Cultural Chacao a partir del lunes 2 de septiembre hasta el s\u00e1bado 8. [&hellip;]<\/p>\n","protected":false},"author":4,"featured_media":100007796,"comment_status":"open","ping_status":"open","sticky":false,"template":"","format":"standard","meta":{"_jetpack_memberships_contains_paid_content":false,"footnotes":""},"categories":[142],"tags":[],"class_list":["post-7796","post","type-post","status-publish","format-standard","has-post-thumbnail","hentry","category-buzznews"],"jetpack_featured_media_url":"https:\/\/www.oidossucios.com\/site\/wp-content\/uploads\/2013\/09\/7796.jpg","yoast_head":"<!-- This site is optimized with the Yoast SEO plugin v14.0.4 - https:\/\/yoast.com\/wordpress\/plugins\/seo\/ -->\n<title>Wannamaker se presentar\u00e1 este viernes en la 2da edici\u00f3n de la Expo Lado B - OidosSucios.Com<\/title>\n<meta name=\"robots\" content=\"index, follow\" \/>\n<meta name=\"googlebot\" content=\"index, follow, max-snippet:-1, max-image-preview:large, max-video-preview:-1\" \/>\n<meta name=\"bingbot\" content=\"index, follow, max-snippet:-1, max-image-preview:large, max-video-preview:-1\" \/>\n<link rel=\"canonical\" href=\"https:\/\/www.oidossucios.com\/site\/wannamaker-se-presentara-este-viernes-en-la-2da-edicion-de-la-expo-lado-b\/\" \/>\n<meta property=\"og:locale\" content=\"es_ES\" \/>\n<meta property=\"og:type\" content=\"article\" \/>\n<meta property=\"og:title\" content=\"Wannamaker se presentar\u00e1 este viernes en la 2da edici\u00f3n de la Expo Lado B - OidosSucios.Com\" \/>\n<meta property=\"og:description\" content=\"Wannamaker se presentar\u00e1 este viernes 6 de septiembre en la 2da edici\u00f3n de la Expo Lado B, exposici\u00f3n que reconoce y destaca el talento de j\u00f3venes y profesionales interesados en el \u00e1mbito de la publicidad. La exposici\u00f3n tendr\u00e1 lugar en el Centro Cultural Chacao a partir del lunes 2 de septiembre hasta el s\u00e1bado 8. [&hellip;]\" \/>\n<meta property=\"og:url\" content=\"https:\/\/www.oidossucios.com\/site\/wannamaker-se-presentara-este-viernes-en-la-2da-edicion-de-la-expo-lado-b\/\" \/>\n<meta property=\"og:site_name\" content=\"OidosSucios.Com\" \/>\n<meta property=\"article:published_time\" content=\"2013-09-04T15:08:00+00:00\" \/>\n<meta property=\"og:image\" content=\"https:\/\/www.oidossucios.com\/site\/wp-content\/uploads\/2013\/09\/7796.jpg\" \/>\n\t<meta property=\"og:image:width\" content=\"350\" \/>\n\t<meta property=\"og:image:height\" content=\"300\" \/>\n<meta name=\"twitter:card\" content=\"summary_large_image\" \/>\n<meta name=\"twitter:creator\" content=\"@oidossucios\" \/>\n<script type=\"application\/ld+json\" class=\"yoast-schema-graph\">{\"@context\":\"https:\/\/schema.org\",\"@graph\":[{\"@type\":\"WebSite\",\"@id\":\"https:\/\/www.oidossucios.com\/site\/#website\",\"url\":\"https:\/\/www.oidossucios.com\/site\/\",\"name\":\"OidosSucios.Com\",\"description\":\"M\\u00fasica, conciertos, discos\",\"potentialAction\":[{\"@type\":\"SearchAction\",\"target\":\"https:\/\/www.oidossucios.com\/site\/?s={search_term_string}\",\"query-input\":\"required name=search_term_string\"}],\"inLanguage\":\"es\"},{\"@type\":\"ImageObject\",\"@id\":\"https:\/\/www.oidossucios.com\/site\/wannamaker-se-presentara-este-viernes-en-la-2da-edicion-de-la-expo-lado-b\/#primaryimage\",\"inLanguage\":\"es\",\"url\":\"https:\/\/www.oidossucios.com\/site\/wp-content\/uploads\/2013\/09\/7796.jpg\",\"width\":350,\"height\":300},{\"@type\":\"WebPage\",\"@id\":\"https:\/\/www.oidossucios.com\/site\/wannamaker-se-presentara-este-viernes-en-la-2da-edicion-de-la-expo-lado-b\/#webpage\",\"url\":\"https:\/\/www.oidossucios.com\/site\/wannamaker-se-presentara-este-viernes-en-la-2da-edicion-de-la-expo-lado-b\/\",\"name\":\"Wannamaker se presentar\\u00e1 este viernes en la 2da edici\\u00f3n de la Expo Lado B - OidosSucios.Com\",\"isPartOf\":{\"@id\":\"https:\/\/www.oidossucios.com\/site\/#website\"},\"primaryImageOfPage\":{\"@id\":\"https:\/\/www.oidossucios.com\/site\/wannamaker-se-presentara-este-viernes-en-la-2da-edicion-de-la-expo-lado-b\/#primaryimage\"},\"datePublished\":\"2013-09-04T15:08:00+00:00\",\"dateModified\":\"2013-09-04T15:08:00+00:00\",\"author\":{\"@id\":\"https:\/\/www.oidossucios.com\/site\/#\/schema\/person\/24559eeb76bf83a63296fb072393a688\"},\"inLanguage\":\"es\",\"potentialAction\":[{\"@type\":\"ReadAction\",\"target\":[\"https:\/\/www.oidossucios.com\/site\/wannamaker-se-presentara-este-viernes-en-la-2da-edicion-de-la-expo-lado-b\/\"]}]},{\"@type\":[\"Person\"],\"@id\":\"https:\/\/www.oidossucios.com\/site\/#\/schema\/person\/24559eeb76bf83a63296fb072393a688\",\"name\":\"Oidossucios\",\"image\":{\"@type\":\"ImageObject\",\"@id\":\"https:\/\/www.oidossucios.com\/site\/#personlogo\",\"inLanguage\":\"es\",\"url\":\"https:\/\/secure.gravatar.com\/avatar\/74fcb480f42f1a33e50a0b6e6369a3f907be2e43dc84fa5f76c66e9c22b4a5ab?s=96&d=mm&r=g\",\"caption\":\"Oidossucios\"},\"sameAs\":[\"https:\/\/twitter.com\/oidossucios\"]}]}<\/script>\n<!-- \/ Yoast SEO plugin. -->","jetpack_sharing_enabled":true,"_links":{"self":[{"href":"https:\/\/www.oidossucios.com\/site\/wp-json\/wp\/v2\/posts\/7796","targetHints":{"allow":["GET"]}}],"collection":[{"href":"https:\/\/www.oidossucios.com\/site\/wp-json\/wp\/v2\/posts"}],"about":[{"href":"https:\/\/www.oidossucios.com\/site\/wp-json\/wp\/v2\/types\/post"}],"author":[{"embeddable":true,"href":"https:\/\/www.oidossucios.com\/site\/wp-json\/wp\/v2\/users\/4"}],"replies":[{"embeddable":true,"href":"https:\/\/www.oidossucios.com\/site\/wp-json\/wp\/v2\/comments?post=7796"}],"version-history":[{"count":0,"href":"https:\/\/www.oidossucios.com\/site\/wp-json\/wp\/v2\/posts\/7796\/revisions"}],"wp:featuredmedia":[{"embeddable":true,"href":"https:\/\/www.oidossucios.com\/site\/wp-json\/wp\/v2\/media\/100007796"}],"wp:attachment":[{"href":"https:\/\/www.oidossucios.com\/site\/wp-json\/wp\/v2\/media?parent=7796"}],"wp:term":[{"taxonomy":"category","embeddable":true,"href":"https:\/\/www.oidossucios.com\/site\/wp-json\/wp\/v2\/categories?post=7796"},{"taxonomy":"post_tag","embeddable":true,"href":"https:\/\/www.oidossucios.com\/site\/wp-json\/wp\/v2\/tags?post=7796"}],"curies":[{"name":"wp","href":"https:\/\/api.w.org\/{rel}","templated":true}]}}