{"id":7800,"date":"2013-09-05T14:57:00","date_gmt":"2013-09-05T14:57:00","guid":{"rendered":"https:\/\/www.oidossucios.com\/site\/2013\/09\/05\/motorhead-revela-mas-detalles-de-aftershock-su-nuevo-disco\/"},"modified":"2013-09-05T14:57:00","modified_gmt":"2013-09-05T14:57:00","slug":"motorhead-revela-mas-detalles-de-aftershock-su-nuevo-disco","status":"publish","type":"post","link":"https:\/\/www.oidossucios.com\/site\/motorhead-revela-mas-detalles-de-aftershock-su-nuevo-disco\/","title":{"rendered":"Mot\u00f6rhead  revela m\u00e1s detalles de &#8220;Aftershock&#8221;, su nuevo disco"},"content":{"rendered":"<p>Al parecer, los constantes problemas de salud del gran Lemmy Kilmister no van a afectar a Mot\u00f6rhead, o al menos no el lanzaiento de su nuevo \u00e1lbum.<\/p>\n<p>A trav\u00e9s de <a href=\"http:\/\/www.imotorhead.com\/\">su p\u00e1gina web<\/a>, la banda ha publicado la portada y el listado de temas del que ser\u00e1 su vig\u00e9simo primer disco, <i>Aftershock<\/i>.<\/p>\n<p>Puedes el tracklist a continuaci\u00f3n y la portada, en nuestra galer\u00eda.<i><\/p>\n<p>Aftershock<\/i><\/p>\n<p>1. Heartbreaker<br \/>2. Coup de grace<br \/>3. Lost woman blues<br \/>4. End of time<br \/>5. Do tou believe<br \/>6. Death machine<br \/>7. Dust and glass<br \/>8. Going to Mexico<br \/>9. Silence when you speak to me<br \/>10. Crying shame<br \/>11. Queen of the damned<br \/>12. Knife<br \/>13. Keep your powder dry<br \/>14. Paralyzed<\/p>\n<p>El lanzamiento de <i>Aftershock<\/i>ser\u00e1 el pr\u00f3ximo 21 de octubre. <![endif]--><!--[if gte mso 10]> <\/style>\n\n <![endif]--><!--nextpage--><img decoding=\"async\" class=\"aligncenter size-medium wp-image-111117127\" src=\"https:\/\/www.oidossucios.com\/site\/wp-content\/uploads\/2020\/02\/7127.jpg\" alt=\"Mot\u00f6rhead  revela m\u00e1s detalles de \"Aftershock\", su nuevo disco \"  \/><a href='https:\/\/www.oidossucios.com\/site\/motorhead-revela-mas-detalles-de-aftershock-su-nuevo-disco\/2\/'\n                        onclick='if (tpsInstance) { tpsInstance.setNext(); return false; }'\n                        rel='next'\n                        style=''\n                        class=''>Ver galer\u00eda<\/a>]]><\/p>\n","protected":false},"excerpt":{"rendered":"<p>A trav\u00e9s de su p\u00e1gina web, la  banda revel\u00f3 la portada y el tracklist del que ser\u00e1 su vig\u00e9simo primer disco. <\/p>\n","protected":false},"author":4,"featured_media":100007800,"comment_status":"open","ping_status":"open","sticky":false,"template":"","format":"standard","meta":{"_jetpack_memberships_contains_paid_content":false,"footnotes":""},"categories":[250],"tags":[],"class_list":["post-7800","post","type-post","status-publish","format-standard","has-post-thumbnail","hentry","category-noticias"],"jetpack_featured_media_url":"https:\/\/www.oidossucios.com\/site\/wp-content\/uploads\/2013\/09\/7800.jpg","yoast_head":"<!-- This site is optimized with the Yoast SEO plugin v14.0.4 - https:\/\/yoast.com\/wordpress\/plugins\/seo\/ -->\n<title>Mot\u00f6rhead revela m\u00e1s detalles de &quot;Aftershock&quot;, su nuevo disco - OidosSucios.Com<\/title>\n<meta name=\"description\" content=\"A trav\u00e9s de su p\u00e1gina web, la banda revel\u00f3 la portada y el tracklist del que ser\u00e1 su vig\u00e9simo primer disco.\" \/>\n<meta name=\"robots\" content=\"index, follow\" \/>\n<meta name=\"googlebot\" content=\"index, follow, max-snippet:-1, max-image-preview:large, max-video-preview:-1\" \/>\n<meta name=\"bingbot\" content=\"index, follow, max-snippet:-1, max-image-preview:large, max-video-preview:-1\" \/>\n<link rel=\"canonical\" href=\"https:\/\/www.oidossucios.com\/site\/motorhead-revela-mas-detalles-de-aftershock-su-nuevo-disco\/\" \/>\n<link rel=\"next\" href=\"https:\/\/www.oidossucios.com\/site\/motorhead-revela-mas-detalles-de-aftershock-su-nuevo-disco\/2\/\" \/>\n<meta property=\"og:locale\" content=\"es_ES\" \/>\n<meta property=\"og:type\" content=\"article\" \/>\n<meta property=\"og:title\" content=\"Mot\u00f6rhead revela m\u00e1s detalles de &quot;Aftershock&quot;, su nuevo disco - OidosSucios.Com\" \/>\n<meta property=\"og:description\" content=\"A trav\u00e9s de su p\u00e1gina web, la banda revel\u00f3 la portada y el tracklist del que ser\u00e1 su vig\u00e9simo primer disco.\" \/>\n<meta property=\"og:url\" content=\"https:\/\/www.oidossucios.com\/site\/motorhead-revela-mas-detalles-de-aftershock-su-nuevo-disco\/\" \/>\n<meta property=\"og:site_name\" content=\"OidosSucios.Com\" \/>\n<meta property=\"article:published_time\" content=\"2013-09-05T14:57:00+00:00\" \/>\n<meta property=\"og:image\" content=\"https:\/\/www.oidossucios.com\/site\/wp-content\/uploads\/2013\/09\/7800.jpg\" \/>\n\t<meta property=\"og:image:width\" content=\"350\" \/>\n\t<meta property=\"og:image:height\" content=\"300\" \/>\n<meta name=\"twitter:card\" content=\"summary_large_image\" \/>\n<meta name=\"twitter:creator\" content=\"@oidossucios\" \/>\n<script type=\"application\/ld+json\" class=\"yoast-schema-graph\">{\"@context\":\"https:\/\/schema.org\",\"@graph\":[{\"@type\":\"WebSite\",\"@id\":\"https:\/\/www.oidossucios.com\/site\/#website\",\"url\":\"https:\/\/www.oidossucios.com\/site\/\",\"name\":\"OidosSucios.Com\",\"description\":\"M\\u00fasica, conciertos, discos\",\"potentialAction\":[{\"@type\":\"SearchAction\",\"target\":\"https:\/\/www.oidossucios.com\/site\/?s={search_term_string}\",\"query-input\":\"required name=search_term_string\"}],\"inLanguage\":\"es\"},{\"@type\":\"ImageObject\",\"@id\":\"https:\/\/www.oidossucios.com\/site\/motorhead-revela-mas-detalles-de-aftershock-su-nuevo-disco\/#primaryimage\",\"inLanguage\":\"es\",\"url\":\"https:\/\/www.oidossucios.com\/site\/wp-content\/uploads\/2013\/09\/7800.jpg\",\"width\":350,\"height\":300},{\"@type\":\"WebPage\",\"@id\":\"https:\/\/www.oidossucios.com\/site\/motorhead-revela-mas-detalles-de-aftershock-su-nuevo-disco\/#webpage\",\"url\":\"https:\/\/www.oidossucios.com\/site\/motorhead-revela-mas-detalles-de-aftershock-su-nuevo-disco\/\",\"name\":\"Mot\\u00f6rhead revela m\\u00e1s detalles de \\\"Aftershock\\\", su nuevo disco - OidosSucios.Com\",\"isPartOf\":{\"@id\":\"https:\/\/www.oidossucios.com\/site\/#website\"},\"primaryImageOfPage\":{\"@id\":\"https:\/\/www.oidossucios.com\/site\/motorhead-revela-mas-detalles-de-aftershock-su-nuevo-disco\/#primaryimage\"},\"datePublished\":\"2013-09-05T14:57:00+00:00\",\"dateModified\":\"2013-09-05T14:57:00+00:00\",\"author\":{\"@id\":\"https:\/\/www.oidossucios.com\/site\/#\/schema\/person\/24559eeb76bf83a63296fb072393a688\"},\"description\":\"A trav\\u00e9s de su p\\u00e1gina web, la banda revel\\u00f3 la portada y el tracklist del que ser\\u00e1 su vig\\u00e9simo primer disco.\",\"inLanguage\":\"es\",\"potentialAction\":[{\"@type\":\"ReadAction\",\"target\":[\"https:\/\/www.oidossucios.com\/site\/motorhead-revela-mas-detalles-de-aftershock-su-nuevo-disco\/\"]}]},{\"@type\":[\"Person\"],\"@id\":\"https:\/\/www.oidossucios.com\/site\/#\/schema\/person\/24559eeb76bf83a63296fb072393a688\",\"name\":\"Oidossucios\",\"image\":{\"@type\":\"ImageObject\",\"@id\":\"https:\/\/www.oidossucios.com\/site\/#personlogo\",\"inLanguage\":\"es\",\"url\":\"https:\/\/secure.gravatar.com\/avatar\/74fcb480f42f1a33e50a0b6e6369a3f907be2e43dc84fa5f76c66e9c22b4a5ab?s=96&d=mm&r=g\",\"caption\":\"Oidossucios\"},\"sameAs\":[\"https:\/\/twitter.com\/oidossucios\"]}]}<\/script>\n<!-- \/ Yoast SEO plugin. -->","jetpack_sharing_enabled":true,"_links":{"self":[{"href":"https:\/\/www.oidossucios.com\/site\/wp-json\/wp\/v2\/posts\/7800","targetHints":{"allow":["GET"]}}],"collection":[{"href":"https:\/\/www.oidossucios.com\/site\/wp-json\/wp\/v2\/posts"}],"about":[{"href":"https:\/\/www.oidossucios.com\/site\/wp-json\/wp\/v2\/types\/post"}],"author":[{"embeddable":true,"href":"https:\/\/www.oidossucios.com\/site\/wp-json\/wp\/v2\/users\/4"}],"replies":[{"embeddable":true,"href":"https:\/\/www.oidossucios.com\/site\/wp-json\/wp\/v2\/comments?post=7800"}],"version-history":[{"count":0,"href":"https:\/\/www.oidossucios.com\/site\/wp-json\/wp\/v2\/posts\/7800\/revisions"}],"wp:featuredmedia":[{"embeddable":true,"href":"https:\/\/www.oidossucios.com\/site\/wp-json\/wp\/v2\/media\/100007800"}],"wp:attachment":[{"href":"https:\/\/www.oidossucios.com\/site\/wp-json\/wp\/v2\/media?parent=7800"}],"wp:term":[{"taxonomy":"category","embeddable":true,"href":"https:\/\/www.oidossucios.com\/site\/wp-json\/wp\/v2\/categories?post=7800"},{"taxonomy":"post_tag","embeddable":true,"href":"https:\/\/www.oidossucios.com\/site\/wp-json\/wp\/v2\/tags?post=7800"}],"curies":[{"name":"wp","href":"https:\/\/api.w.org\/{rel}","templated":true}]}}