{"id":781,"date":"2003-04-21T03:02:00","date_gmt":"2003-04-21T03:02:00","guid":{"rendered":"https:\/\/www.oidossucios.com\/site\/2003\/04\/21\/rock-in-rio-se-muda-a-portugal-en-el-2004\/"},"modified":"2003-04-21T03:02:00","modified_gmt":"2003-04-21T03:02:00","slug":"rock-in-rio-se-muda-a-portugal-en-el-2004","status":"publish","type":"post","link":"https:\/\/www.oidossucios.com\/site\/rock-in-rio-se-muda-a-portugal-en-el-2004\/","title":{"rendered":"Rock in Rio se muda a Portugal en el 2004"},"content":{"rendered":"<p>La cuarta edici\u00f3n del festival brasilero Rock in Rio, que deber\u00eda llevarse a cabo este a\u00f1o en Rio de Janeiro, fue aplazada para el pr\u00f3ximo a\u00f1o y cambiada de lugar: esta vez, se realizar\u00e1 en Lisboa entre el 29 de mayo y 6 de junio, en v\u00edsperas de la Eurocopa de f\u00fatbol que tendr\u00e1 como sede a Portugal.<\/p>\n<p>La ins\u00f3lita decisi\u00f3n fue anunciada por el organizador del evento, Roberto Medina, quien justific\u00f3 el cambio de sede en el &#8216;elevado precio del d\u00f3lar que no permite que podamos contratar artistas extranjeros&#8217;. Adem\u00e1s, llevando el evento a Europa, cumple con &#8216;su sue\u00f1o&#8217; de internacionalizar el evento.<\/p>\n<p>El festival Rock in Rio, que deb\u00eda haberse llevado a cabo en enero de este a\u00f1o, fue aplazado a finales del 2003 por la incertidumbre pol\u00edtica que reinaba en Brasil y la depreciaci\u00f3n de la moneda local. A principios de a\u00f1o se corri\u00f3 la noticia que pod\u00eda llevarse a cabo en el mes de septiembre, lo que aliment\u00f3 las esperanzas de que Venezuela pudiese aprovechar el &#8216;coletazo&#8217; de artistas internacionales presentes en el evento, tal como sucedi\u00f3 en el 2001 y que dio origen a la primera edici\u00f3n del Caracas Pop Festival, donde estuvieron presentes Sting, Oasis y Cristina Aguilera luego de haber participado en el evento brasilero.<\/p>\n","protected":false},"excerpt":{"rendered":"<p>La cuarta edici\u00f3n del festival brasilero se realizar\u00e1 en Lisboa el a\u00f1o entrante, anulando as\u00ed las escasas posibilidades que hab\u00eda de realizarlo a finales de este a\u00f1o y que Venezuela pudiese aprovechar a los artistas que all\u00ed se presentasen.<\/p>\n","protected":false},"author":4,"featured_media":10000777,"comment_status":"open","ping_status":"open","sticky":false,"template":"","format":"standard","meta":{"_jetpack_memberships_contains_paid_content":false,"footnotes":""},"categories":[250],"tags":[279],"class_list":["post-781","post","type-post","status-publish","format-standard","has-post-thumbnail","hentry","category-noticias","tag-rock-rio"],"jetpack_featured_media_url":"https:\/\/www.oidossucios.com\/site\/wp-content\/uploads\/2003\/04\/777.jpg","yoast_head":"<!-- This site is optimized with the Yoast SEO plugin v14.0.4 - https:\/\/yoast.com\/wordpress\/plugins\/seo\/ -->\n<title>Rock in Rio se muda a Portugal en el 2004 - OidosSucios.Com<\/title>\n<meta name=\"description\" content=\"La banda brit\u00e1nica sufri\u00f3 un duro golpe el pasado fin de semana: su disco, Hail to the thief, que iba a salir el pr\u00f3ximo 9 de junio, ya se puede descargar completo de internet.\" \/>\n<meta name=\"robots\" content=\"index, follow\" \/>\n<meta name=\"googlebot\" content=\"index, follow, max-snippet:-1, max-image-preview:large, max-video-preview:-1\" \/>\n<meta name=\"bingbot\" content=\"index, follow, max-snippet:-1, max-image-preview:large, max-video-preview:-1\" \/>\n<link rel=\"canonical\" href=\"https:\/\/www.oidossucios.com\/site\/rock-in-rio-se-muda-a-portugal-en-el-2004\/\" \/>\n<meta property=\"og:locale\" content=\"es_ES\" \/>\n<meta property=\"og:type\" content=\"article\" \/>\n<meta property=\"og:title\" content=\"Rock in Rio se muda a Portugal en el 2004 - OidosSucios.Com\" \/>\n<meta property=\"og:description\" content=\"La banda brit\u00e1nica sufri\u00f3 un duro golpe el pasado fin de semana: su disco, Hail to the thief, que iba a salir el pr\u00f3ximo 9 de junio, ya se puede descargar completo de internet.\" \/>\n<meta property=\"og:url\" content=\"https:\/\/www.oidossucios.com\/site\/rock-in-rio-se-muda-a-portugal-en-el-2004\/\" \/>\n<meta property=\"og:site_name\" content=\"OidosSucios.Com\" \/>\n<meta property=\"article:published_time\" content=\"2003-04-21T03:02:00+00:00\" \/>\n<meta property=\"og:image\" content=\"https:\/\/www.oidossucios.com\/site\/wp-content\/uploads\/2003\/04\/777.jpg\" \/>\n\t<meta property=\"og:image:width\" content=\"290\" \/>\n\t<meta property=\"og:image:height\" content=\"100\" \/>\n<meta name=\"twitter:card\" content=\"summary_large_image\" \/>\n<meta name=\"twitter:creator\" content=\"@oidossucios\" \/>\n<script type=\"application\/ld+json\" class=\"yoast-schema-graph\">{\"@context\":\"https:\/\/schema.org\",\"@graph\":[{\"@type\":\"WebSite\",\"@id\":\"https:\/\/www.oidossucios.com\/site\/#website\",\"url\":\"https:\/\/www.oidossucios.com\/site\/\",\"name\":\"OidosSucios.Com\",\"description\":\"M\\u00fasica, conciertos, discos\",\"potentialAction\":[{\"@type\":\"SearchAction\",\"target\":\"https:\/\/www.oidossucios.com\/site\/?s={search_term_string}\",\"query-input\":\"required name=search_term_string\"}],\"inLanguage\":\"es\"},{\"@type\":\"ImageObject\",\"@id\":\"https:\/\/www.oidossucios.com\/site\/rock-in-rio-se-muda-a-portugal-en-el-2004\/#primaryimage\",\"inLanguage\":\"es\",\"url\":\"https:\/\/www.oidossucios.com\/site\/wp-content\/uploads\/2003\/04\/777.jpg\",\"width\":290,\"height\":100},{\"@type\":\"WebPage\",\"@id\":\"https:\/\/www.oidossucios.com\/site\/rock-in-rio-se-muda-a-portugal-en-el-2004\/#webpage\",\"url\":\"https:\/\/www.oidossucios.com\/site\/rock-in-rio-se-muda-a-portugal-en-el-2004\/\",\"name\":\"Rock in Rio se muda a Portugal en el 2004 - OidosSucios.Com\",\"isPartOf\":{\"@id\":\"https:\/\/www.oidossucios.com\/site\/#website\"},\"primaryImageOfPage\":{\"@id\":\"https:\/\/www.oidossucios.com\/site\/rock-in-rio-se-muda-a-portugal-en-el-2004\/#primaryimage\"},\"datePublished\":\"2003-04-21T03:02:00+00:00\",\"dateModified\":\"2003-04-21T03:02:00+00:00\",\"author\":{\"@id\":\"https:\/\/www.oidossucios.com\/site\/#\/schema\/person\/24559eeb76bf83a63296fb072393a688\"},\"description\":\"La banda brit\\u00e1nica sufri\\u00f3 un duro golpe el pasado fin de semana: su disco, Hail to the thief, que iba a salir el pr\\u00f3ximo 9 de junio, ya se puede descargar completo de internet.\",\"inLanguage\":\"es\",\"potentialAction\":[{\"@type\":\"ReadAction\",\"target\":[\"https:\/\/www.oidossucios.com\/site\/rock-in-rio-se-muda-a-portugal-en-el-2004\/\"]}]},{\"@type\":[\"Person\"],\"@id\":\"https:\/\/www.oidossucios.com\/site\/#\/schema\/person\/24559eeb76bf83a63296fb072393a688\",\"name\":\"Oidossucios\",\"image\":{\"@type\":\"ImageObject\",\"@id\":\"https:\/\/www.oidossucios.com\/site\/#personlogo\",\"inLanguage\":\"es\",\"url\":\"https:\/\/secure.gravatar.com\/avatar\/74fcb480f42f1a33e50a0b6e6369a3f907be2e43dc84fa5f76c66e9c22b4a5ab?s=96&d=mm&r=g\",\"caption\":\"Oidossucios\"},\"sameAs\":[\"https:\/\/twitter.com\/oidossucios\"]}]}<\/script>\n<!-- \/ Yoast SEO plugin. -->","jetpack_sharing_enabled":true,"_links":{"self":[{"href":"https:\/\/www.oidossucios.com\/site\/wp-json\/wp\/v2\/posts\/781","targetHints":{"allow":["GET"]}}],"collection":[{"href":"https:\/\/www.oidossucios.com\/site\/wp-json\/wp\/v2\/posts"}],"about":[{"href":"https:\/\/www.oidossucios.com\/site\/wp-json\/wp\/v2\/types\/post"}],"author":[{"embeddable":true,"href":"https:\/\/www.oidossucios.com\/site\/wp-json\/wp\/v2\/users\/4"}],"replies":[{"embeddable":true,"href":"https:\/\/www.oidossucios.com\/site\/wp-json\/wp\/v2\/comments?post=781"}],"version-history":[{"count":0,"href":"https:\/\/www.oidossucios.com\/site\/wp-json\/wp\/v2\/posts\/781\/revisions"}],"wp:featuredmedia":[{"embeddable":true,"href":"https:\/\/www.oidossucios.com\/site\/wp-json\/wp\/v2\/media\/10000777"}],"wp:attachment":[{"href":"https:\/\/www.oidossucios.com\/site\/wp-json\/wp\/v2\/media?parent=781"}],"wp:term":[{"taxonomy":"category","embeddable":true,"href":"https:\/\/www.oidossucios.com\/site\/wp-json\/wp\/v2\/categories?post=781"},{"taxonomy":"post_tag","embeddable":true,"href":"https:\/\/www.oidossucios.com\/site\/wp-json\/wp\/v2\/tags?post=781"}],"curies":[{"name":"wp","href":"https:\/\/api.w.org\/{rel}","templated":true}]}}