{"id":7814,"date":"2013-09-06T16:56:00","date_gmt":"2013-09-06T16:56:00","guid":{"rendered":"https:\/\/www.oidossucios.com\/site\/2013\/09\/06\/steve-vai-y-cafe-tacvba-los-posibles-shows-de-fin-de-ano\/"},"modified":"2013-09-06T16:56:00","modified_gmt":"2013-09-06T16:56:00","slug":"steve-vai-y-cafe-tacvba-los-posibles-shows-de-fin-de-ano","status":"publish","type":"post","link":"https:\/\/www.oidossucios.com\/site\/steve-vai-y-cafe-tacvba-los-posibles-shows-de-fin-de-ano\/","title":{"rendered":"Steve Vai y Caf\u00e9 Tacvba, los posibles shows de fin de a\u00f1o"},"content":{"rendered":"<p>Por <\/p>\n<p>Aunque el panorama de eventos internacionales se ha reactivado en los \u00faltimos meses en Venezuela, la oferta de rock sigue escasa. Luego del show de Aerosmith, no existe en agenda otro concierto internacional del g\u00e9nero.<\/p>\n<p>OidosSucios.Com ha podido saber que dos productoras est\u00e1n en los \u00faltimos detalles de la negociaci\u00f3n para su cartelera de rock. Steve Vai estar\u00eda por confirmar su visita a nuestro pa\u00eds en medio de la gira de promoci\u00f3n de su CD <i>Story of Light<\/i>, que, aunque se presume lo llevar\u00e1 por toda Sudam\u00e9rica, hasta los momentos solo se ha anunciado en Brasil.<\/p>\n<p>Por otro lado, la banda mexicana Caf\u00e9 Tacvba tambi\u00e9n podr\u00eda concretar un show en Caracas. La \u00faltima fecha que tuvo pautada en la ciudad fue en el 2009, donde se suspendi\u00f3 &#8220;<a href=\"\/noticias\/1782\/suspendido-el-show-de-cafe-tacvba-water\/\">por la gripe porcina<\/a>&#8220;, aunque luego se supo que fue por escasa venta de entradas. Ese mismo a\u00f1o se hab\u00edan presentado en el Forum de Valencia.<\/p>\n<p>Otro show que faltar\u00eda por confirmarse es el de Is Tropical. La banda inglesa anunci\u00f3 en su Facebook <a href=\"\/rumores\/7663\/is-tropical-vuelve-venezuela\/\">que vendr\u00edan por segunda vez a Venezuela<\/a>, pero a\u00fan ninguna productora se ha pronunciado al respecto.<\/p>\n<p>Recordemos que Caf\u00e9 Tacvba sigue en la promoci\u00f3n de su m\u00e1s reciente producci\u00f3n, el muy bien recibido por la cr\u00edtica <i>El objeto antes llamado disco. <\/i>Por su lado, Steve Vai ya ha recorrido gran parte del mundo con su gira <i>The Story of Light 2013.<\/i><![endif]--><!--[if gte mso 10]> <\/style>\n\n <![endif]--><!--nextpage--><img decoding=\"async\" class=\"aligncenter size-medium wp-image-111117161\" src=\"https:\/\/www.oidossucios.com\/site\/wp-content\/uploads\/2020\/02\/7161.jpg\" alt=\"Steve Vai y Caf\u00e9 Tacvba, los posibles shows de fin de a\u00f1o\"  \/><a href='https:\/\/www.oidossucios.com\/site\/steve-vai-y-cafe-tacvba-los-posibles-shows-de-fin-de-ano\/2\/'\n                        onclick='if (tpsInstance) { tpsInstance.setNext(); return false; }'\n                        rel='next'\n                        style=''\n                        class=''>Ver galer\u00eda<\/a>]]><\/p>\n","protected":false},"excerpt":{"rendered":"<p>El virtuoso guitarrista y la banda mexicana se encuentran en negociaciones para venir a nuestro pa\u00eds en el \u00faltimo trimestre.<\/p>\n","protected":false},"author":4,"featured_media":100007814,"comment_status":"open","ping_status":"open","sticky":false,"template":"","format":"standard","meta":{"_jetpack_memberships_contains_paid_content":false,"footnotes":""},"categories":[640],"tags":[],"class_list":["post-7814","post","type-post","status-publish","format-standard","has-post-thumbnail","hentry","category-rumores"],"jetpack_featured_media_url":"https:\/\/www.oidossucios.com\/site\/wp-content\/uploads\/2013\/09\/7814.jpg","yoast_head":"<!-- This site is optimized with the Yoast SEO plugin v14.0.4 - https:\/\/yoast.com\/wordpress\/plugins\/seo\/ -->\n<title>Steve Vai y Caf\u00e9 Tacvba, los posibles shows de fin de a\u00f1o - OidosSucios.Com<\/title>\n<meta name=\"description\" content=\"El virtuoso guitarrista y la banda mexicana se encuentran en negociaciones para venir a nuestro pa\u00eds en el \u00faltimo trimestre.\" \/>\n<meta name=\"robots\" content=\"index, follow\" \/>\n<meta name=\"googlebot\" content=\"index, follow, max-snippet:-1, max-image-preview:large, max-video-preview:-1\" \/>\n<meta name=\"bingbot\" content=\"index, follow, max-snippet:-1, max-image-preview:large, max-video-preview:-1\" \/>\n<link rel=\"canonical\" href=\"https:\/\/www.oidossucios.com\/site\/steve-vai-y-cafe-tacvba-los-posibles-shows-de-fin-de-ano\/\" \/>\n<link rel=\"next\" href=\"https:\/\/www.oidossucios.com\/site\/steve-vai-y-cafe-tacvba-los-posibles-shows-de-fin-de-ano\/2\/\" \/>\n<meta property=\"og:locale\" content=\"es_ES\" \/>\n<meta property=\"og:type\" content=\"article\" \/>\n<meta property=\"og:title\" content=\"Steve Vai y Caf\u00e9 Tacvba, los posibles shows de fin de a\u00f1o - OidosSucios.Com\" \/>\n<meta property=\"og:description\" content=\"El virtuoso guitarrista y la banda mexicana se encuentran en negociaciones para venir a nuestro pa\u00eds en el \u00faltimo trimestre.\" \/>\n<meta property=\"og:url\" content=\"https:\/\/www.oidossucios.com\/site\/steve-vai-y-cafe-tacvba-los-posibles-shows-de-fin-de-ano\/\" \/>\n<meta property=\"og:site_name\" content=\"OidosSucios.Com\" \/>\n<meta property=\"article:published_time\" content=\"2013-09-06T16:56:00+00:00\" \/>\n<meta property=\"og:image\" content=\"https:\/\/www.oidossucios.com\/site\/wp-content\/uploads\/2013\/09\/7814.jpg\" \/>\n\t<meta property=\"og:image:width\" content=\"350\" \/>\n\t<meta property=\"og:image:height\" content=\"300\" \/>\n<meta name=\"twitter:card\" content=\"summary_large_image\" \/>\n<meta name=\"twitter:creator\" content=\"@oidossucios\" \/>\n<script type=\"application\/ld+json\" class=\"yoast-schema-graph\">{\"@context\":\"https:\/\/schema.org\",\"@graph\":[{\"@type\":\"WebSite\",\"@id\":\"https:\/\/www.oidossucios.com\/site\/#website\",\"url\":\"https:\/\/www.oidossucios.com\/site\/\",\"name\":\"OidosSucios.Com\",\"description\":\"M\\u00fasica, conciertos, discos\",\"potentialAction\":[{\"@type\":\"SearchAction\",\"target\":\"https:\/\/www.oidossucios.com\/site\/?s={search_term_string}\",\"query-input\":\"required name=search_term_string\"}],\"inLanguage\":\"es\"},{\"@type\":\"ImageObject\",\"@id\":\"https:\/\/www.oidossucios.com\/site\/steve-vai-y-cafe-tacvba-los-posibles-shows-de-fin-de-ano\/#primaryimage\",\"inLanguage\":\"es\",\"url\":\"https:\/\/www.oidossucios.com\/site\/wp-content\/uploads\/2013\/09\/7814.jpg\",\"width\":350,\"height\":300},{\"@type\":\"WebPage\",\"@id\":\"https:\/\/www.oidossucios.com\/site\/steve-vai-y-cafe-tacvba-los-posibles-shows-de-fin-de-ano\/#webpage\",\"url\":\"https:\/\/www.oidossucios.com\/site\/steve-vai-y-cafe-tacvba-los-posibles-shows-de-fin-de-ano\/\",\"name\":\"Steve Vai y Caf\\u00e9 Tacvba, los posibles shows de fin de a\\u00f1o - OidosSucios.Com\",\"isPartOf\":{\"@id\":\"https:\/\/www.oidossucios.com\/site\/#website\"},\"primaryImageOfPage\":{\"@id\":\"https:\/\/www.oidossucios.com\/site\/steve-vai-y-cafe-tacvba-los-posibles-shows-de-fin-de-ano\/#primaryimage\"},\"datePublished\":\"2013-09-06T16:56:00+00:00\",\"dateModified\":\"2013-09-06T16:56:00+00:00\",\"author\":{\"@id\":\"https:\/\/www.oidossucios.com\/site\/#\/schema\/person\/24559eeb76bf83a63296fb072393a688\"},\"description\":\"El virtuoso guitarrista y la banda mexicana se encuentran en negociaciones para venir a nuestro pa\\u00eds en el \\u00faltimo trimestre.\",\"inLanguage\":\"es\",\"potentialAction\":[{\"@type\":\"ReadAction\",\"target\":[\"https:\/\/www.oidossucios.com\/site\/steve-vai-y-cafe-tacvba-los-posibles-shows-de-fin-de-ano\/\"]}]},{\"@type\":[\"Person\"],\"@id\":\"https:\/\/www.oidossucios.com\/site\/#\/schema\/person\/24559eeb76bf83a63296fb072393a688\",\"name\":\"Oidossucios\",\"image\":{\"@type\":\"ImageObject\",\"@id\":\"https:\/\/www.oidossucios.com\/site\/#personlogo\",\"inLanguage\":\"es\",\"url\":\"https:\/\/secure.gravatar.com\/avatar\/74fcb480f42f1a33e50a0b6e6369a3f907be2e43dc84fa5f76c66e9c22b4a5ab?s=96&d=mm&r=g\",\"caption\":\"Oidossucios\"},\"sameAs\":[\"https:\/\/twitter.com\/oidossucios\"]}]}<\/script>\n<!-- \/ Yoast SEO plugin. -->","jetpack_sharing_enabled":true,"_links":{"self":[{"href":"https:\/\/www.oidossucios.com\/site\/wp-json\/wp\/v2\/posts\/7814","targetHints":{"allow":["GET"]}}],"collection":[{"href":"https:\/\/www.oidossucios.com\/site\/wp-json\/wp\/v2\/posts"}],"about":[{"href":"https:\/\/www.oidossucios.com\/site\/wp-json\/wp\/v2\/types\/post"}],"author":[{"embeddable":true,"href":"https:\/\/www.oidossucios.com\/site\/wp-json\/wp\/v2\/users\/4"}],"replies":[{"embeddable":true,"href":"https:\/\/www.oidossucios.com\/site\/wp-json\/wp\/v2\/comments?post=7814"}],"version-history":[{"count":0,"href":"https:\/\/www.oidossucios.com\/site\/wp-json\/wp\/v2\/posts\/7814\/revisions"}],"wp:featuredmedia":[{"embeddable":true,"href":"https:\/\/www.oidossucios.com\/site\/wp-json\/wp\/v2\/media\/100007814"}],"wp:attachment":[{"href":"https:\/\/www.oidossucios.com\/site\/wp-json\/wp\/v2\/media?parent=7814"}],"wp:term":[{"taxonomy":"category","embeddable":true,"href":"https:\/\/www.oidossucios.com\/site\/wp-json\/wp\/v2\/categories?post=7814"},{"taxonomy":"post_tag","embeddable":true,"href":"https:\/\/www.oidossucios.com\/site\/wp-json\/wp\/v2\/tags?post=7814"}],"curies":[{"name":"wp","href":"https:\/\/api.w.org\/{rel}","templated":true}]}}