{"id":785,"date":"2003-05-03T04:31:00","date_gmt":"2003-05-03T04:31:00","guid":{"rendered":"https:\/\/www.oidossucios.com\/site\/2003\/05\/03\/metallica-filma-su-nuevo-video-en-la-carcel-y-da-un-concierto-gratis-a-los-presos\/"},"modified":"2003-05-03T04:31:00","modified_gmt":"2003-05-03T04:31:00","slug":"metallica-filma-su-nuevo-video-en-la-carcel-y-da-un-concierto-gratis-a-los-presos","status":"publish","type":"post","link":"https:\/\/www.oidossucios.com\/site\/metallica-filma-su-nuevo-video-en-la-carcel-y-da-un-concierto-gratis-a-los-presos\/","title":{"rendered":"Metallica filma su nuevo video en la c\u00e1rcel y da un concierto gratis a los presos"},"content":{"rendered":"<p>&#8216;St. Anger&#8217;, el t\u00edtulo de la canci\u00f3n que da el nombre al nuevo disco de Metallica, fue registrada en video este mi\u00e9rcoles, en la c\u00e1rcel &#8216;San Quentin State Prison&#8217; de California, bajo la direcci\u00f3n de Malloy Brothers (productores de pel\u00edculas de surf), quienes adem\u00e1s han trabajado con Foo Fighters y 311.<\/p>\n<p>El disco que saldr\u00e1 el pr\u00f3ximo mes de junio, y del cual, buena parte ya se puede conseguir en internet, contar\u00e1 con una serie de conciertos gratuitos en San Francisco en la primera quincena de este mes de mayo, antes de la gira oficial de la banda por Europa y USA que comenzar\u00e1 el mes de junio.<\/p>\n<p>Como compensaci\u00f3n a la utilizaci\u00f3n de la c\u00e1rcel para el rodaje del video, Metallica concedi\u00f3 ayer un concierto gratuito de una hora ante todos los reclusos del lugar, que sirvi\u00f3 adem\u00e1s, para estrenar al nuevo bajista de la agrupaci\u00f3n, Robert Trujillo, en p\u00fablico. El set interpretado por Metallica fue:<\/p>\n<p>Creeping Death <br \/>For Whom the Bell Tolls <br \/>Seek and Destroy <br \/>Fade To Black<br \/>Fuel <br \/>Sad But True <br \/>Master Of Puppets <br \/>One <br \/>Enter Sandman <br \/>Battery<\/p>\n","protected":false},"excerpt":{"rendered":"<p>Metallica grab\u00f3 en una c\u00e1rcel de California el primer video de su pr\u00f3ximo disco y concedi\u00f3 al d\u00eda siguiente, un concierto gratis de una hora para todos los reclusos.<\/p>\n","protected":false},"author":4,"featured_media":10000785,"comment_status":"open","ping_status":"open","sticky":false,"template":"","format":"standard","meta":{"_jetpack_memberships_contains_paid_content":false,"footnotes":""},"categories":[250],"tags":[149],"class_list":["post-785","post","type-post","status-publish","format-standard","has-post-thumbnail","hentry","category-noticias","tag-metallica"],"jetpack_featured_media_url":"https:\/\/www.oidossucios.com\/site\/wp-content\/uploads\/2003\/05\/785.jpg","yoast_head":"<!-- This site is optimized with the Yoast SEO plugin v14.0.4 - https:\/\/yoast.com\/wordpress\/plugins\/seo\/ -->\n<title>Metallica filma su nuevo video en la c\u00e1rcel y da un concierto gratis a los presos - OidosSucios.Com<\/title>\n<meta name=\"description\" content=\"La cuarta edici\u00f3n del festival brasilero se realizar\u00e1 en Lisboa el a\u00f1o entrante, anulando as\u00ed las escasas posibilidades que hab\u00eda de realizarlo a finales de este a\u00f1o y que Venezuela pudiese aprovechar a los artistas que all\u00ed se presentasen.\" \/>\n<meta name=\"robots\" content=\"index, follow\" \/>\n<meta name=\"googlebot\" content=\"index, follow, max-snippet:-1, max-image-preview:large, max-video-preview:-1\" \/>\n<meta name=\"bingbot\" content=\"index, follow, max-snippet:-1, max-image-preview:large, max-video-preview:-1\" \/>\n<link rel=\"canonical\" href=\"https:\/\/www.oidossucios.com\/site\/metallica-filma-su-nuevo-video-en-la-carcel-y-da-un-concierto-gratis-a-los-presos\/\" \/>\n<meta property=\"og:locale\" content=\"es_ES\" \/>\n<meta property=\"og:type\" content=\"article\" \/>\n<meta property=\"og:title\" content=\"Metallica filma su nuevo video en la c\u00e1rcel y da un concierto gratis a los presos - OidosSucios.Com\" \/>\n<meta property=\"og:description\" content=\"La cuarta edici\u00f3n del festival brasilero se realizar\u00e1 en Lisboa el a\u00f1o entrante, anulando as\u00ed las escasas posibilidades que hab\u00eda de realizarlo a finales de este a\u00f1o y que Venezuela pudiese aprovechar a los artistas que all\u00ed se presentasen.\" \/>\n<meta property=\"og:url\" content=\"https:\/\/www.oidossucios.com\/site\/metallica-filma-su-nuevo-video-en-la-carcel-y-da-un-concierto-gratis-a-los-presos\/\" \/>\n<meta property=\"og:site_name\" content=\"OidosSucios.Com\" \/>\n<meta property=\"article:published_time\" content=\"2003-05-03T04:31:00+00:00\" \/>\n<meta property=\"og:image\" content=\"https:\/\/www.oidossucios.com\/site\/wp-content\/uploads\/2003\/05\/785.jpg\" \/>\n\t<meta property=\"og:image:width\" content=\"290\" \/>\n\t<meta property=\"og:image:height\" content=\"100\" \/>\n<meta name=\"twitter:card\" content=\"summary_large_image\" \/>\n<meta name=\"twitter:creator\" content=\"@oidossucios\" \/>\n<script type=\"application\/ld+json\" class=\"yoast-schema-graph\">{\"@context\":\"https:\/\/schema.org\",\"@graph\":[{\"@type\":\"WebSite\",\"@id\":\"https:\/\/www.oidossucios.com\/site\/#website\",\"url\":\"https:\/\/www.oidossucios.com\/site\/\",\"name\":\"OidosSucios.Com\",\"description\":\"M\\u00fasica, conciertos, discos\",\"potentialAction\":[{\"@type\":\"SearchAction\",\"target\":\"https:\/\/www.oidossucios.com\/site\/?s={search_term_string}\",\"query-input\":\"required name=search_term_string\"}],\"inLanguage\":\"es\"},{\"@type\":\"ImageObject\",\"@id\":\"https:\/\/www.oidossucios.com\/site\/metallica-filma-su-nuevo-video-en-la-carcel-y-da-un-concierto-gratis-a-los-presos\/#primaryimage\",\"inLanguage\":\"es\",\"url\":\"https:\/\/www.oidossucios.com\/site\/wp-content\/uploads\/2003\/05\/785.jpg\",\"width\":290,\"height\":100},{\"@type\":\"WebPage\",\"@id\":\"https:\/\/www.oidossucios.com\/site\/metallica-filma-su-nuevo-video-en-la-carcel-y-da-un-concierto-gratis-a-los-presos\/#webpage\",\"url\":\"https:\/\/www.oidossucios.com\/site\/metallica-filma-su-nuevo-video-en-la-carcel-y-da-un-concierto-gratis-a-los-presos\/\",\"name\":\"Metallica filma su nuevo video en la c\\u00e1rcel y da un concierto gratis a los presos - OidosSucios.Com\",\"isPartOf\":{\"@id\":\"https:\/\/www.oidossucios.com\/site\/#website\"},\"primaryImageOfPage\":{\"@id\":\"https:\/\/www.oidossucios.com\/site\/metallica-filma-su-nuevo-video-en-la-carcel-y-da-un-concierto-gratis-a-los-presos\/#primaryimage\"},\"datePublished\":\"2003-05-03T04:31:00+00:00\",\"dateModified\":\"2003-05-03T04:31:00+00:00\",\"author\":{\"@id\":\"https:\/\/www.oidossucios.com\/site\/#\/schema\/person\/24559eeb76bf83a63296fb072393a688\"},\"description\":\"La cuarta edici\\u00f3n del festival brasilero se realizar\\u00e1 en Lisboa el a\\u00f1o entrante, anulando as\\u00ed las escasas posibilidades que hab\\u00eda de realizarlo a finales de este a\\u00f1o y que Venezuela pudiese aprovechar a los artistas que all\\u00ed se presentasen.\",\"inLanguage\":\"es\",\"potentialAction\":[{\"@type\":\"ReadAction\",\"target\":[\"https:\/\/www.oidossucios.com\/site\/metallica-filma-su-nuevo-video-en-la-carcel-y-da-un-concierto-gratis-a-los-presos\/\"]}]},{\"@type\":[\"Person\"],\"@id\":\"https:\/\/www.oidossucios.com\/site\/#\/schema\/person\/24559eeb76bf83a63296fb072393a688\",\"name\":\"Oidossucios\",\"image\":{\"@type\":\"ImageObject\",\"@id\":\"https:\/\/www.oidossucios.com\/site\/#personlogo\",\"inLanguage\":\"es\",\"url\":\"https:\/\/secure.gravatar.com\/avatar\/74fcb480f42f1a33e50a0b6e6369a3f907be2e43dc84fa5f76c66e9c22b4a5ab?s=96&d=mm&r=g\",\"caption\":\"Oidossucios\"},\"sameAs\":[\"https:\/\/twitter.com\/oidossucios\"]}]}<\/script>\n<!-- \/ Yoast SEO plugin. -->","jetpack_sharing_enabled":true,"_links":{"self":[{"href":"https:\/\/www.oidossucios.com\/site\/wp-json\/wp\/v2\/posts\/785","targetHints":{"allow":["GET"]}}],"collection":[{"href":"https:\/\/www.oidossucios.com\/site\/wp-json\/wp\/v2\/posts"}],"about":[{"href":"https:\/\/www.oidossucios.com\/site\/wp-json\/wp\/v2\/types\/post"}],"author":[{"embeddable":true,"href":"https:\/\/www.oidossucios.com\/site\/wp-json\/wp\/v2\/users\/4"}],"replies":[{"embeddable":true,"href":"https:\/\/www.oidossucios.com\/site\/wp-json\/wp\/v2\/comments?post=785"}],"version-history":[{"count":0,"href":"https:\/\/www.oidossucios.com\/site\/wp-json\/wp\/v2\/posts\/785\/revisions"}],"wp:featuredmedia":[{"embeddable":true,"href":"https:\/\/www.oidossucios.com\/site\/wp-json\/wp\/v2\/media\/10000785"}],"wp:attachment":[{"href":"https:\/\/www.oidossucios.com\/site\/wp-json\/wp\/v2\/media?parent=785"}],"wp:term":[{"taxonomy":"category","embeddable":true,"href":"https:\/\/www.oidossucios.com\/site\/wp-json\/wp\/v2\/categories?post=785"},{"taxonomy":"post_tag","embeddable":true,"href":"https:\/\/www.oidossucios.com\/site\/wp-json\/wp\/v2\/tags?post=785"}],"curies":[{"name":"wp","href":"https:\/\/api.w.org\/{rel}","templated":true}]}}