{"id":788,"date":"2003-05-11T23:08:00","date_gmt":"2003-05-11T23:08:00","guid":{"rendered":"https:\/\/www.oidossucios.com\/site\/2003\/05\/11\/bacalao-men-a-ecuador\/"},"modified":"2003-05-11T23:08:00","modified_gmt":"2003-05-11T23:08:00","slug":"bacalao-men-a-ecuador","status":"publish","type":"post","link":"https:\/\/www.oidossucios.com\/site\/bacalao-men-a-ecuador\/","title":{"rendered":"Bacalao Men a Ecuador"},"content":{"rendered":"<p>La banda venezolana de trip hop, Bacalao Men, estar\u00e1 cerrando el pr\u00f3ximo 5 de julio el Infusi\u00f3n, Festival Internacional de M\u00fasica y Dise\u00f1o que se llevar\u00e1 a cabo durante una semana en la ciudad ecuatoriana de Cuenca.<\/p>\n<p>Bacalao Men compartir\u00e1 tarima con djs y bandas como Ultr\u00e1geno y Koji K Utho de Colombia, Cascabulho de Brasil y agrupaciones ecuatorianas como Muscaria y Mama Vud\u00fa.<\/p>\n<p>Por los momentos, la agenda de la banda en Caracas incluye una presentaci\u00f3n el pr\u00f3ximo 22 de mayo en la Universidad Sim\u00f3n Bol\u00edvar, en el ciclo de conciertos organizado por el Club de M\u00fasica de la USB, donde compartir\u00e1n tarima con Hora Cero, Le Merm, Mandarina Custom y E.M.B.A.S.<\/p>\n<p>M\u00e1s informaci\u00f3n del Infusi\u00f3n en http:\/\/www.infusionfest.com<\/p>\n","protected":false},"excerpt":{"rendered":"<p>La banda venezolana de trip hop participar\u00e1 el pr\u00f3ximo mes de julio en un festival internacional de m\u00fasica y dise\u00f1o en la ciudad de Cuenca.<\/p>\n","protected":false},"author":4,"featured_media":10000788,"comment_status":"open","ping_status":"open","sticky":false,"template":"","format":"standard","meta":{"_jetpack_memberships_contains_paid_content":false,"footnotes":""},"categories":[250],"tags":[281],"class_list":["post-788","post","type-post","status-publish","format-standard","has-post-thumbnail","hentry","category-noticias","tag-bacalao-men"],"jetpack_featured_media_url":"https:\/\/www.oidossucios.com\/site\/wp-content\/uploads\/2003\/05\/788.jpg","yoast_head":"<!-- This site is optimized with the Yoast SEO plugin v14.0.4 - https:\/\/yoast.com\/wordpress\/plugins\/seo\/ -->\n<title>Bacalao Men a Ecuador - OidosSucios.Com<\/title>\n<meta name=\"description\" content=\"El hijo de Ozzy Osbourne fue internado en una cl\u00ednica de rehabilitaci\u00f3n en California, aunque a\u00fan no se ha anunciado si su problema se debe al alcohol o las drogas.\" \/>\n<meta name=\"robots\" content=\"index, follow\" \/>\n<meta name=\"googlebot\" content=\"index, follow, max-snippet:-1, max-image-preview:large, max-video-preview:-1\" \/>\n<meta name=\"bingbot\" content=\"index, follow, max-snippet:-1, max-image-preview:large, max-video-preview:-1\" \/>\n<link rel=\"canonical\" href=\"https:\/\/www.oidossucios.com\/site\/bacalao-men-a-ecuador\/\" \/>\n<meta property=\"og:locale\" content=\"es_ES\" \/>\n<meta property=\"og:type\" content=\"article\" \/>\n<meta property=\"og:title\" content=\"Bacalao Men a Ecuador - OidosSucios.Com\" \/>\n<meta property=\"og:description\" content=\"El hijo de Ozzy Osbourne fue internado en una cl\u00ednica de rehabilitaci\u00f3n en California, aunque a\u00fan no se ha anunciado si su problema se debe al alcohol o las drogas.\" \/>\n<meta property=\"og:url\" content=\"https:\/\/www.oidossucios.com\/site\/bacalao-men-a-ecuador\/\" \/>\n<meta property=\"og:site_name\" content=\"OidosSucios.Com\" \/>\n<meta property=\"article:published_time\" content=\"2003-05-11T23:08:00+00:00\" \/>\n<meta property=\"og:image\" content=\"https:\/\/www.oidossucios.com\/site\/wp-content\/uploads\/2003\/05\/788.jpg\" \/>\n\t<meta property=\"og:image:width\" content=\"290\" \/>\n\t<meta property=\"og:image:height\" content=\"100\" \/>\n<meta name=\"twitter:card\" content=\"summary_large_image\" \/>\n<meta name=\"twitter:creator\" content=\"@oidossucios\" \/>\n<script type=\"application\/ld+json\" class=\"yoast-schema-graph\">{\"@context\":\"https:\/\/schema.org\",\"@graph\":[{\"@type\":\"WebSite\",\"@id\":\"https:\/\/www.oidossucios.com\/site\/#website\",\"url\":\"https:\/\/www.oidossucios.com\/site\/\",\"name\":\"OidosSucios.Com\",\"description\":\"M\\u00fasica, conciertos, discos\",\"potentialAction\":[{\"@type\":\"SearchAction\",\"target\":\"https:\/\/www.oidossucios.com\/site\/?s={search_term_string}\",\"query-input\":\"required name=search_term_string\"}],\"inLanguage\":\"es\"},{\"@type\":\"ImageObject\",\"@id\":\"https:\/\/www.oidossucios.com\/site\/bacalao-men-a-ecuador\/#primaryimage\",\"inLanguage\":\"es\",\"url\":\"https:\/\/www.oidossucios.com\/site\/wp-content\/uploads\/2003\/05\/788.jpg\",\"width\":290,\"height\":100},{\"@type\":\"WebPage\",\"@id\":\"https:\/\/www.oidossucios.com\/site\/bacalao-men-a-ecuador\/#webpage\",\"url\":\"https:\/\/www.oidossucios.com\/site\/bacalao-men-a-ecuador\/\",\"name\":\"Bacalao Men a Ecuador - OidosSucios.Com\",\"isPartOf\":{\"@id\":\"https:\/\/www.oidossucios.com\/site\/#website\"},\"primaryImageOfPage\":{\"@id\":\"https:\/\/www.oidossucios.com\/site\/bacalao-men-a-ecuador\/#primaryimage\"},\"datePublished\":\"2003-05-11T23:08:00+00:00\",\"dateModified\":\"2003-05-11T23:08:00+00:00\",\"author\":{\"@id\":\"https:\/\/www.oidossucios.com\/site\/#\/schema\/person\/24559eeb76bf83a63296fb072393a688\"},\"description\":\"El hijo de Ozzy Osbourne fue internado en una cl\\u00ednica de rehabilitaci\\u00f3n en California, aunque a\\u00fan no se ha anunciado si su problema se debe al alcohol o las drogas.\",\"inLanguage\":\"es\",\"potentialAction\":[{\"@type\":\"ReadAction\",\"target\":[\"https:\/\/www.oidossucios.com\/site\/bacalao-men-a-ecuador\/\"]}]},{\"@type\":[\"Person\"],\"@id\":\"https:\/\/www.oidossucios.com\/site\/#\/schema\/person\/24559eeb76bf83a63296fb072393a688\",\"name\":\"Oidossucios\",\"image\":{\"@type\":\"ImageObject\",\"@id\":\"https:\/\/www.oidossucios.com\/site\/#personlogo\",\"inLanguage\":\"es\",\"url\":\"https:\/\/secure.gravatar.com\/avatar\/74fcb480f42f1a33e50a0b6e6369a3f907be2e43dc84fa5f76c66e9c22b4a5ab?s=96&d=mm&r=g\",\"caption\":\"Oidossucios\"},\"sameAs\":[\"https:\/\/twitter.com\/oidossucios\"]}]}<\/script>\n<!-- \/ Yoast SEO plugin. -->","jetpack_sharing_enabled":true,"_links":{"self":[{"href":"https:\/\/www.oidossucios.com\/site\/wp-json\/wp\/v2\/posts\/788","targetHints":{"allow":["GET"]}}],"collection":[{"href":"https:\/\/www.oidossucios.com\/site\/wp-json\/wp\/v2\/posts"}],"about":[{"href":"https:\/\/www.oidossucios.com\/site\/wp-json\/wp\/v2\/types\/post"}],"author":[{"embeddable":true,"href":"https:\/\/www.oidossucios.com\/site\/wp-json\/wp\/v2\/users\/4"}],"replies":[{"embeddable":true,"href":"https:\/\/www.oidossucios.com\/site\/wp-json\/wp\/v2\/comments?post=788"}],"version-history":[{"count":0,"href":"https:\/\/www.oidossucios.com\/site\/wp-json\/wp\/v2\/posts\/788\/revisions"}],"wp:featuredmedia":[{"embeddable":true,"href":"https:\/\/www.oidossucios.com\/site\/wp-json\/wp\/v2\/media\/10000788"}],"wp:attachment":[{"href":"https:\/\/www.oidossucios.com\/site\/wp-json\/wp\/v2\/media?parent=788"}],"wp:term":[{"taxonomy":"category","embeddable":true,"href":"https:\/\/www.oidossucios.com\/site\/wp-json\/wp\/v2\/categories?post=788"},{"taxonomy":"post_tag","embeddable":true,"href":"https:\/\/www.oidossucios.com\/site\/wp-json\/wp\/v2\/tags?post=788"}],"curies":[{"name":"wp","href":"https:\/\/api.w.org\/{rel}","templated":true}]}}