{"id":7935,"date":"2013-10-01T16:44:00","date_gmt":"2013-10-01T16:44:00","guid":{"rendered":"https:\/\/www.oidossucios.com\/site\/2013\/10\/01\/paul-stanley-de-kiss-prepara-su-autobiografia\/"},"modified":"2013-10-01T16:44:00","modified_gmt":"2013-10-01T16:44:00","slug":"paul-stanley-de-kiss-prepara-su-autobiografia","status":"publish","type":"post","link":"https:\/\/www.oidossucios.com\/site\/paul-stanley-de-kiss-prepara-su-autobiografia\/","title":{"rendered":"Paul Stanley de Kiss prepara su autobiograf\u00eda"},"content":{"rendered":"<p>La lista de rockeros que preparan libros contando sus vivencias crece: a los proyectos de Andrew W.K. y Randy Blithe, se suma ahora el de Paul Stanley, el cantante y guitarra de Kiss, que anunci\u00f3 que publicar\u00e1 su autobiograf\u00eda en primavera del 2014.<\/p>\n<p>El m\u00fasico dio la noticia a trav\u00e9s de su cuenta de Twitter, donde public\u00f3 una fotograf\u00eda en la que puede verse a Stanley observando unos negativos. El texto que acompa\u00f1a a la imagen dice &#8220;buscando entre 60 a\u00f1os de fotos para elegir algunas que incluir en mi autobiograf\u00eda, que sale esta primavera&#8221;.<\/p>\n<p>No es el \u00fanico proyecto en el que anda inmerso el artista: junto al resto de la banda, Kiss est\u00e1 preparando su documental oficial, todav\u00eda sin fecha de salida.<\/p>\n<p>Fuente: www.tn.com.ar<![endif]--><!--[if gte mso 10]> <\/style>\n\n <![endif]--><\/p>\n","protected":false},"excerpt":{"rendered":"<p>La lista de rockeros que preparan libros contando sus vivencias crece: a los proyectos de Andrew W.K. y Randy Blithe, se suma ahora el de Paul Stanley, el cantante y guitarra de Kiss, que anunci\u00f3 que publicar\u00e1 su autobiograf\u00eda en primavera del 2014. El m\u00fasico dio la noticia a trav\u00e9s de su cuenta de Twitter, [&hellip;]<\/p>\n","protected":false},"author":4,"featured_media":100007935,"comment_status":"open","ping_status":"open","sticky":false,"template":"","format":"standard","meta":{"_jetpack_memberships_contains_paid_content":false,"footnotes":""},"categories":[142],"tags":[],"class_list":["post-7935","post","type-post","status-publish","format-standard","has-post-thumbnail","hentry","category-buzznews"],"jetpack_featured_media_url":"https:\/\/www.oidossucios.com\/site\/wp-content\/uploads\/2013\/10\/7935.jpg","yoast_head":"<!-- This site is optimized with the Yoast SEO plugin v14.0.4 - https:\/\/yoast.com\/wordpress\/plugins\/seo\/ -->\n<title>Paul Stanley de Kiss prepara su autobiograf\u00eda - OidosSucios.Com<\/title>\n<meta name=\"robots\" content=\"index, follow\" \/>\n<meta name=\"googlebot\" content=\"index, follow, max-snippet:-1, max-image-preview:large, max-video-preview:-1\" \/>\n<meta name=\"bingbot\" content=\"index, follow, max-snippet:-1, max-image-preview:large, max-video-preview:-1\" \/>\n<link rel=\"canonical\" href=\"https:\/\/www.oidossucios.com\/site\/paul-stanley-de-kiss-prepara-su-autobiografia\/\" \/>\n<meta property=\"og:locale\" content=\"es_ES\" \/>\n<meta property=\"og:type\" content=\"article\" \/>\n<meta property=\"og:title\" content=\"Paul Stanley de Kiss prepara su autobiograf\u00eda - OidosSucios.Com\" \/>\n<meta property=\"og:description\" content=\"La lista de rockeros que preparan libros contando sus vivencias crece: a los proyectos de Andrew W.K. y Randy Blithe, se suma ahora el de Paul Stanley, el cantante y guitarra de Kiss, que anunci\u00f3 que publicar\u00e1 su autobiograf\u00eda en primavera del 2014. El m\u00fasico dio la noticia a trav\u00e9s de su cuenta de Twitter, [&hellip;]\" \/>\n<meta property=\"og:url\" content=\"https:\/\/www.oidossucios.com\/site\/paul-stanley-de-kiss-prepara-su-autobiografia\/\" \/>\n<meta property=\"og:site_name\" content=\"OidosSucios.Com\" \/>\n<meta property=\"article:published_time\" content=\"2013-10-01T16:44:00+00:00\" \/>\n<meta property=\"og:image\" content=\"https:\/\/www.oidossucios.com\/site\/wp-content\/uploads\/2013\/10\/7935.jpg\" \/>\n\t<meta property=\"og:image:width\" content=\"350\" \/>\n\t<meta property=\"og:image:height\" content=\"300\" \/>\n<meta name=\"twitter:card\" content=\"summary_large_image\" \/>\n<meta name=\"twitter:creator\" content=\"@oidossucios\" \/>\n<script type=\"application\/ld+json\" class=\"yoast-schema-graph\">{\"@context\":\"https:\/\/schema.org\",\"@graph\":[{\"@type\":\"WebSite\",\"@id\":\"https:\/\/www.oidossucios.com\/site\/#website\",\"url\":\"https:\/\/www.oidossucios.com\/site\/\",\"name\":\"OidosSucios.Com\",\"description\":\"M\\u00fasica, conciertos, discos\",\"potentialAction\":[{\"@type\":\"SearchAction\",\"target\":\"https:\/\/www.oidossucios.com\/site\/?s={search_term_string}\",\"query-input\":\"required name=search_term_string\"}],\"inLanguage\":\"es\"},{\"@type\":\"ImageObject\",\"@id\":\"https:\/\/www.oidossucios.com\/site\/paul-stanley-de-kiss-prepara-su-autobiografia\/#primaryimage\",\"inLanguage\":\"es\",\"url\":\"https:\/\/www.oidossucios.com\/site\/wp-content\/uploads\/2013\/10\/7935.jpg\",\"width\":350,\"height\":300},{\"@type\":\"WebPage\",\"@id\":\"https:\/\/www.oidossucios.com\/site\/paul-stanley-de-kiss-prepara-su-autobiografia\/#webpage\",\"url\":\"https:\/\/www.oidossucios.com\/site\/paul-stanley-de-kiss-prepara-su-autobiografia\/\",\"name\":\"Paul Stanley de Kiss prepara su autobiograf\\u00eda - OidosSucios.Com\",\"isPartOf\":{\"@id\":\"https:\/\/www.oidossucios.com\/site\/#website\"},\"primaryImageOfPage\":{\"@id\":\"https:\/\/www.oidossucios.com\/site\/paul-stanley-de-kiss-prepara-su-autobiografia\/#primaryimage\"},\"datePublished\":\"2013-10-01T16:44:00+00:00\",\"dateModified\":\"2013-10-01T16:44:00+00:00\",\"author\":{\"@id\":\"https:\/\/www.oidossucios.com\/site\/#\/schema\/person\/24559eeb76bf83a63296fb072393a688\"},\"inLanguage\":\"es\",\"potentialAction\":[{\"@type\":\"ReadAction\",\"target\":[\"https:\/\/www.oidossucios.com\/site\/paul-stanley-de-kiss-prepara-su-autobiografia\/\"]}]},{\"@type\":[\"Person\"],\"@id\":\"https:\/\/www.oidossucios.com\/site\/#\/schema\/person\/24559eeb76bf83a63296fb072393a688\",\"name\":\"Oidossucios\",\"image\":{\"@type\":\"ImageObject\",\"@id\":\"https:\/\/www.oidossucios.com\/site\/#personlogo\",\"inLanguage\":\"es\",\"url\":\"https:\/\/secure.gravatar.com\/avatar\/74fcb480f42f1a33e50a0b6e6369a3f907be2e43dc84fa5f76c66e9c22b4a5ab?s=96&d=mm&r=g\",\"caption\":\"Oidossucios\"},\"sameAs\":[\"https:\/\/twitter.com\/oidossucios\"]}]}<\/script>\n<!-- \/ Yoast SEO plugin. -->","jetpack_sharing_enabled":true,"_links":{"self":[{"href":"https:\/\/www.oidossucios.com\/site\/wp-json\/wp\/v2\/posts\/7935","targetHints":{"allow":["GET"]}}],"collection":[{"href":"https:\/\/www.oidossucios.com\/site\/wp-json\/wp\/v2\/posts"}],"about":[{"href":"https:\/\/www.oidossucios.com\/site\/wp-json\/wp\/v2\/types\/post"}],"author":[{"embeddable":true,"href":"https:\/\/www.oidossucios.com\/site\/wp-json\/wp\/v2\/users\/4"}],"replies":[{"embeddable":true,"href":"https:\/\/www.oidossucios.com\/site\/wp-json\/wp\/v2\/comments?post=7935"}],"version-history":[{"count":0,"href":"https:\/\/www.oidossucios.com\/site\/wp-json\/wp\/v2\/posts\/7935\/revisions"}],"wp:featuredmedia":[{"embeddable":true,"href":"https:\/\/www.oidossucios.com\/site\/wp-json\/wp\/v2\/media\/100007935"}],"wp:attachment":[{"href":"https:\/\/www.oidossucios.com\/site\/wp-json\/wp\/v2\/media?parent=7935"}],"wp:term":[{"taxonomy":"category","embeddable":true,"href":"https:\/\/www.oidossucios.com\/site\/wp-json\/wp\/v2\/categories?post=7935"},{"taxonomy":"post_tag","embeddable":true,"href":"https:\/\/www.oidossucios.com\/site\/wp-json\/wp\/v2\/tags?post=7935"}],"curies":[{"name":"wp","href":"https:\/\/api.w.org\/{rel}","templated":true}]}}