{"id":7944,"date":"2013-10-02T07:00:00","date_gmt":"2013-10-02T07:00:00","guid":{"rendered":"https:\/\/www.oidossucios.com\/site\/2013\/10\/02\/mira-el-nuevo-video-de-illya-kuryaki-and-the-valderramas-yacare\/"},"modified":"2013-10-02T07:00:00","modified_gmt":"2013-10-02T07:00:00","slug":"mira-el-nuevo-video-de-illya-kuryaki-and-the-valderramas-yacare","status":"publish","type":"post","link":"https:\/\/www.oidossucios.com\/site\/mira-el-nuevo-video-de-illya-kuryaki-and-the-valderramas-yacare\/","title":{"rendered":"Mira el nuevo video de Illya Kuryaki and The Valderramas: &#8220;Yacar\u00e9&#8221;"},"content":{"rendered":"<p>Illya Kuryaki and The Valderramas no para. Tras recibir <a href=\"\/noticias\/7912\/nominados-venezolanos-los-latin-grammys\/\">m\u00faltiples nominaciones para el Grammy Latino<\/a>, ahora la banda estrena el video de &#8220;Yacar\u00e9&#8221;, tema en su disco <i>Chances<\/i>, \u00e1lbum que trajo de regreso al d\u00fao argentino tras una pausa de una d\u00e9cada. <![endif]--><!--[if gte mso 10]> <\/style>\n\n <![endif]--><\/p>\n","protected":false},"excerpt":{"rendered":"<p>Illya Kuryaki and The Valderramas no para. Tras recibir m\u00faltiples nominaciones para el Grammy Latino, ahora la banda estrena el video de &#8220;Yacar\u00e9&#8221;, tema en su disco Chances, \u00e1lbum que trajo de regreso al d\u00fao argentino tras una pausa de una d\u00e9cada.<\/p>\n","protected":false},"author":4,"featured_media":0,"comment_status":"open","ping_status":"open","sticky":false,"template":"","format":"standard","meta":{"_jetpack_memberships_contains_paid_content":false,"footnotes":""},"categories":[142],"tags":[],"class_list":["post-7944","post","type-post","status-publish","format-standard","hentry","category-buzznews"],"jetpack_featured_media_url":"","yoast_head":"<!-- This site is optimized with the Yoast SEO plugin v14.0.4 - https:\/\/yoast.com\/wordpress\/plugins\/seo\/ -->\n<title>Mira el nuevo video de Illya Kuryaki and The Valderramas: &quot;Yacar\u00e9&quot; - OidosSucios.Com<\/title>\n<meta name=\"robots\" content=\"index, follow\" \/>\n<meta name=\"googlebot\" content=\"index, follow, max-snippet:-1, max-image-preview:large, max-video-preview:-1\" \/>\n<meta name=\"bingbot\" content=\"index, follow, max-snippet:-1, max-image-preview:large, max-video-preview:-1\" \/>\n<link rel=\"canonical\" href=\"https:\/\/www.oidossucios.com\/site\/mira-el-nuevo-video-de-illya-kuryaki-and-the-valderramas-yacare\/\" \/>\n<meta property=\"og:locale\" content=\"es_ES\" \/>\n<meta property=\"og:type\" content=\"article\" \/>\n<meta property=\"og:title\" content=\"Mira el nuevo video de Illya Kuryaki and The Valderramas: &quot;Yacar\u00e9&quot; - OidosSucios.Com\" \/>\n<meta property=\"og:description\" content=\"Illya Kuryaki and The Valderramas no para. Tras recibir m\u00faltiples nominaciones para el Grammy Latino, ahora la banda estrena el video de &#8220;Yacar\u00e9&#8221;, tema en su disco Chances, \u00e1lbum que trajo de regreso al d\u00fao argentino tras una pausa de una d\u00e9cada.\" \/>\n<meta property=\"og:url\" content=\"https:\/\/www.oidossucios.com\/site\/mira-el-nuevo-video-de-illya-kuryaki-and-the-valderramas-yacare\/\" \/>\n<meta property=\"og:site_name\" content=\"OidosSucios.Com\" \/>\n<meta property=\"article:published_time\" content=\"2013-10-02T07:00:00+00:00\" \/>\n<meta name=\"twitter:card\" content=\"summary_large_image\" \/>\n<meta name=\"twitter:creator\" content=\"@oidossucios\" \/>\n<script type=\"application\/ld+json\" class=\"yoast-schema-graph\">{\"@context\":\"https:\/\/schema.org\",\"@graph\":[{\"@type\":\"WebSite\",\"@id\":\"https:\/\/www.oidossucios.com\/site\/#website\",\"url\":\"https:\/\/www.oidossucios.com\/site\/\",\"name\":\"OidosSucios.Com\",\"description\":\"M\\u00fasica, conciertos, discos\",\"potentialAction\":[{\"@type\":\"SearchAction\",\"target\":\"https:\/\/www.oidossucios.com\/site\/?s={search_term_string}\",\"query-input\":\"required name=search_term_string\"}],\"inLanguage\":\"es\"},{\"@type\":\"WebPage\",\"@id\":\"https:\/\/www.oidossucios.com\/site\/mira-el-nuevo-video-de-illya-kuryaki-and-the-valderramas-yacare\/#webpage\",\"url\":\"https:\/\/www.oidossucios.com\/site\/mira-el-nuevo-video-de-illya-kuryaki-and-the-valderramas-yacare\/\",\"name\":\"Mira el nuevo video de Illya Kuryaki and The Valderramas: \\\"Yacar\\u00e9\\\" - OidosSucios.Com\",\"isPartOf\":{\"@id\":\"https:\/\/www.oidossucios.com\/site\/#website\"},\"datePublished\":\"2013-10-02T07:00:00+00:00\",\"dateModified\":\"2013-10-02T07:00:00+00:00\",\"author\":{\"@id\":\"https:\/\/www.oidossucios.com\/site\/#\/schema\/person\/24559eeb76bf83a63296fb072393a688\"},\"inLanguage\":\"es\",\"potentialAction\":[{\"@type\":\"ReadAction\",\"target\":[\"https:\/\/www.oidossucios.com\/site\/mira-el-nuevo-video-de-illya-kuryaki-and-the-valderramas-yacare\/\"]}]},{\"@type\":[\"Person\"],\"@id\":\"https:\/\/www.oidossucios.com\/site\/#\/schema\/person\/24559eeb76bf83a63296fb072393a688\",\"name\":\"Oidossucios\",\"image\":{\"@type\":\"ImageObject\",\"@id\":\"https:\/\/www.oidossucios.com\/site\/#personlogo\",\"inLanguage\":\"es\",\"url\":\"https:\/\/secure.gravatar.com\/avatar\/74fcb480f42f1a33e50a0b6e6369a3f907be2e43dc84fa5f76c66e9c22b4a5ab?s=96&d=mm&r=g\",\"caption\":\"Oidossucios\"},\"sameAs\":[\"https:\/\/twitter.com\/oidossucios\"]}]}<\/script>\n<!-- \/ Yoast SEO plugin. -->","jetpack_sharing_enabled":true,"_links":{"self":[{"href":"https:\/\/www.oidossucios.com\/site\/wp-json\/wp\/v2\/posts\/7944","targetHints":{"allow":["GET"]}}],"collection":[{"href":"https:\/\/www.oidossucios.com\/site\/wp-json\/wp\/v2\/posts"}],"about":[{"href":"https:\/\/www.oidossucios.com\/site\/wp-json\/wp\/v2\/types\/post"}],"author":[{"embeddable":true,"href":"https:\/\/www.oidossucios.com\/site\/wp-json\/wp\/v2\/users\/4"}],"replies":[{"embeddable":true,"href":"https:\/\/www.oidossucios.com\/site\/wp-json\/wp\/v2\/comments?post=7944"}],"version-history":[{"count":0,"href":"https:\/\/www.oidossucios.com\/site\/wp-json\/wp\/v2\/posts\/7944\/revisions"}],"wp:attachment":[{"href":"https:\/\/www.oidossucios.com\/site\/wp-json\/wp\/v2\/media?parent=7944"}],"wp:term":[{"taxonomy":"category","embeddable":true,"href":"https:\/\/www.oidossucios.com\/site\/wp-json\/wp\/v2\/categories?post=7944"},{"taxonomy":"post_tag","embeddable":true,"href":"https:\/\/www.oidossucios.com\/site\/wp-json\/wp\/v2\/tags?post=7944"}],"curies":[{"name":"wp","href":"https:\/\/api.w.org\/{rel}","templated":true}]}}