{"id":7949,"date":"2013-10-03T06:14:00","date_gmt":"2013-10-03T06:14:00","guid":{"rendered":"https:\/\/www.oidossucios.com\/site\/2013\/10\/03\/macca-records-presenta-a-la-banda-aspen\/"},"modified":"2013-10-03T06:14:00","modified_gmt":"2013-10-03T06:14:00","slug":"macca-records-presenta-a-la-banda-aspen","status":"publish","type":"post","link":"https:\/\/www.oidossucios.com\/site\/macca-records-presenta-a-la-banda-aspen\/","title":{"rendered":"Macca Records presenta a la banda &#8220;Aspen&#8221;"},"content":{"rendered":"<p><![endif]-->Aspen resulta de la uni\u00f3n creativa entre Alejandro G\u00f3mez (Los Telecaster) y Bryan Torello (Los Expresidentes) a quienes se sumaron Carlos Monserrate (tambi\u00e9n de Los Telecaster), Reynaldo Rangel Ron y Oscar P\u00e9rez. Influenciados por sonidos cl\u00e1sicos de artistas ingleses como Badfinger y Oasis, su tema debut hace gala de un ligero tinte psicod\u00e9lico y una l\u00edrica de &#8220;enso\u00f1aci\u00f3n inadaptada&#8221;, composici\u00f3n original escrita por Torello y G\u00f3mez.<\/p>\n<p>La direcci\u00f3n y producci\u00f3n de este primer trabajo corri\u00f3 por cuenta de Luis Ir\u00e1n (Los Paranoias), y fue grabado y mezclado por Iv\u00e1n Goz\u00f3n en Gozon Estudios. &#8220;Ahora Ya&#8221; precede la edici\u00f3n de un disco cuya producci\u00f3n se encuentra en pleno desarrollo, el cual saldr\u00e1 a la luz en los pr\u00f3ximos meses.<\/p>\n<p>&#8220;Ahora Ya&#8221; estar\u00e1 disponible para su descarga desde el viernes 4 de octubre a trav\u00e9s de <a href=\"http:\/\/www.maccarecords.com\/\">www.maccarecords.com<\/a>y en las redes sociales @maccarecords, @aspendelic y FB:\/maccarecords, donde habr\u00e1 m\u00e1s informaci\u00f3n acerca de la banda y las actividades del sello.<!--[if gte mso 10]> <\/style>\n\n <![endif]--><\/p>\n","protected":false},"excerpt":{"rendered":"<p>Macca Records anuncia el estreno de la primera banda nacida bajo su techo. Se trata de &#8220;Aspen&#8221; y su track introductorio titulado &#8220;Ahora Ya&#8221;.<\/p>\n","protected":false},"author":4,"featured_media":100007949,"comment_status":"open","ping_status":"open","sticky":false,"template":"","format":"standard","meta":{"_jetpack_memberships_contains_paid_content":false,"footnotes":""},"categories":[250],"tags":[],"class_list":["post-7949","post","type-post","status-publish","format-standard","has-post-thumbnail","hentry","category-noticias"],"jetpack_featured_media_url":"https:\/\/www.oidossucios.com\/site\/wp-content\/uploads\/2013\/10\/7949.jpg","yoast_head":"<!-- This site is optimized with the Yoast SEO plugin v14.0.4 - https:\/\/yoast.com\/wordpress\/plugins\/seo\/ -->\n<title>Macca Records presenta a la banda &quot;Aspen&quot; - OidosSucios.Com<\/title>\n<meta name=\"description\" content=\"Macca Records anuncia el estreno de la primera banda nacida bajo su techo. Se trata de &quot;Aspen&quot; y su track introductorio titulado &quot;Ahora Ya&quot;.\" \/>\n<meta name=\"robots\" content=\"index, follow\" \/>\n<meta name=\"googlebot\" content=\"index, follow, max-snippet:-1, max-image-preview:large, max-video-preview:-1\" \/>\n<meta name=\"bingbot\" content=\"index, follow, max-snippet:-1, max-image-preview:large, max-video-preview:-1\" \/>\n<link rel=\"canonical\" href=\"https:\/\/www.oidossucios.com\/site\/macca-records-presenta-a-la-banda-aspen\/\" \/>\n<meta property=\"og:locale\" content=\"es_ES\" \/>\n<meta property=\"og:type\" content=\"article\" \/>\n<meta property=\"og:title\" content=\"Macca Records presenta a la banda &quot;Aspen&quot; - OidosSucios.Com\" \/>\n<meta property=\"og:description\" content=\"Macca Records anuncia el estreno de la primera banda nacida bajo su techo. Se trata de &quot;Aspen&quot; y su track introductorio titulado &quot;Ahora Ya&quot;.\" \/>\n<meta property=\"og:url\" content=\"https:\/\/www.oidossucios.com\/site\/macca-records-presenta-a-la-banda-aspen\/\" \/>\n<meta property=\"og:site_name\" content=\"OidosSucios.Com\" \/>\n<meta property=\"article:published_time\" content=\"2013-10-03T06:14:00+00:00\" \/>\n<meta property=\"og:image\" content=\"https:\/\/www.oidossucios.com\/site\/wp-content\/uploads\/2013\/10\/7949.jpg\" \/>\n\t<meta property=\"og:image:width\" content=\"350\" \/>\n\t<meta property=\"og:image:height\" content=\"300\" \/>\n<meta name=\"twitter:card\" content=\"summary_large_image\" \/>\n<meta name=\"twitter:creator\" content=\"@oidossucios\" \/>\n<script type=\"application\/ld+json\" class=\"yoast-schema-graph\">{\"@context\":\"https:\/\/schema.org\",\"@graph\":[{\"@type\":\"WebSite\",\"@id\":\"https:\/\/www.oidossucios.com\/site\/#website\",\"url\":\"https:\/\/www.oidossucios.com\/site\/\",\"name\":\"OidosSucios.Com\",\"description\":\"M\\u00fasica, conciertos, discos\",\"potentialAction\":[{\"@type\":\"SearchAction\",\"target\":\"https:\/\/www.oidossucios.com\/site\/?s={search_term_string}\",\"query-input\":\"required name=search_term_string\"}],\"inLanguage\":\"es\"},{\"@type\":\"ImageObject\",\"@id\":\"https:\/\/www.oidossucios.com\/site\/macca-records-presenta-a-la-banda-aspen\/#primaryimage\",\"inLanguage\":\"es\",\"url\":\"https:\/\/www.oidossucios.com\/site\/wp-content\/uploads\/2013\/10\/7949.jpg\",\"width\":350,\"height\":300},{\"@type\":\"WebPage\",\"@id\":\"https:\/\/www.oidossucios.com\/site\/macca-records-presenta-a-la-banda-aspen\/#webpage\",\"url\":\"https:\/\/www.oidossucios.com\/site\/macca-records-presenta-a-la-banda-aspen\/\",\"name\":\"Macca Records presenta a la banda \\\"Aspen\\\" - OidosSucios.Com\",\"isPartOf\":{\"@id\":\"https:\/\/www.oidossucios.com\/site\/#website\"},\"primaryImageOfPage\":{\"@id\":\"https:\/\/www.oidossucios.com\/site\/macca-records-presenta-a-la-banda-aspen\/#primaryimage\"},\"datePublished\":\"2013-10-03T06:14:00+00:00\",\"dateModified\":\"2013-10-03T06:14:00+00:00\",\"author\":{\"@id\":\"https:\/\/www.oidossucios.com\/site\/#\/schema\/person\/24559eeb76bf83a63296fb072393a688\"},\"description\":\"Macca Records anuncia el estreno de la primera banda nacida bajo su techo. Se trata de \\\"Aspen\\\" y su track introductorio titulado \\\"Ahora Ya\\\".\",\"inLanguage\":\"es\",\"potentialAction\":[{\"@type\":\"ReadAction\",\"target\":[\"https:\/\/www.oidossucios.com\/site\/macca-records-presenta-a-la-banda-aspen\/\"]}]},{\"@type\":[\"Person\"],\"@id\":\"https:\/\/www.oidossucios.com\/site\/#\/schema\/person\/24559eeb76bf83a63296fb072393a688\",\"name\":\"Oidossucios\",\"image\":{\"@type\":\"ImageObject\",\"@id\":\"https:\/\/www.oidossucios.com\/site\/#personlogo\",\"inLanguage\":\"es\",\"url\":\"https:\/\/secure.gravatar.com\/avatar\/74fcb480f42f1a33e50a0b6e6369a3f907be2e43dc84fa5f76c66e9c22b4a5ab?s=96&d=mm&r=g\",\"caption\":\"Oidossucios\"},\"sameAs\":[\"https:\/\/twitter.com\/oidossucios\"]}]}<\/script>\n<!-- \/ Yoast SEO plugin. -->","jetpack_sharing_enabled":true,"_links":{"self":[{"href":"https:\/\/www.oidossucios.com\/site\/wp-json\/wp\/v2\/posts\/7949","targetHints":{"allow":["GET"]}}],"collection":[{"href":"https:\/\/www.oidossucios.com\/site\/wp-json\/wp\/v2\/posts"}],"about":[{"href":"https:\/\/www.oidossucios.com\/site\/wp-json\/wp\/v2\/types\/post"}],"author":[{"embeddable":true,"href":"https:\/\/www.oidossucios.com\/site\/wp-json\/wp\/v2\/users\/4"}],"replies":[{"embeddable":true,"href":"https:\/\/www.oidossucios.com\/site\/wp-json\/wp\/v2\/comments?post=7949"}],"version-history":[{"count":0,"href":"https:\/\/www.oidossucios.com\/site\/wp-json\/wp\/v2\/posts\/7949\/revisions"}],"wp:featuredmedia":[{"embeddable":true,"href":"https:\/\/www.oidossucios.com\/site\/wp-json\/wp\/v2\/media\/100007949"}],"wp:attachment":[{"href":"https:\/\/www.oidossucios.com\/site\/wp-json\/wp\/v2\/media?parent=7949"}],"wp:term":[{"taxonomy":"category","embeddable":true,"href":"https:\/\/www.oidossucios.com\/site\/wp-json\/wp\/v2\/categories?post=7949"},{"taxonomy":"post_tag","embeddable":true,"href":"https:\/\/www.oidossucios.com\/site\/wp-json\/wp\/v2\/tags?post=7949"}],"curies":[{"name":"wp","href":"https:\/\/api.w.org\/{rel}","templated":true}]}}