{"id":797,"date":"2003-06-06T18:04:00","date_gmt":"2003-06-06T18:04:00","guid":{"rendered":"https:\/\/www.oidossucios.com\/site\/2003\/06\/06\/bala-perdida-firma-con-latin-world\/"},"modified":"2003-06-06T18:04:00","modified_gmt":"2003-06-06T18:04:00","slug":"bala-perdida-firma-con-latin-world","status":"publish","type":"post","link":"https:\/\/www.oidossucios.com\/site\/bala-perdida-firma-con-latin-world\/","title":{"rendered":"Bala Perdida firma con Latin World"},"content":{"rendered":"<p>La agrupaci\u00f3n valenciana de ska-punk, Bala Perdida, firm\u00f3 esta semana un contrato con la disquera Latin World para la salida de su primero disco, Alto Calibre, durante el segundo semestre de este a\u00f1o.<\/p>\n<p>Formados en el 2001, Bala Perdida se dej\u00f3 escuchar a principios de este a\u00f1o en varias radios nacionales con el single &#8216;Ay Amor&#8217;, perteneciente a esta producci\u00f3n y el cual continuar\u00e1 con &#8216;Piojo&#8217;, que comenzar\u00e1 a rodar en las pr\u00f3ximas semanas.<\/p>\n<p>&#8216;Alto Calibre&#8217; fue grabado en los estudios TNV Records, en Valencia (Venezuela) y mezclado y masterizado en Buenos Aires (Argentina), bajo la direcci\u00f3n de Eduardo Bergallo y Juanchi  Baleiron , conocidos por sus trabajos con Los Pericos, Soda Stereo y La Mosca.<\/p>\n","protected":false},"excerpt":{"rendered":"<p>La agrupaci\u00f3n valenciana de ska-punk firm\u00f3 esta semana un contrato con la disquera caraque\u00f1a para la salida de su primer disco, Alto Calibre.<\/p>\n","protected":false},"author":4,"featured_media":10000793,"comment_status":"open","ping_status":"open","sticky":false,"template":"","format":"standard","meta":{"_jetpack_memberships_contains_paid_content":false,"footnotes":""},"categories":[250],"tags":[285],"class_list":["post-797","post","type-post","status-publish","format-standard","has-post-thumbnail","hentry","category-noticias","tag-latin-world"],"jetpack_featured_media_url":"https:\/\/www.oidossucios.com\/site\/wp-content\/uploads\/2003\/05\/793.jpg","yoast_head":"<!-- This site is optimized with the Yoast SEO plugin v14.0.4 - https:\/\/yoast.com\/wordpress\/plugins\/seo\/ -->\n<title>Bala Perdida firma con Latin World - OidosSucios.Com<\/title>\n<meta name=\"description\" content=\"La presentaci\u00f3n que la banda finlandesa dar\u00eda en nuestro pa\u00eds el pr\u00f3ximo s\u00e1bado, ha sido cancelada por su productora.\" \/>\n<meta name=\"robots\" content=\"index, follow\" \/>\n<meta name=\"googlebot\" content=\"index, follow, max-snippet:-1, max-image-preview:large, max-video-preview:-1\" \/>\n<meta name=\"bingbot\" content=\"index, follow, max-snippet:-1, max-image-preview:large, max-video-preview:-1\" \/>\n<link rel=\"canonical\" href=\"https:\/\/www.oidossucios.com\/site\/bala-perdida-firma-con-latin-world\/\" \/>\n<meta property=\"og:locale\" content=\"es_ES\" \/>\n<meta property=\"og:type\" content=\"article\" \/>\n<meta property=\"og:title\" content=\"Bala Perdida firma con Latin World - OidosSucios.Com\" \/>\n<meta property=\"og:description\" content=\"La presentaci\u00f3n que la banda finlandesa dar\u00eda en nuestro pa\u00eds el pr\u00f3ximo s\u00e1bado, ha sido cancelada por su productora.\" \/>\n<meta property=\"og:url\" content=\"https:\/\/www.oidossucios.com\/site\/bala-perdida-firma-con-latin-world\/\" \/>\n<meta property=\"og:site_name\" content=\"OidosSucios.Com\" \/>\n<meta property=\"article:published_time\" content=\"2003-06-06T18:04:00+00:00\" \/>\n<meta property=\"og:image\" content=\"https:\/\/www.oidossucios.com\/site\/wp-content\/uploads\/2003\/05\/793.jpg\" \/>\n\t<meta property=\"og:image:width\" content=\"290\" \/>\n\t<meta property=\"og:image:height\" content=\"100\" \/>\n<meta name=\"twitter:card\" content=\"summary_large_image\" \/>\n<meta name=\"twitter:creator\" content=\"@oidossucios\" \/>\n<script type=\"application\/ld+json\" class=\"yoast-schema-graph\">{\"@context\":\"https:\/\/schema.org\",\"@graph\":[{\"@type\":\"WebSite\",\"@id\":\"https:\/\/www.oidossucios.com\/site\/#website\",\"url\":\"https:\/\/www.oidossucios.com\/site\/\",\"name\":\"OidosSucios.Com\",\"description\":\"M\\u00fasica, conciertos, discos\",\"potentialAction\":[{\"@type\":\"SearchAction\",\"target\":\"https:\/\/www.oidossucios.com\/site\/?s={search_term_string}\",\"query-input\":\"required name=search_term_string\"}],\"inLanguage\":\"es\"},{\"@type\":\"ImageObject\",\"@id\":\"https:\/\/www.oidossucios.com\/site\/bala-perdida-firma-con-latin-world\/#primaryimage\",\"inLanguage\":\"es\",\"url\":\"https:\/\/www.oidossucios.com\/site\/wp-content\/uploads\/2003\/05\/793.jpg\",\"width\":290,\"height\":100},{\"@type\":\"WebPage\",\"@id\":\"https:\/\/www.oidossucios.com\/site\/bala-perdida-firma-con-latin-world\/#webpage\",\"url\":\"https:\/\/www.oidossucios.com\/site\/bala-perdida-firma-con-latin-world\/\",\"name\":\"Bala Perdida firma con Latin World - OidosSucios.Com\",\"isPartOf\":{\"@id\":\"https:\/\/www.oidossucios.com\/site\/#website\"},\"primaryImageOfPage\":{\"@id\":\"https:\/\/www.oidossucios.com\/site\/bala-perdida-firma-con-latin-world\/#primaryimage\"},\"datePublished\":\"2003-06-06T18:04:00+00:00\",\"dateModified\":\"2003-06-06T18:04:00+00:00\",\"author\":{\"@id\":\"https:\/\/www.oidossucios.com\/site\/#\/schema\/person\/24559eeb76bf83a63296fb072393a688\"},\"description\":\"La presentaci\\u00f3n que la banda finlandesa dar\\u00eda en nuestro pa\\u00eds el pr\\u00f3ximo s\\u00e1bado, ha sido cancelada por su productora.\",\"inLanguage\":\"es\",\"potentialAction\":[{\"@type\":\"ReadAction\",\"target\":[\"https:\/\/www.oidossucios.com\/site\/bala-perdida-firma-con-latin-world\/\"]}]},{\"@type\":[\"Person\"],\"@id\":\"https:\/\/www.oidossucios.com\/site\/#\/schema\/person\/24559eeb76bf83a63296fb072393a688\",\"name\":\"Oidossucios\",\"image\":{\"@type\":\"ImageObject\",\"@id\":\"https:\/\/www.oidossucios.com\/site\/#personlogo\",\"inLanguage\":\"es\",\"url\":\"https:\/\/secure.gravatar.com\/avatar\/74fcb480f42f1a33e50a0b6e6369a3f907be2e43dc84fa5f76c66e9c22b4a5ab?s=96&d=mm&r=g\",\"caption\":\"Oidossucios\"},\"sameAs\":[\"https:\/\/twitter.com\/oidossucios\"]}]}<\/script>\n<!-- \/ Yoast SEO plugin. -->","jetpack_sharing_enabled":true,"_links":{"self":[{"href":"https:\/\/www.oidossucios.com\/site\/wp-json\/wp\/v2\/posts\/797","targetHints":{"allow":["GET"]}}],"collection":[{"href":"https:\/\/www.oidossucios.com\/site\/wp-json\/wp\/v2\/posts"}],"about":[{"href":"https:\/\/www.oidossucios.com\/site\/wp-json\/wp\/v2\/types\/post"}],"author":[{"embeddable":true,"href":"https:\/\/www.oidossucios.com\/site\/wp-json\/wp\/v2\/users\/4"}],"replies":[{"embeddable":true,"href":"https:\/\/www.oidossucios.com\/site\/wp-json\/wp\/v2\/comments?post=797"}],"version-history":[{"count":0,"href":"https:\/\/www.oidossucios.com\/site\/wp-json\/wp\/v2\/posts\/797\/revisions"}],"wp:featuredmedia":[{"embeddable":true,"href":"https:\/\/www.oidossucios.com\/site\/wp-json\/wp\/v2\/media\/10000793"}],"wp:attachment":[{"href":"https:\/\/www.oidossucios.com\/site\/wp-json\/wp\/v2\/media?parent=797"}],"wp:term":[{"taxonomy":"category","embeddable":true,"href":"https:\/\/www.oidossucios.com\/site\/wp-json\/wp\/v2\/categories?post=797"},{"taxonomy":"post_tag","embeddable":true,"href":"https:\/\/www.oidossucios.com\/site\/wp-json\/wp\/v2\/tags?post=797"}],"curies":[{"name":"wp","href":"https:\/\/api.w.org\/{rel}","templated":true}]}}