{"id":7979,"date":"2013-10-09T05:08:00","date_gmt":"2013-10-09T05:08:00","guid":{"rendered":"https:\/\/www.oidossucios.com\/site\/2013\/10\/09\/la-banda-espanola-delorean-es-secuestrada-en-mexico\/"},"modified":"2013-10-09T05:08:00","modified_gmt":"2013-10-09T05:08:00","slug":"la-banda-espanola-delorean-es-secuestrada-en-mexico","status":"publish","type":"post","link":"https:\/\/www.oidossucios.com\/site\/la-banda-espanola-delorean-es-secuestrada-en-mexico\/","title":{"rendered":"La banda espa\u00f1ola Delorean es secuestrada en M\u00e9xico"},"content":{"rendered":"<p>Por <\/p>\n<p>Fuente: www.rollingstone.es<\/p>\n<p>Los integrantes del grupo Delorean han sido liberados, tras ser v\u00edctimas de un secuestro virtual de 48 horas en Ciudad de M\u00e9xico. &#8220;Se trata de un secuestro donde no hay violencia. Hay enga\u00f1o&#8221;, explican desde la Polic\u00eda Nacional a Rolling Stone. &#8220;Los secuestradores se hacen pasar por la polic\u00eda, les dicen que en su hotel est\u00e1 habiendo un tiroteo y les llevan a otro hotel. Ah\u00ed es cuando el grupo descubre que est\u00e1 siendo secuestrado. Les requisan los m\u00f3viles, y los mantienen incomunicados en una habitaci\u00f3n. Creemos que \u00e9ste ha sido el caso del grupo&#8221;, contin\u00faan.<\/p>\n<p>Ekhi Lopetegi (voz y bajo), Unai Lazcano (teclados) Guillermo Astrain (guitarra), e Igor Escudero (bater\u00eda) se encontraban en M\u00e9xico de gira y seg\u00fan informa El Pa\u00eds, fueron vistos por \u00faltima vez el domingo por la ma\u00f1ana.<\/p>\n<p>Este lunes, los familiares del grupo de Zarautz presentaron una demanda en la Ertzaintza, tras recibir una llamada de un desconocido que aseguraba tenerlos &#8220;agarrados&#8221;. Desde entonces tres inspectores del Cuerpo Nacional de Polic\u00eda se desplazaron a Guipuzkoa para cooperar en una investigaci\u00f3n coordinada por la Unidad de Delincuencia Especializada y Violenta (UDEV), en la que tambi\u00e9n han participado la polic\u00eda mexicana y la Ertzaintza.<\/p>\n<p>Aunque no hay informaci\u00f3n oficial de la ubicaci\u00f3n de los m\u00fasicos, desde la Polic\u00eda Nacional apuntan que podr\u00edan encontrarse en otro hotel o en dependencias policiales. Los tres inspectores encargados del caso viajan a M\u00e9xico para continuar con las pesquisas. Se espera que a lo largo de la tarde haya m\u00e1s noticias.<![endif]--><!--[if gte mso 10]> <\/style>\n\n <![endif]--><!--[if gte mso 9]><xml>  <o:OfficeDocumentSettings>   <o:AllowPNG\/>  <\/o:OfficeDocumentSettings> <\/xml><![endif]--><![endif]--><!--[if gte mso 10]> <\/style>\n\n <![endif]--><\/p>\n","protected":false},"excerpt":{"rendered":"<p>A\u00fan no se ha hecho p\u00fablico el paradero de los m\u00fasicos. Tres inspectores viajan a M\u00e9xico para continuar la investigaci\u00f3n. <\/p>\n","protected":false},"author":4,"featured_media":100007979,"comment_status":"open","ping_status":"open","sticky":false,"template":"","format":"standard","meta":{"_jetpack_memberships_contains_paid_content":false,"footnotes":""},"categories":[685],"tags":[],"class_list":["post-7979","post","type-post","status-publish","format-standard","has-post-thumbnail","hentry","category-ultima"],"jetpack_featured_media_url":"https:\/\/www.oidossucios.com\/site\/wp-content\/uploads\/2013\/10\/7979.jpg","yoast_head":"<!-- This site is optimized with the Yoast SEO plugin v14.0.4 - https:\/\/yoast.com\/wordpress\/plugins\/seo\/ -->\n<title>La banda espa\u00f1ola Delorean es secuestrada en M\u00e9xico - OidosSucios.Com<\/title>\n<meta name=\"description\" content=\"A\u00fan no se ha hecho p\u00fablico el paradero de los m\u00fasicos. Tres inspectores viajan a M\u00e9xico para continuar la investigaci\u00f3n.\" \/>\n<meta name=\"robots\" content=\"index, follow\" \/>\n<meta name=\"googlebot\" content=\"index, follow, max-snippet:-1, max-image-preview:large, max-video-preview:-1\" \/>\n<meta name=\"bingbot\" content=\"index, follow, max-snippet:-1, max-image-preview:large, max-video-preview:-1\" \/>\n<link rel=\"canonical\" href=\"https:\/\/www.oidossucios.com\/site\/la-banda-espanola-delorean-es-secuestrada-en-mexico\/\" \/>\n<meta property=\"og:locale\" content=\"es_ES\" \/>\n<meta property=\"og:type\" content=\"article\" \/>\n<meta property=\"og:title\" content=\"La banda espa\u00f1ola Delorean es secuestrada en M\u00e9xico - OidosSucios.Com\" \/>\n<meta property=\"og:description\" content=\"A\u00fan no se ha hecho p\u00fablico el paradero de los m\u00fasicos. Tres inspectores viajan a M\u00e9xico para continuar la investigaci\u00f3n.\" \/>\n<meta property=\"og:url\" content=\"https:\/\/www.oidossucios.com\/site\/la-banda-espanola-delorean-es-secuestrada-en-mexico\/\" \/>\n<meta property=\"og:site_name\" content=\"OidosSucios.Com\" \/>\n<meta property=\"article:published_time\" content=\"2013-10-09T05:08:00+00:00\" \/>\n<meta property=\"og:image\" content=\"https:\/\/www.oidossucios.com\/site\/wp-content\/uploads\/2013\/10\/7979.jpg\" \/>\n\t<meta property=\"og:image:width\" content=\"350\" \/>\n\t<meta property=\"og:image:height\" content=\"300\" \/>\n<meta name=\"twitter:card\" content=\"summary_large_image\" \/>\n<meta name=\"twitter:creator\" content=\"@oidossucios\" \/>\n<script type=\"application\/ld+json\" class=\"yoast-schema-graph\">{\"@context\":\"https:\/\/schema.org\",\"@graph\":[{\"@type\":\"WebSite\",\"@id\":\"https:\/\/www.oidossucios.com\/site\/#website\",\"url\":\"https:\/\/www.oidossucios.com\/site\/\",\"name\":\"OidosSucios.Com\",\"description\":\"M\\u00fasica, conciertos, discos\",\"potentialAction\":[{\"@type\":\"SearchAction\",\"target\":\"https:\/\/www.oidossucios.com\/site\/?s={search_term_string}\",\"query-input\":\"required name=search_term_string\"}],\"inLanguage\":\"es\"},{\"@type\":\"ImageObject\",\"@id\":\"https:\/\/www.oidossucios.com\/site\/la-banda-espanola-delorean-es-secuestrada-en-mexico\/#primaryimage\",\"inLanguage\":\"es\",\"url\":\"https:\/\/www.oidossucios.com\/site\/wp-content\/uploads\/2013\/10\/7979.jpg\",\"width\":350,\"height\":300},{\"@type\":\"WebPage\",\"@id\":\"https:\/\/www.oidossucios.com\/site\/la-banda-espanola-delorean-es-secuestrada-en-mexico\/#webpage\",\"url\":\"https:\/\/www.oidossucios.com\/site\/la-banda-espanola-delorean-es-secuestrada-en-mexico\/\",\"name\":\"La banda espa\\u00f1ola Delorean es secuestrada en M\\u00e9xico - OidosSucios.Com\",\"isPartOf\":{\"@id\":\"https:\/\/www.oidossucios.com\/site\/#website\"},\"primaryImageOfPage\":{\"@id\":\"https:\/\/www.oidossucios.com\/site\/la-banda-espanola-delorean-es-secuestrada-en-mexico\/#primaryimage\"},\"datePublished\":\"2013-10-09T05:08:00+00:00\",\"dateModified\":\"2013-10-09T05:08:00+00:00\",\"author\":{\"@id\":\"https:\/\/www.oidossucios.com\/site\/#\/schema\/person\/24559eeb76bf83a63296fb072393a688\"},\"description\":\"A\\u00fan no se ha hecho p\\u00fablico el paradero de los m\\u00fasicos. Tres inspectores viajan a M\\u00e9xico para continuar la investigaci\\u00f3n.\",\"inLanguage\":\"es\",\"potentialAction\":[{\"@type\":\"ReadAction\",\"target\":[\"https:\/\/www.oidossucios.com\/site\/la-banda-espanola-delorean-es-secuestrada-en-mexico\/\"]}]},{\"@type\":[\"Person\"],\"@id\":\"https:\/\/www.oidossucios.com\/site\/#\/schema\/person\/24559eeb76bf83a63296fb072393a688\",\"name\":\"Oidossucios\",\"image\":{\"@type\":\"ImageObject\",\"@id\":\"https:\/\/www.oidossucios.com\/site\/#personlogo\",\"inLanguage\":\"es\",\"url\":\"https:\/\/secure.gravatar.com\/avatar\/74fcb480f42f1a33e50a0b6e6369a3f907be2e43dc84fa5f76c66e9c22b4a5ab?s=96&d=mm&r=g\",\"caption\":\"Oidossucios\"},\"sameAs\":[\"https:\/\/twitter.com\/oidossucios\"]}]}<\/script>\n<!-- \/ Yoast SEO plugin. -->","jetpack_sharing_enabled":true,"_links":{"self":[{"href":"https:\/\/www.oidossucios.com\/site\/wp-json\/wp\/v2\/posts\/7979","targetHints":{"allow":["GET"]}}],"collection":[{"href":"https:\/\/www.oidossucios.com\/site\/wp-json\/wp\/v2\/posts"}],"about":[{"href":"https:\/\/www.oidossucios.com\/site\/wp-json\/wp\/v2\/types\/post"}],"author":[{"embeddable":true,"href":"https:\/\/www.oidossucios.com\/site\/wp-json\/wp\/v2\/users\/4"}],"replies":[{"embeddable":true,"href":"https:\/\/www.oidossucios.com\/site\/wp-json\/wp\/v2\/comments?post=7979"}],"version-history":[{"count":0,"href":"https:\/\/www.oidossucios.com\/site\/wp-json\/wp\/v2\/posts\/7979\/revisions"}],"wp:featuredmedia":[{"embeddable":true,"href":"https:\/\/www.oidossucios.com\/site\/wp-json\/wp\/v2\/media\/100007979"}],"wp:attachment":[{"href":"https:\/\/www.oidossucios.com\/site\/wp-json\/wp\/v2\/media?parent=7979"}],"wp:term":[{"taxonomy":"category","embeddable":true,"href":"https:\/\/www.oidossucios.com\/site\/wp-json\/wp\/v2\/categories?post=7979"},{"taxonomy":"post_tag","embeddable":true,"href":"https:\/\/www.oidossucios.com\/site\/wp-json\/wp\/v2\/tags?post=7979"}],"curies":[{"name":"wp","href":"https:\/\/api.w.org\/{rel}","templated":true}]}}