{"id":798,"date":"2003-06-09T21:22:00","date_gmt":"2003-06-09T21:22:00","guid":{"rendered":"https:\/\/www.oidossucios.com\/site\/2003\/06\/09\/cerati-tocara-este-jueves-en-caracas\/"},"modified":"2003-06-09T21:22:00","modified_gmt":"2003-06-09T21:22:00","slug":"cerati-tocara-este-jueves-en-caracas","status":"publish","type":"post","link":"https:\/\/www.oidossucios.com\/site\/cerati-tocara-este-jueves-en-caracas\/","title":{"rendered":"Cerati tocar\u00e1 este jueves en Caracas"},"content":{"rendered":"<p>El ex &#8211; Soda Stereo Gustavo Cerati lleg\u00f3 anoche a Caracas procedente de Colombia, donde estuvo realizando diversas presentaciones la semana pasada como parte de promoci\u00f3n de su m\u00e1s reciente placa &#8216;Siempre es hoy&#8217;.<\/p>\n<p>Cerati se encuentra actualmente vacionando en las playas de Morrocoy, balneario que el argentino no deja de visitar cada vez que viene a nuestro pa\u00eds y que incluso, registr\u00f3 las unicas escenas de relax del famoso documental transmitido por HBO hace varios a\u00f1os con motivo de la separaci\u00f3n de Soda Stereo.<\/p>\n<p>Gustavo regresar\u00e1 a Caracas el pr\u00f3ximo jueves para dar una presentaci\u00f3n especial en una fiesta privada de una conocida marca de whisky, a la cual solo se podr\u00e1 acceder con la respectiva invitaci\u00f3n.<\/p>\n","protected":false},"excerpt":{"rendered":"<p>El ex &#8211; Soda Stereo Gustavo Cerati lleg\u00f3 anoche a nuestro pa\u00eds, y adem\u00e1s de tomarse unas vacaciones, estar\u00e1 present\u00e1ndose este jueves en una fiesta privada.<\/p>\n","protected":false},"author":4,"featured_media":10000798,"comment_status":"open","ping_status":"open","sticky":false,"template":"","format":"standard","meta":{"_jetpack_memberships_contains_paid_content":false,"footnotes":""},"categories":[250],"tags":[239],"class_list":["post-798","post","type-post","status-publish","format-standard","has-post-thumbnail","hentry","category-noticias","tag-cerati"],"jetpack_featured_media_url":"https:\/\/www.oidossucios.com\/site\/wp-content\/uploads\/2003\/06\/798.jpg","yoast_head":"<!-- This site is optimized with the Yoast SEO plugin v14.0.4 - https:\/\/yoast.com\/wordpress\/plugins\/seo\/ -->\n<title>Cerati tocar\u00e1 este jueves en Caracas - OidosSucios.Com<\/title>\n<meta name=\"description\" content=\"La Fundaci\u00f3n Nuevas Bandas anunci\u00f3 las fechas y bandas participantes del Circuito Nuevas Bandas en Caracas y el interior del pa\u00eds. Extraoficialmente, pudimos conocer que ya ha sido tomada la decisi\u00f3n de aplazar el Festival Nuevas Bandas para el mes de octubre.\" \/>\n<meta name=\"robots\" content=\"index, follow\" \/>\n<meta name=\"googlebot\" content=\"index, follow, max-snippet:-1, max-image-preview:large, max-video-preview:-1\" \/>\n<meta name=\"bingbot\" content=\"index, follow, max-snippet:-1, max-image-preview:large, max-video-preview:-1\" \/>\n<link rel=\"canonical\" href=\"https:\/\/www.oidossucios.com\/site\/cerati-tocara-este-jueves-en-caracas\/\" \/>\n<meta property=\"og:locale\" content=\"es_ES\" \/>\n<meta property=\"og:type\" content=\"article\" \/>\n<meta property=\"og:title\" content=\"Cerati tocar\u00e1 este jueves en Caracas - OidosSucios.Com\" \/>\n<meta property=\"og:description\" content=\"La Fundaci\u00f3n Nuevas Bandas anunci\u00f3 las fechas y bandas participantes del Circuito Nuevas Bandas en Caracas y el interior del pa\u00eds. Extraoficialmente, pudimos conocer que ya ha sido tomada la decisi\u00f3n de aplazar el Festival Nuevas Bandas para el mes de octubre.\" \/>\n<meta property=\"og:url\" content=\"https:\/\/www.oidossucios.com\/site\/cerati-tocara-este-jueves-en-caracas\/\" \/>\n<meta property=\"og:site_name\" content=\"OidosSucios.Com\" \/>\n<meta property=\"article:published_time\" content=\"2003-06-09T21:22:00+00:00\" \/>\n<meta property=\"og:image\" content=\"https:\/\/www.oidossucios.com\/site\/wp-content\/uploads\/2003\/06\/798.jpg\" \/>\n\t<meta property=\"og:image:width\" content=\"290\" \/>\n\t<meta property=\"og:image:height\" content=\"100\" \/>\n<meta name=\"twitter:card\" content=\"summary_large_image\" \/>\n<meta name=\"twitter:creator\" content=\"@oidossucios\" \/>\n<script type=\"application\/ld+json\" class=\"yoast-schema-graph\">{\"@context\":\"https:\/\/schema.org\",\"@graph\":[{\"@type\":\"WebSite\",\"@id\":\"https:\/\/www.oidossucios.com\/site\/#website\",\"url\":\"https:\/\/www.oidossucios.com\/site\/\",\"name\":\"OidosSucios.Com\",\"description\":\"M\\u00fasica, conciertos, discos\",\"potentialAction\":[{\"@type\":\"SearchAction\",\"target\":\"https:\/\/www.oidossucios.com\/site\/?s={search_term_string}\",\"query-input\":\"required name=search_term_string\"}],\"inLanguage\":\"es\"},{\"@type\":\"ImageObject\",\"@id\":\"https:\/\/www.oidossucios.com\/site\/cerati-tocara-este-jueves-en-caracas\/#primaryimage\",\"inLanguage\":\"es\",\"url\":\"https:\/\/www.oidossucios.com\/site\/wp-content\/uploads\/2003\/06\/798.jpg\",\"width\":290,\"height\":100},{\"@type\":\"WebPage\",\"@id\":\"https:\/\/www.oidossucios.com\/site\/cerati-tocara-este-jueves-en-caracas\/#webpage\",\"url\":\"https:\/\/www.oidossucios.com\/site\/cerati-tocara-este-jueves-en-caracas\/\",\"name\":\"Cerati tocar\\u00e1 este jueves en Caracas - OidosSucios.Com\",\"isPartOf\":{\"@id\":\"https:\/\/www.oidossucios.com\/site\/#website\"},\"primaryImageOfPage\":{\"@id\":\"https:\/\/www.oidossucios.com\/site\/cerati-tocara-este-jueves-en-caracas\/#primaryimage\"},\"datePublished\":\"2003-06-09T21:22:00+00:00\",\"dateModified\":\"2003-06-09T21:22:00+00:00\",\"author\":{\"@id\":\"https:\/\/www.oidossucios.com\/site\/#\/schema\/person\/24559eeb76bf83a63296fb072393a688\"},\"description\":\"La Fundaci\\u00f3n Nuevas Bandas anunci\\u00f3 las fechas y bandas participantes del Circuito Nuevas Bandas en Caracas y el interior del pa\\u00eds. Extraoficialmente, pudimos conocer que ya ha sido tomada la decisi\\u00f3n de aplazar el Festival Nuevas Bandas para el mes de octubre.\",\"inLanguage\":\"es\",\"potentialAction\":[{\"@type\":\"ReadAction\",\"target\":[\"https:\/\/www.oidossucios.com\/site\/cerati-tocara-este-jueves-en-caracas\/\"]}]},{\"@type\":[\"Person\"],\"@id\":\"https:\/\/www.oidossucios.com\/site\/#\/schema\/person\/24559eeb76bf83a63296fb072393a688\",\"name\":\"Oidossucios\",\"image\":{\"@type\":\"ImageObject\",\"@id\":\"https:\/\/www.oidossucios.com\/site\/#personlogo\",\"inLanguage\":\"es\",\"url\":\"https:\/\/secure.gravatar.com\/avatar\/74fcb480f42f1a33e50a0b6e6369a3f907be2e43dc84fa5f76c66e9c22b4a5ab?s=96&d=mm&r=g\",\"caption\":\"Oidossucios\"},\"sameAs\":[\"https:\/\/twitter.com\/oidossucios\"]}]}<\/script>\n<!-- \/ Yoast SEO plugin. -->","jetpack_sharing_enabled":true,"_links":{"self":[{"href":"https:\/\/www.oidossucios.com\/site\/wp-json\/wp\/v2\/posts\/798","targetHints":{"allow":["GET"]}}],"collection":[{"href":"https:\/\/www.oidossucios.com\/site\/wp-json\/wp\/v2\/posts"}],"about":[{"href":"https:\/\/www.oidossucios.com\/site\/wp-json\/wp\/v2\/types\/post"}],"author":[{"embeddable":true,"href":"https:\/\/www.oidossucios.com\/site\/wp-json\/wp\/v2\/users\/4"}],"replies":[{"embeddable":true,"href":"https:\/\/www.oidossucios.com\/site\/wp-json\/wp\/v2\/comments?post=798"}],"version-history":[{"count":0,"href":"https:\/\/www.oidossucios.com\/site\/wp-json\/wp\/v2\/posts\/798\/revisions"}],"wp:featuredmedia":[{"embeddable":true,"href":"https:\/\/www.oidossucios.com\/site\/wp-json\/wp\/v2\/media\/10000798"}],"wp:attachment":[{"href":"https:\/\/www.oidossucios.com\/site\/wp-json\/wp\/v2\/media?parent=798"}],"wp:term":[{"taxonomy":"category","embeddable":true,"href":"https:\/\/www.oidossucios.com\/site\/wp-json\/wp\/v2\/categories?post=798"},{"taxonomy":"post_tag","embeddable":true,"href":"https:\/\/www.oidossucios.com\/site\/wp-json\/wp\/v2\/tags?post=798"}],"curies":[{"name":"wp","href":"https:\/\/api.w.org\/{rel}","templated":true}]}}